{"id":9514,"date":"2020-01-23T09:01:43","date_gmt":"2020-01-23T09:01:43","guid":{"rendered":"https:\/\/gazetaregionalna.com\/?p=9514"},"modified":"2020-01-23T09:01:46","modified_gmt":"2020-01-23T09:01:46","slug":"dzisiaj-dzien-bez-opakowan-foliowych","status":"publish","type":"post","link":"https:\/\/gazetaregionalna.com\/2020\/01\/23\/dzisiaj-dzien-bez-opakowan-foliowych\/","title":{"rendered":"Dzisiaj dzie\u0144 bez opakowa\u0144 foliowych"},"content":{"rendered":"\n<p>Na ca\u0142ym \u015bwiecie produkowane s\u0105 gigantyczne ilo\u015bci odpad\u00f3w. Powstaj\u0105ce ka\u017cdego roku wyroby z tworzyw sztucznych mo\u017cna liczy\u0107 w milionach ton. Szczeg\u00f3lnie du\u017co wytwarzanych jest tzw. jednoraz\u00f3wek, kt\u00f3re dodatkowo nie zawsze trafiaj\u0105 do recyklingu. Przypadaj\u0105cy 23 stycznia \u201eDzie\u0144 bez opakowa\u0144 foliowych\u201d to dobry moment, by samu zacz\u0105\u0107 ogranicza\u0107 zu\u017cycie materia\u0142\u00f3w rozk\u0142adaj\u0105cych si\u0119 przez setki lat.<br>\nDzi\u0119ki niskim kosztom produkcji oraz wygodzie u\u017cytkowania, r\u00f3\u017cnego rodzaju opakowania z tworzyw sztucznych zyska\u0142y bardzo du\u017c\u0105 popularno\u015b\u0107 na ca\u0142ym \u015bwiecie. Jak wynika z raportu Organizacji Narod\u00f3w Zjednoczonych, ka\u017cdego roku wytwarza si\u0119 400 milion\u00f3w ton plastiku. 36 proc. przypada na opakowania jednorazowe, w tym foliowe. Szacowana liczba zu\u017cywanych rocznie toreb plastikowych, tylko w samej Unii Europejskiej, wynosi 100 miliard\u00f3w. Oznacza to, \u017ce przeci\u0119tny Europejczyk w ci\u0105gu 12 miesi\u0119cy wykorzystuje a\u017c 200 \u201ejednoraz\u00f3wek\u201d. <br>\nRealne zagro\u017cenie dla naszej planety<br>\nWed\u0142ug szacunk\u00f3w, jedna torba foliowa rozk\u0142ada si\u0119 przez 500 lat. Bior\u0105c pod uwag\u0119, jak wiele takich opakowa\u0144 jest produkowanych, a tak\u017ce fakt, \u017ce \u201ereklam\u00f3wk\u0119\u201d u\u017cytkuje si\u0119 \u015brednio przez nie wi\u0119cej ni\u017c 30 minut, mo\u017cna zauwa\u017cy\u0107, \u017ce skala wytwarzanych w ten spos\u00f3b odpad\u00f3w jest ogromna. \u2013 Tylko niewielka cz\u0119\u015b\u0107 produkt\u00f3w z tworzyw sztucznych, w tym \u201efoli\u00f3wek\u201d, jest poddawana recyklingowi. W Unii Europejskiej ponownie wykorzystuje si\u0119 ok. 30 proc. odpad\u00f3w z plastiku. Reszta trafia do spalarni (39 proc.) lub na sk\u0142adowiska (31 proc.) \u2013 m\u00f3wi Rados\u0142aw \u017buk, prezes zarz\u0105du Fundacji BO\u015a. <br>\nProblemy zwi\u0105zane z oficjaln\u0105 utylizacj\u0105 to niejedyny k\u0142opot zwi\u0105zany z produktami wykonanymi z tworzyw sztucznych. Zdarza si\u0119, \u017ce odpady nie trafiaj\u0105 do specjalistycznych zak\u0142ad\u00f3w, takich jak spalarnie i sk\u0142adowiska. Tylko w Polsce, na koniec 2018 roku, istnia\u0142o 1607 \u201edzikich\u201d wysypisk, przy czym w ci\u0105gu 12 miesi\u0119cy jego trwania zlikwidowano 10,5 tys. tego typu miejsc. To oznacza, \u017ce sk\u0142adowane w nieodpowiedni spos\u00f3b odpady tworzyw sztucznych i innych mog\u0105 w negatywny spos\u00f3b oddzia\u0142ywa\u0107 na \u015brodowisko naturalne przez setki lat. \u015amieci nadal wywo\u017cone s\u0105 m.in. do las\u00f3w, gdzie zanieczyszczaj\u0105 gleb\u0119. Z kolei na \u015bwiecie cz\u0119\u015b\u0107 plastiku trafia do ocean\u00f3w, stanowi\u0105c zagro\u017cenie dla zwierz\u0105t \u2013 np. \u017c\u00f3\u0142wie spo\u017cywaj\u0105 \u201efoli\u00f3wki\u201d, myl\u0105c je z meduzami, a uwi\u0119zione w torbach ryby umieraj\u0105 w m\u0119czarniach.  Takie opakowanie znaleziono nawet w najg\u0142\u0119bszym miejscu na Ziemi \u2013 na dnie Rowu Maria\u0144skiego.<br>\nJak zmniejszy\u0107 liczb\u0119 \u201ejednoraz\u00f3wek\u201d?<br>\nDzia\u0142ania zmierzaj\u0105ce do ograniczenia konsumpcji opakowa\u0144 foliowych s\u0105 podejmowane w wielu cz\u0119\u015bciach \u015bwiata. W zgodzie z unijn\u0105 dyrektyw\u0105, odnosz\u0105c\u0105 si\u0119 do zmniejszenia zu\u017cycia lekkich plastikowych toreb na zakupy, w Polsce wprowadzono obowi\u0105zkowe op\u0142aty za tego typu produkty. Bezp\u0142atne pozostaj\u0105 tylko tzw. zrywki, czyli najcie\u0144sze \u201efoli\u00f3wki\u201d, przeznaczone do pakowania pieczywa, warzyw czy owoc\u00f3w. <br>\nJak podkre\u015bla Rados\u0142aw \u017buk, wiele zale\u017cy r\u00f3wnie\u017c od nas samych. \u2013 Powinni\u015bmy nie tylko u\u017cywa\u0107 jak najmniejszej liczby toreb z tworzyw sztucznych w codziennym \u017cyciu, zast\u0119puj\u0105c je np. papierowymi, ale tak\u017ce w og\u00f3le rezygnowa\u0107 z plastiku na rzecz innych, bardziej przyjaznych \u015brodowisku produkt\u00f3w. Rozwi\u0105zaniem mo\u017ce by\u0107 te\u017c wykorzystywanie opakowa\u0144 wielokrotnego u\u017cytku, zamiast \u201ejednoraz\u00f3wek\u201d. Niezwykle istotnym elementem jest r\u00f3wnie\u017c odpowiednia segregacja odpad\u00f3w, tak by jak najwi\u0119cej surowc\u00f3w, zw\u0142aszcza tych rozk\u0142adaj\u0105cych si\u0119 przez wiele lat, mog\u0142o by\u0107 przetwarzanych \u2013 t\u0142umaczy prezes Fundacji BO\u015a. <\/p>\n","protected":false},"excerpt":{"rendered":"<p>Na ca\u0142ym \u015bwiecie produkowane s\u0105 gigantyczne ilo\u015bci odpad\u00f3w. Powstaj\u0105ce ka\u017cdego roku wyroby z tworzyw sztucznych mo\u017cna liczy\u0107 w milionach ton. Szczeg\u00f3lnie du\u017co wytwarzanych jest<\/p>\n","protected":false},"author":7,"featured_media":0,"comment_status":"open","ping_status":"open","sticky":false,"template":"","format":"standard","meta":{"_monsterinsights_skip_tracking":false,"_monsterinsights_sitenote_active":false,"_monsterinsights_sitenote_note":"","_monsterinsights_sitenote_category":0,"_uf_show_specific_survey":0,"_uf_disable_surveys":false,"footnotes":""},"categories":[3,41,29,94,2],"tags":[],"class_list":["post-9514","post","type-post","status-publish","format-standard","hentry","category-czestochowa-informacje","category-edukacja","category-ekologia","category-polecane","category-wiadomosci"],"_links":{"self":[{"href":"https:\/\/gazetaregionalna.com\/wp-json\/wp\/v2\/posts\/9514","targetHints":{"allow":["GET"]}}],"collection":[{"href":"https:\/\/gazetaregionalna.com\/wp-json\/wp\/v2\/posts"}],"about":[{"href":"https:\/\/gazetaregionalna.com\/wp-json\/wp\/v2\/types\/post"}],"author":[{"embeddable":true,"href":"https:\/\/gazetaregionalna.com\/wp-json\/wp\/v2\/users\/7"}],"replies":[{"embeddable":true,"href":"https:\/\/gazetaregionalna.com\/wp-json\/wp\/v2\/comments?post=9514"}],"version-history":[{"count":1,"href":"https:\/\/gazetaregionalna.com\/wp-json\/wp\/v2\/posts\/9514\/revisions"}],"predecessor-version":[{"id":9516,"href":"https:\/\/gazetaregionalna.com\/wp-json\/wp\/v2\/posts\/9514\/revisions\/9516"}],"wp:attachment":[{"href":"https:\/\/gazetaregionalna.com\/wp-json\/wp\/v2\/media?parent=9514"}],"wp:term":[{"taxonomy":"category","embeddable":true,"href":"https:\/\/gazetaregionalna.com\/wp-json\/wp\/v2\/categories?post=9514"},{"taxonomy":"post_tag","embeddable":true,"href":"https:\/\/gazetaregionalna.com\/wp-json\/wp\/v2\/tags?post=9514"}],"curies":[{"name":"wp","href":"https:\/\/api.w.org\/{rel}","templated":true}]}}