{"id":94731,"date":"2022-10-12T04:15:59","date_gmt":"2022-10-12T04:15:59","guid":{"rendered":"https:\/\/gazetaregionalna.com\/?p=94731"},"modified":"2022-10-12T04:18:58","modified_gmt":"2022-10-12T04:18:58","slug":"radomsko-3x-rozewicz-nowa-odslona-festiwalu","status":"publish","type":"post","link":"https:\/\/gazetaregionalna.com\/?p=94731","title":{"rendered":"Radomsko &#8211; \u201e3x R\u00f3\u017cewicz\u201d. Nowa ods\u0142ona festiwalu"},"content":{"rendered":"\n<h2 class=\"wp-block-heading\">\u201e3x R\u00f3\u017cewicz\u201d to nowe has\u0142o festiwalu r\u00f3\u017cewiczowskiego, kt\u00f3ry co roku odbywa si\u0119 w Radomsku. Fina\u0142 zaplanowano na ostatni weekend listopada.<\/h2>\n\n\n\n<p>Dotychczasowa nazwa festiwalu to \u201eR\u00f3\u017cewicz Open Festiwal\u201d. W tym roku mo\u017cemy spodziewa\u0107 si\u0119 nowej ods\u0142ony wydarzenia, kt\u00f3rego fina\u0142 odb\u0119dzie si\u0119 w ostatni weekend listopada.<\/p>\n\n\n\n<p>\u201e3xR\u00f3\u017cewicz\u201d to nowa nazwa, zmienione logo i termin. To r\u00f3wnie\u017c inne warunki festiwalowe poniewa\u017c trwa remont sali widowiskowej w Miejskim Domu Kultury w Radomsku.<\/p>\n\n\n\n<p>Na konferencji prasowej, kt\u00f3ra odby\u0142a si\u0119 10 pa\u017adziernika przedstawiono zarys programu festiwalu oraz tegorocznych go\u015bci.<\/p>\n\n\n\n<p>Obecna sytuacja spowodowa\u0142a, \u017ce wydarzenie b\u0119dzie mia\u0142o bardziej kameralny charakter. Zaplanowano m.in. monodram \u201eR\u00f3\u017cewiczogranie\u201d, w kt\u00f3rym publiczno\u015b\u0107 spotka si\u0119 z Wies\u0142awem Komas\u0105. Odb\u0119dzie si\u0119 panel dyskusyjny wok\u00f3\u0142 ksi\u0105\u017cki \u201eR\u00f3\u017cewicz. Dekonstrukcja\u201d, kt\u00f3ry poprowadzi autorka ksi\u0105\u017cki Magdalena Grochowska. Z kolei re\u017cyser Andrzej Sapija opowie o swojej najnowsze ksi\u0105\u017cce \u201eCo pan widzi? R\u00f3\u017cewicz filmowy\u201d.<\/p>\n\n\n\n<p>Ca\u0142o\u015b\u0107 zako\u0144czy widowisko s\u0142owno-muzyczne \u201ePewnego razu\u201d. To dzie\u0142o rodzimych tw\u00f3rc\u00f3w, kt\u00f3rzy w ten spos\u00f3b chcieli odda\u0107 ho\u0142d braciom R\u00f3\u017cewiczom.<\/p>\n\n\n\n<p>Festiwal, kt\u00f3ry od 2009 roku odbywa si\u0119 w Radomsku, jest jedynym w Polsce wydarzeniem skupionym na \u017cyciu i tw\u00f3rczo\u015bci Janusza, Tadeusza i Stanis\u0142awa R\u00f3\u017cewicz\u00f3w.<\/p>\n\n\n\n<p>Radomsko to miejsce wyj\u0105tkowe dla Braci R\u00f3\u017cewicz\u00f3w poniewa\u017c w\u0142a\u015bnie w tym mie\u015bcie sp\u0119dzili dzieci\u0144stwo, w nim dojrzewali, chodzili do szko\u0142y i mieszkali do czasu wojny.<\/p>\n\n\n\n<p>Festiwal od lat przyci\u0105ga wielbicieli tw\u00f3rczo\u015bci rodze\u0144stwa R\u00f3\u017cewicz\u00f3w. Widzowie uczestnicz\u0105 w spektaklach, projekcjach film\u00f3w, warsztatach i konkursach.<\/p>\n\n\n\n<p>Konferencja prasowa, kt\u00f3ra odby\u0142a si\u0119 w poniedzia\u0142ek w Miejskim Domu Kultury w Radomsku sta\u0142a si\u0119 r\u00f3wnie\u017c okazj\u0105 do og\u0142oszenie laureata XIII Og\u00f3lnopolskiego Konkursu im Janusza R\u00f3\u017cewicza. Nagrod\u0105 jest wydanie debiutanckiego tomiku wierszy, a otrzyma\u0142 j\u0105 autor o godle DrumGullion, czyli Andrzej Piotr Kmiecik, na co dzie\u0144 mieszkaj\u0105cy w Irlandii P\u00f3\u0142nocnej.<\/p>\n\n\n\n<p>Festiwal \u201e3 x R\u00f3\u017cewicz\u201d dofinansowany jest z bud\u017cetu pa\u0144stwa &#8211; ze \u015brodk\u00f3w Ministra Kultury i Dziedzictwa Narodowego, a jego wsp\u00f3\u0142organizatorem jest Miasto Radomsko.<\/p>\n\n\n\n<p>Pozostaje tylko wypatrywa\u0107 szczeg\u00f3\u0142owego programu, ale ju\u017c teraz warto zarezerwowa\u0107 czas od 25 do 27 listopada. Wi\u0119cej informacji  na temat poprzednich edycji i bie\u017c\u0105ce sprawy dost\u0119pne s\u0105 na <a href=\"https:\/\/rozewiczfestiwal.pl\/\" target=\"_blank\" rel=\"noopener\">https:\/\/rozewiczfestiwal.pl\/<\/a><\/p>\n\n\n\n<figure class=\"wp-block-gallery columns-2 is-cropped wp-block-gallery-1 is-layout-flex wp-block-gallery-is-layout-flex\"><ul class=\"blocks-gallery-grid\"><li class=\"blocks-gallery-item\"><figure><img decoding=\"async\" width=\"1024\" height=\"683\" data-src=\"https:\/\/gazetaregionalna.com\/wp-content\/uploads\/2022\/10\/roz1-1024x683.jpg\" alt=\"\" data-id=\"94733\" data-link=\"https:\/\/gazetaregionalna.com\/?attachment_id=94733\" class=\"wp-image-94733 lazyload\" data-srcset=\"https:\/\/gazetaregionalna.com\/wp-content\/uploads\/2022\/10\/roz1-1024x683.jpg 1024w, https:\/\/gazetaregionalna.com\/wp-content\/uploads\/2022\/10\/roz1-300x200.jpg 300w, https:\/\/gazetaregionalna.com\/wp-content\/uploads\/2022\/10\/roz1-768x512.jpg 768w, https:\/\/gazetaregionalna.com\/wp-content\/uploads\/2022\/10\/roz1-1536x1024.jpg 1536w, https:\/\/gazetaregionalna.com\/wp-content\/uploads\/2022\/10\/roz1-2048x1365.jpg 2048w, https:\/\/gazetaregionalna.com\/wp-content\/uploads\/2022\/10\/roz1-696x464.jpg 696w, https:\/\/gazetaregionalna.com\/wp-content\/uploads\/2022\/10\/roz1-1068x712.jpg 1068w, https:\/\/gazetaregionalna.com\/wp-content\/uploads\/2022\/10\/roz1-1920x1280.jpg 1920w, https:\/\/gazetaregionalna.com\/wp-content\/uploads\/2022\/10\/roz1-630x420.jpg 630w, https:\/\/gazetaregionalna.com\/wp-content\/uploads\/2022\/10\/roz1-scaled.jpg 1600w\" data-sizes=\"(max-width: 1024px) 100vw, 1024px\" src=\"data:image\/svg+xml;base64,PHN2ZyB3aWR0aD0iMSIgaGVpZ2h0PSIxIiB4bWxucz0iaHR0cDovL3d3dy53My5vcmcvMjAwMC9zdmciPjwvc3ZnPg==\" style=\"--smush-placeholder-width: 1024px; --smush-placeholder-aspect-ratio: 1024\/683;\" \/><\/figure><\/li><li class=\"blocks-gallery-item\"><figure><img decoding=\"async\" width=\"1024\" height=\"683\" data-src=\"https:\/\/gazetaregionalna.com\/wp-content\/uploads\/2022\/10\/roz2-1024x683.jpg\" alt=\"\" data-id=\"94735\" data-full-url=\"https:\/\/gazetaregionalna.com\/wp-content\/uploads\/2022\/10\/roz2-scaled.jpg\" data-link=\"https:\/\/gazetaregionalna.com\/?attachment_id=94735\" class=\"wp-image-94735 lazyload\" data-srcset=\"https:\/\/gazetaregionalna.com\/wp-content\/uploads\/2022\/10\/roz2-1024x683.jpg 1024w, https:\/\/gazetaregionalna.com\/wp-content\/uploads\/2022\/10\/roz2-300x200.jpg 300w, https:\/\/gazetaregionalna.com\/wp-content\/uploads\/2022\/10\/roz2-768x512.jpg 768w, https:\/\/gazetaregionalna.com\/wp-content\/uploads\/2022\/10\/roz2-1536x1024.jpg 1536w, https:\/\/gazetaregionalna.com\/wp-content\/uploads\/2022\/10\/roz2-2048x1365.jpg 2048w, https:\/\/gazetaregionalna.com\/wp-content\/uploads\/2022\/10\/roz2-696x464.jpg 696w, https:\/\/gazetaregionalna.com\/wp-content\/uploads\/2022\/10\/roz2-1068x712.jpg 1068w, https:\/\/gazetaregionalna.com\/wp-content\/uploads\/2022\/10\/roz2-1920x1280.jpg 1920w, https:\/\/gazetaregionalna.com\/wp-content\/uploads\/2022\/10\/roz2-630x420.jpg 630w, https:\/\/gazetaregionalna.com\/wp-content\/uploads\/2022\/10\/roz2-scaled.jpg 1600w\" data-sizes=\"(max-width: 1024px) 100vw, 1024px\" src=\"data:image\/svg+xml;base64,PHN2ZyB3aWR0aD0iMSIgaGVpZ2h0PSIxIiB4bWxucz0iaHR0cDovL3d3dy53My5vcmcvMjAwMC9zdmciPjwvc3ZnPg==\" style=\"--smush-placeholder-width: 1024px; --smush-placeholder-aspect-ratio: 1024\/683;\" \/><\/figure><\/li><\/ul><figcaption class=\"blocks-gallery-caption\">fot. Urz\u0105d Miasta Radomska<\/figcaption><\/figure>\n","protected":false},"excerpt":{"rendered":"<p>\u201e3x R\u00f3\u017cewicz\u201d to nowe has\u0142o festiwalu r\u00f3\u017cewiczowskiego, kt\u00f3ry co roku odbywa si\u0119 w Radomsku. Fina\u0142 zaplanowano na ostatni weekend listopada. Dotychczasowa nazwa festiwalu to<\/p>\n","protected":false},"author":24,"featured_media":94732,"comment_status":"closed","ping_status":"open","sticky":false,"template":"","format":"standard","meta":{"_monsterinsights_skip_tracking":false,"_monsterinsights_sitenote_active":false,"_monsterinsights_sitenote_note":"","_monsterinsights_sitenote_category":0,"_uf_show_specific_survey":0,"_uf_disable_surveys":false,"footnotes":""},"categories":[28,4,13,1401,1400],"tags":[6565,6562,6563,113,6561,6564,899,187],"class_list":["post-94731","post","type-post","status-publish","format-standard","has-post-thumbnail","hentry","category-radomsko","category-region","category-wydarzenia","category-wystawy-kultura-i-rozrywka","category-wystawy","tag-3x-rozewicz","tag-festiwal-rozewiczowski","tag-miejski-dom-kultury-w-radomsku","tag-radomsko","tag-rozewicz","tag-rozewicz-open-festiwal","tag-spektakle","tag-wystawa"],"_links":{"self":[{"href":"https:\/\/gazetaregionalna.com\/index.php?rest_route=\/wp\/v2\/posts\/94731","targetHints":{"allow":["GET"]}}],"collection":[{"href":"https:\/\/gazetaregionalna.com\/index.php?rest_route=\/wp\/v2\/posts"}],"about":[{"href":"https:\/\/gazetaregionalna.com\/index.php?rest_route=\/wp\/v2\/types\/post"}],"author":[{"embeddable":true,"href":"https:\/\/gazetaregionalna.com\/index.php?rest_route=\/wp\/v2\/users\/24"}],"replies":[{"embeddable":true,"href":"https:\/\/gazetaregionalna.com\/index.php?rest_route=%2Fwp%2Fv2%2Fcomments&post=94731"}],"version-history":[{"count":2,"href":"https:\/\/gazetaregionalna.com\/index.php?rest_route=\/wp\/v2\/posts\/94731\/revisions"}],"predecessor-version":[{"id":94736,"href":"https:\/\/gazetaregionalna.com\/index.php?rest_route=\/wp\/v2\/posts\/94731\/revisions\/94736"}],"wp:featuredmedia":[{"embeddable":true,"href":"https:\/\/gazetaregionalna.com\/index.php?rest_route=\/wp\/v2\/media\/94732"}],"wp:attachment":[{"href":"https:\/\/gazetaregionalna.com\/index.php?rest_route=%2Fwp%2Fv2%2Fmedia&parent=94731"}],"wp:term":[{"taxonomy":"category","embeddable":true,"href":"https:\/\/gazetaregionalna.com\/index.php?rest_route=%2Fwp%2Fv2%2Fcategories&post=94731"},{"taxonomy":"post_tag","embeddable":true,"href":"https:\/\/gazetaregionalna.com\/index.php?rest_route=%2Fwp%2Fv2%2Ftags&post=94731"}],"curies":[{"name":"wp","href":"https:\/\/api.w.org\/{rel}","templated":true}]}}