{"id":94603,"date":"2022-10-10T07:08:07","date_gmt":"2022-10-10T07:08:07","guid":{"rendered":"https:\/\/gazetaregionalna.com\/?p=94603"},"modified":"2022-10-10T07:08:11","modified_gmt":"2022-10-10T07:08:11","slug":"przystanki-na-wyczerpach-zazielenily-sie","status":"publish","type":"post","link":"https:\/\/gazetaregionalna.com\/?p=94603","title":{"rendered":"Cz\u0119stochowa: Przystanki na Wyczerpach zazieleni\u0142y si\u0119"},"content":{"rendered":"\n<h3 class=\"wp-block-heading\"><strong>Przystanki w dzielnicy Wyczerpy zosta\u0142y obsadzone ro\u015blinno\u015bci\u0105, kt\u00f3ra w przysz\u0142ym roku zamieni je w zielone \u015bcianki. Zadanie zosta\u0142o zrealizowane w ramach Bud\u017cetu Obywatelskiego.<\/strong><\/h3>\n\n\n\n<p>W ramach zadania \u201eSTOP SMOG! Zielony poch\u0142aniacz smogu w dzielnicy Wyczerpy \u2013 Anio\u0142\u00f3w\u201d powsta\u0142o pi\u0119\u0107 zielonych instalacji na przystankach: R\u0119dzi\u0144ska (kierunek R\u0119dziny), Wyczerpy G\u00f3rne (kierunek II Aleja NMP), Norwida (kierunek Norwida), M\u0142ynarska (kierunek Korkowa) i Kar\u0142owicza (kierunek Rz\u0105sawa).<\/p>\n\n\n\n<p>Zakres wykonanych prac\u00a0obejmowa\u0142 zaprojektowanie oraz wykonanie zielonych \u015bcian, czyli monta\u017c metalowych konstrukcji, przygotowanie rabat oraz zakup i sadzenie ro\u015blin. Realizatorem zadania by\u0142a firma KAMBERG Kamil M\u0142y\u0144czak, a koszt realizacji wyni\u00f3s\u0142 blisko\u00a058,5 tys. z\u0142.<\/p>\n\n\n\n<p>Ponadto nasadzenia mia\u0142y uwzgl\u0119dni\u0107 ca\u0142kowit\u0105 wymian\u0119 ziemi na \u017cyzn\u0105 z dodatkiem hydro\u017celu, wy\u015bci\u00f3\u0142kowanie rabaty agrotkanin\u0105 i kor\u0105. W\u015br\u00f3d wykorzystanych ro\u015blin znalaz\u0142y si\u0119: hortensja pn\u0105ca, winobluszcz pi\u0119ciolistkowy odmiana murowa, bluszcz pospolity i trzmielina Fortune&#8217;a.<\/p>\n\n\n\n<p>Wykonanie wi\u0119kszej liczby ,,zielonych \u015bcian\u201d w ramach STOP SMOG zaplanowano tak\u017ce na budynkach szk\u00f3\u0142 podstawowych oraz na budynku Hali \u201ePolonia\u201d oraz siedzibie Miejskiego Zarz\u0105du Dr\u00f3g przy ul. Legion\u00f3w. Prace rusz\u0105 w tym miesi\u0105cu.<\/p>\n\n\n\n<p>Systemy zazielenienia posiadaj\u0105 ca\u0142y wachlarz zalet, m.in. podnosz\u0105 estetyk\u0119 otoczenia, oczyszczaj\u0105 powietrze, wykazuj\u0105 zdolno\u015bci do biofiltracji czy redukuj\u0105 ha\u0142as.<\/p>\n\n\n\n<p>LN\/UM Cz\u0119stochowy<\/p>\n","protected":false},"excerpt":{"rendered":"<p>Przystanki w dzielnicy Wyczerpy zosta\u0142y obsadzone ro\u015blinno\u015bci\u0105, kt\u00f3ra w przysz\u0142ym roku zamieni je w zielone \u015bcianki. Zadanie zosta\u0142o zrealizowane w ramach Bud\u017cetu Obywatelskiego. W<\/p>\n","protected":false},"author":26,"featured_media":94604,"comment_status":"closed","ping_status":"open","sticky":false,"template":"","format":"standard","meta":{"_monsterinsights_skip_tracking":false,"_monsterinsights_sitenote_active":false,"_monsterinsights_sitenote_note":"","_monsterinsights_sitenote_category":0,"_uf_show_specific_survey":0,"_uf_disable_surveys":false,"footnotes":""},"categories":[29,3,2],"tags":[87,4111,109,6535,621,6534],"class_list":["post-94603","post","type-post","status-publish","format-standard","has-post-thumbnail","hentry","category-ekologia","category-czestochowa-informacje","category-wiadomosci","tag-budzet-pbywatrlski","tag-czestozielona","tag-ekologia","tag-stop-smog","tag-wyczerpy","tag-zielone-przystanki"],"_links":{"self":[{"href":"https:\/\/gazetaregionalna.com\/index.php?rest_route=\/wp\/v2\/posts\/94603","targetHints":{"allow":["GET"]}}],"collection":[{"href":"https:\/\/gazetaregionalna.com\/index.php?rest_route=\/wp\/v2\/posts"}],"about":[{"href":"https:\/\/gazetaregionalna.com\/index.php?rest_route=\/wp\/v2\/types\/post"}],"author":[{"embeddable":true,"href":"https:\/\/gazetaregionalna.com\/index.php?rest_route=\/wp\/v2\/users\/26"}],"replies":[{"embeddable":true,"href":"https:\/\/gazetaregionalna.com\/index.php?rest_route=%2Fwp%2Fv2%2Fcomments&post=94603"}],"version-history":[{"count":1,"href":"https:\/\/gazetaregionalna.com\/index.php?rest_route=\/wp\/v2\/posts\/94603\/revisions"}],"predecessor-version":[{"id":94605,"href":"https:\/\/gazetaregionalna.com\/index.php?rest_route=\/wp\/v2\/posts\/94603\/revisions\/94605"}],"wp:featuredmedia":[{"embeddable":true,"href":"https:\/\/gazetaregionalna.com\/index.php?rest_route=\/wp\/v2\/media\/94604"}],"wp:attachment":[{"href":"https:\/\/gazetaregionalna.com\/index.php?rest_route=%2Fwp%2Fv2%2Fmedia&parent=94603"}],"wp:term":[{"taxonomy":"category","embeddable":true,"href":"https:\/\/gazetaregionalna.com\/index.php?rest_route=%2Fwp%2Fv2%2Fcategories&post=94603"},{"taxonomy":"post_tag","embeddable":true,"href":"https:\/\/gazetaregionalna.com\/index.php?rest_route=%2Fwp%2Fv2%2Ftags&post=94603"}],"curies":[{"name":"wp","href":"https:\/\/api.w.org\/{rel}","templated":true}]}}