{"id":94590,"date":"2022-10-09T18:56:14","date_gmt":"2022-10-09T18:56:14","guid":{"rendered":"https:\/\/gazetaregionalna.com\/?p=94590"},"modified":"2022-10-09T18:56:15","modified_gmt":"2022-10-09T18:56:15","slug":"powiat-czestochowski-zakonczono-inwestycje-drogowa","status":"publish","type":"post","link":"https:\/\/gazetaregionalna.com\/?p=94590","title":{"rendered":"Powiat cz\u0119stochowski. Zako\u0144czono inwestycj\u0119 drogow\u0105, kt\u00f3ra kosztowa\u0142a 29,5 mln z\u0142"},"content":{"rendered":"\n<h2 class=\"wp-block-heading\">W gminach Mykan\u00f3w, Kruszyna i K\u0142omnice zako\u0144czy\u0142a si\u0119 przebudowa dr\u00f3g powiatowych o d\u0142ugo\u015bci ponad 15,5 km.<\/h2>\n\n\n\n<p>\u0141\u0105czny koszt inwestycji zrealizowanej przez PHU \u201eLARIX\u201d z Lubli\u0144ca wyni\u00f3s\u0142 ponad 29,5 mln z\u0142. Zadanie zosta\u0142o sfinansowane ze \u015brodk\u00f3w samorz\u0105dowych oraz dofinansowania Funduszu Dr\u00f3g Samorz\u0105dowych.<\/p>\n\n\n\n<p>Uroczyste przeci\u0119cie wst\u0119gi mia\u0142o miejsce 17 wrze\u015bnia. Dokonali go m.in.: wicewojewoda \u015bl\u0105ski Robert Magdziarz, starosta Krzysztof Smela, wicestarosta Jan Miarzy\u0144ski, w\u00f3jt gminy Mykan\u00f3w Dariusz Pomada, w\u00f3jt gminy Kruszyna Jadwiga Zawadzka, zast\u0119pca w\u00f3jta gminy K\u0142omnice Adam \u015aliwakowski, a tak\u017ce przedstawiciele Powiatowego Zarz\u0105du Dr\u00f3g, samorz\u0105dowcy i zaproszeni go\u015bcie.<\/p>\n\n\n\n<figure class=\"wp-block-image size-large\"><img decoding=\"async\" width=\"1024\" height=\"676\" data-src=\"https:\/\/gazetaregionalna.com\/wp-content\/uploads\/2022\/10\/droga2-1024x676.jpg\" alt=\"\" class=\"wp-image-94594 lazyload\" data-srcset=\"https:\/\/gazetaregionalna.com\/wp-content\/uploads\/2022\/10\/droga2-1024x676.jpg 1024w, https:\/\/gazetaregionalna.com\/wp-content\/uploads\/2022\/10\/droga2-300x198.jpg 300w, https:\/\/gazetaregionalna.com\/wp-content\/uploads\/2022\/10\/droga2-768x507.jpg 768w, https:\/\/gazetaregionalna.com\/wp-content\/uploads\/2022\/10\/droga2-696x460.jpg 696w, https:\/\/gazetaregionalna.com\/wp-content\/uploads\/2022\/10\/droga2-1068x705.jpg 1068w, https:\/\/gazetaregionalna.com\/wp-content\/uploads\/2022\/10\/droga2-636x420.jpg 636w, https:\/\/gazetaregionalna.com\/wp-content\/uploads\/2022\/10\/droga2.jpg 1254w\" data-sizes=\"(max-width: 1024px) 100vw, 1024px\" src=\"data:image\/svg+xml;base64,PHN2ZyB3aWR0aD0iMSIgaGVpZ2h0PSIxIiB4bWxucz0iaHR0cDovL3d3dy53My5vcmcvMjAwMC9zdmciPjwvc3ZnPg==\" style=\"--smush-placeholder-width: 1024px; --smush-placeholder-aspect-ratio: 1024\/676;\" \/><figcaption>mat. Starostwa Powiatowego w Cz\u0119stochowie<\/figcaption><\/figure>\n\n\n\n<p>&#8211; Cieszy oddanie do u\u017cytku tak du\u017cej inwestycji. Nie by\u0142oby to mo\u017cliwe bez wsp\u00f3\u0142pracy. Realizacja przedsi\u0119wzi\u0119\u0107 w obszarze infrastruktury przekracza cz\u0119sto mo\u017cliwo\u015bci finansowe jednego samorz\u0105du. Wsp\u00f3\u0142dzia\u0142aj\u0105c, dysponujemy wi\u0119kszymi \u015brodkami finansowymi na realizacj\u0119 wsp\u00f3lnego zadania. Ponadto zwi\u0119kszenie si\u0142y przebicia ma\u0142ych jednostek poprzez podj\u0119cie wsp\u00f3\u0142pracy, mo\u017ce okaza\u0107 si\u0119 skutecznym argumentem przy aplikowaniu o zewn\u0119trzne finansowanie \u2013 m\u00f3wi\u0142 starosta cz\u0119stochowski, Krzysztof Smela.<\/p>\n\n\n\n<p>W efekcie wsp\u00f3\u0142dzia\u0142ania trzech gmin now\u0105 jako\u015b\u0107 zyska\u0142y drogi powiatowe nr 1070 S K\u0142omnice-Kruszyna, nr 1025 S Kruszyna-Borowno i nr 1019 S Borowno-Witkowice, gmina K\u0142omnice, Kruszyna i Mykan\u00f3w.<\/p>\n\n\n\n<figure class=\"wp-block-image size-large\"><img decoding=\"async\" width=\"1024\" height=\"674\" data-src=\"https:\/\/gazetaregionalna.com\/wp-content\/uploads\/2022\/10\/droga3-1024x674.jpg\" alt=\"\" class=\"wp-image-94595 lazyload\" data-srcset=\"https:\/\/gazetaregionalna.com\/wp-content\/uploads\/2022\/10\/droga3-1024x674.jpg 1024w, https:\/\/gazetaregionalna.com\/wp-content\/uploads\/2022\/10\/droga3-300x198.jpg 300w, https:\/\/gazetaregionalna.com\/wp-content\/uploads\/2022\/10\/droga3-768x506.jpg 768w, https:\/\/gazetaregionalna.com\/wp-content\/uploads\/2022\/10\/droga3-696x458.jpg 696w, https:\/\/gazetaregionalna.com\/wp-content\/uploads\/2022\/10\/droga3-1068x703.jpg 1068w, https:\/\/gazetaregionalna.com\/wp-content\/uploads\/2022\/10\/droga3-638x420.jpg 638w, https:\/\/gazetaregionalna.com\/wp-content\/uploads\/2022\/10\/droga3.jpg 1253w\" data-sizes=\"(max-width: 1024px) 100vw, 1024px\" src=\"data:image\/svg+xml;base64,PHN2ZyB3aWR0aD0iMSIgaGVpZ2h0PSIxIiB4bWxucz0iaHR0cDovL3d3dy53My5vcmcvMjAwMC9zdmciPjwvc3ZnPg==\" style=\"--smush-placeholder-width: 1024px; --smush-placeholder-aspect-ratio: 1024\/674;\" \/><figcaption>mat. Starostwa Powiatowego w Cz\u0119stochowie<\/figcaption><\/figure>\n\n\n\n<p>&#8211; Warto marzy\u0107, bo marzenia si\u0119 spe\u0142niaj\u0105. W gminie K\u0142omnice&nbsp; czy Mykan\u00f3w drogi istnia\u0142y, natomiast w Kruszynie droga potrzebowa\u0142a pilnej przebudowy, szczeg\u00f3lnie rondo w Kruszynie by\u0142o du\u017cym wyzwaniem. Dzi\u0119ki pracy starosty i jego s\u0142u\u017cbom ten projekt zosta\u0142 zrealizowany, za co serdecznie dzi\u0119kuj\u0119 \u2013 podkre\u015bla w\u00f3jt gminy Kruszyna, Jadwiga Zawadzka.<\/p>\n\n\n\n<p><strong>red., mat. Starostwa Powiatowego w Cz\u0119stochowie<\/strong><\/p>\n","protected":false},"excerpt":{"rendered":"<p>W gminach Mykan\u00f3w, Kruszyna i K\u0142omnice zako\u0144czy\u0142a si\u0119 przebudowa dr\u00f3g powiatowych o d\u0142ugo\u015bci ponad 15,5 km. \u0141\u0105czny koszt inwestycji zrealizowanej przez PHU \u201eLARIX\u201d z<\/p>\n","protected":false},"author":11,"featured_media":94593,"comment_status":"closed","ping_status":"open","sticky":false,"template":"","format":"standard","meta":{"_monsterinsights_skip_tracking":false,"_monsterinsights_sitenote_active":false,"_monsterinsights_sitenote_note":"","_monsterinsights_sitenote_category":0,"_uf_show_specific_survey":0,"_uf_disable_surveys":false,"footnotes":""},"categories":[4,3,2],"tags":[624,3447],"class_list":["post-94590","post","type-post","status-publish","format-standard","has-post-thumbnail","hentry","category-region","category-czestochowa-informacje","category-wiadomosci","tag-inwestycja","tag-starostwo-powiatowe-w-czestochowie"],"_links":{"self":[{"href":"https:\/\/gazetaregionalna.com\/index.php?rest_route=\/wp\/v2\/posts\/94590","targetHints":{"allow":["GET"]}}],"collection":[{"href":"https:\/\/gazetaregionalna.com\/index.php?rest_route=\/wp\/v2\/posts"}],"about":[{"href":"https:\/\/gazetaregionalna.com\/index.php?rest_route=\/wp\/v2\/types\/post"}],"author":[{"embeddable":true,"href":"https:\/\/gazetaregionalna.com\/index.php?rest_route=\/wp\/v2\/users\/11"}],"replies":[{"embeddable":true,"href":"https:\/\/gazetaregionalna.com\/index.php?rest_route=%2Fwp%2Fv2%2Fcomments&post=94590"}],"version-history":[{"count":3,"href":"https:\/\/gazetaregionalna.com\/index.php?rest_route=\/wp\/v2\/posts\/94590\/revisions"}],"predecessor-version":[{"id":94596,"href":"https:\/\/gazetaregionalna.com\/index.php?rest_route=\/wp\/v2\/posts\/94590\/revisions\/94596"}],"wp:featuredmedia":[{"embeddable":true,"href":"https:\/\/gazetaregionalna.com\/index.php?rest_route=\/wp\/v2\/media\/94593"}],"wp:attachment":[{"href":"https:\/\/gazetaregionalna.com\/index.php?rest_route=%2Fwp%2Fv2%2Fmedia&parent=94590"}],"wp:term":[{"taxonomy":"category","embeddable":true,"href":"https:\/\/gazetaregionalna.com\/index.php?rest_route=%2Fwp%2Fv2%2Fcategories&post=94590"},{"taxonomy":"post_tag","embeddable":true,"href":"https:\/\/gazetaregionalna.com\/index.php?rest_route=%2Fwp%2Fv2%2Ftags&post=94590"}],"curies":[{"name":"wp","href":"https:\/\/api.w.org\/{rel}","templated":true}]}}