{"id":94579,"date":"2022-10-09T18:46:36","date_gmt":"2022-10-09T18:46:36","guid":{"rendered":"https:\/\/gazetaregionalna.com\/?p=94579"},"modified":"2022-10-09T18:46:37","modified_gmt":"2022-10-09T18:46:37","slug":"spotkania-folklorystyczne-etnostrada-2022","status":"publish","type":"post","link":"https:\/\/gazetaregionalna.com\/?p=94579","title":{"rendered":"Spotkania Folklorystyczne \u2013 Etnostrada 2022. Kto wygra\u0142 tegoroczn\u0105 edycj\u0119?"},"content":{"rendered":"\n<h2 class=\"wp-block-heading\">Za nami kolejna ods\u0142ona Spotka\u0144 Folklorystycznych \u2013 Etnostrada. Triumfatorem wydarzenia, na kt\u00f3re zaprosi\u0142 Regionalny O\u015brodek Kultury w Cz\u0119stochowie, zosta\u0142 Zesp\u00f3\u0142 Pie\u015bni i Ta\u0144ca \u201eCieb\u0142owianie\u201d.<\/h2>\n\n\n\n<p>Zesp\u00f3\u0142 Pie\u015bni i Ta\u0144ca \u201eCieb\u0142owianie\u201d zdoby\u0142 GRAND PRIX podczas Etnostrady, kt\u00f3ra 2 pa\u017adziernika odby\u0142a si\u0119 w Akademickim Centrum Kultury w Cz\u0119stochowie. Nagroda specjalna dyrektora Regionalnego O\u015brodka Kultury w Cz\u0119stochowie trafi\u0142a do Kapeli Ludowej \u201eRybnianie\u201d. Na podium spotkali si\u0119 za\u015b Zesp\u00f3\u0142 Pie\u015bni i Ta\u0144ca \u201eChorz\u00f3w&#8221; (I miejsce), Zesp\u00f3\u0142 \u201eKarolinki&#8221; (II miejsce), Ko\u0142o Gospody\u0144 Wiejskich Wr\u0119czyca Wielka oraz Zesp\u00f3\u0142 \u015apiewaczy \u201eKo\u015bcielanki&#8221; (III miejsce ex aequo).<\/p>\n\n\n\n<figure class=\"wp-block-image size-large\"><img decoding=\"async\" width=\"1024\" height=\"768\" data-src=\"https:\/\/gazetaregionalna.com\/wp-content\/uploads\/2022\/10\/Fot_ETNO2-1024x768.jpg\" alt=\"\" class=\"wp-image-94581 lazyload\" data-srcset=\"https:\/\/gazetaregionalna.com\/wp-content\/uploads\/2022\/10\/Fot_ETNO2-1024x768.jpg 1024w, https:\/\/gazetaregionalna.com\/wp-content\/uploads\/2022\/10\/Fot_ETNO2-300x225.jpg 300w, https:\/\/gazetaregionalna.com\/wp-content\/uploads\/2022\/10\/Fot_ETNO2-768x576.jpg 768w, https:\/\/gazetaregionalna.com\/wp-content\/uploads\/2022\/10\/Fot_ETNO2-1536x1152.jpg 1536w, https:\/\/gazetaregionalna.com\/wp-content\/uploads\/2022\/10\/Fot_ETNO2-696x522.jpg 696w, https:\/\/gazetaregionalna.com\/wp-content\/uploads\/2022\/10\/Fot_ETNO2-1068x801.jpg 1068w, https:\/\/gazetaregionalna.com\/wp-content\/uploads\/2022\/10\/Fot_ETNO2-1920x1440.jpg 1920w, https:\/\/gazetaregionalna.com\/wp-content\/uploads\/2022\/10\/Fot_ETNO2-560x420.jpg 560w, https:\/\/gazetaregionalna.com\/wp-content\/uploads\/2022\/10\/Fot_ETNO2-80x60.jpg 80w, https:\/\/gazetaregionalna.com\/wp-content\/uploads\/2022\/10\/Fot_ETNO2-265x198.jpg 265w, https:\/\/gazetaregionalna.com\/wp-content\/uploads\/2022\/10\/Fot_ETNO2-scaled.jpg 1600w\" data-sizes=\"(max-width: 1024px) 100vw, 1024px\" src=\"data:image\/svg+xml;base64,PHN2ZyB3aWR0aD0iMSIgaGVpZ2h0PSIxIiB4bWxucz0iaHR0cDovL3d3dy53My5vcmcvMjAwMC9zdmciPjwvc3ZnPg==\" style=\"--smush-placeholder-width: 1024px; --smush-placeholder-aspect-ratio: 1024\/768;\" \/><figcaption>Spotkania Folklorystyczne \u2013 Etnostrada 2022 (fot. ROK)<\/figcaption><\/figure>\n\n\n\n<p>W ramach Etnostrady na scenie wyst\u0105pi\u0142o 370 os\u00f3b reprezentuj\u0105cych 23 zespo\u0142y folklorystyczne, \u015bpiewacze, obrz\u0119dowe, taneczne i muzyczne. Jury podkre\u015bli\u0142o bardzo wysoki poziom wszystkich prezentacji i nagrodzi\u0142o pozosta\u0142e zespo\u0142y wyr\u00f3\u017cnieniami. Po raz pierwszy odby\u0142 si\u0119 tak\u017ce konkurs i degustacja domowych wypiek\u00f3w, przywiezionych przez zespo\u0142y. Tutaj wszyscy byli wygrani &#8211; ciasta by\u0142y pyszne, pi\u0119knie udekorowane i do ostatniego okruszka skonsumowane przez uczestnik\u00f3w wydarzenia.<\/p>\n\n\n\n<p>Na zako\u0144czenie wyst\u0105pi\u0142 g\u00f3ralski zesp\u00f3\u0142 Folk Power Music, kt\u00f3ry porwa\u0142 publiczno\u015b\u0107 do wsp\u00f3lnego ta\u0144ca i \u015bpiewu. Wydarzenie prowadzi\u0142a Beata Sobczak-Kuca.<\/p>\n\n\n\n<p>Organizatorem przegl\u0105du by\u0142 Regionalny O\u015brodek Kultury w Cz\u0119stochowie przy wsp\u00f3\u0142pracy z Politechnik\u0105 Cz\u0119stochowsk\u0105. Temat przewodnim tegorocznej Etnostrady by\u0142y \u201e\u017bniwa\u201d.<\/p>\n\n\n\n<p><strong>red., mat. ROK<\/strong><\/p>\n\n\n\n<figure class=\"wp-block-gallery columns-3 is-cropped wp-block-gallery-1 is-layout-flex wp-block-gallery-is-layout-flex\"><ul class=\"blocks-gallery-grid\"><li class=\"blocks-gallery-item\"><figure><a href=\"https:\/\/gazetaregionalna.com\/wp-content\/uploads\/2022\/10\/309891481_469506268547700_2389878846448709339_n-scaled.jpg\"><img decoding=\"async\" width=\"1024\" height=\"540\" data-src=\"https:\/\/gazetaregionalna.com\/wp-content\/uploads\/2022\/10\/309891481_469506268547700_2389878846448709339_n-1024x540.jpg\" alt=\"\" data-id=\"94583\" data-full-url=\"https:\/\/gazetaregionalna.com\/wp-content\/uploads\/2022\/10\/309891481_469506268547700_2389878846448709339_n-scaled.jpg\" data-link=\"https:\/\/gazetaregionalna.com\/?attachment_id=94583\" class=\"wp-image-94583 lazyload\" data-srcset=\"https:\/\/gazetaregionalna.com\/wp-content\/uploads\/2022\/10\/309891481_469506268547700_2389878846448709339_n-1024x540.jpg 1024w, https:\/\/gazetaregionalna.com\/wp-content\/uploads\/2022\/10\/309891481_469506268547700_2389878846448709339_n-300x158.jpg 300w, https:\/\/gazetaregionalna.com\/wp-content\/uploads\/2022\/10\/309891481_469506268547700_2389878846448709339_n-768x405.jpg 768w, https:\/\/gazetaregionalna.com\/wp-content\/uploads\/2022\/10\/309891481_469506268547700_2389878846448709339_n-1536x810.jpg 1536w, https:\/\/gazetaregionalna.com\/wp-content\/uploads\/2022\/10\/309891481_469506268547700_2389878846448709339_n-696x367.jpg 696w, https:\/\/gazetaregionalna.com\/wp-content\/uploads\/2022\/10\/309891481_469506268547700_2389878846448709339_n-1068x563.jpg 1068w, https:\/\/gazetaregionalna.com\/wp-content\/uploads\/2022\/10\/309891481_469506268547700_2389878846448709339_n-1920x1013.jpg 1920w, https:\/\/gazetaregionalna.com\/wp-content\/uploads\/2022\/10\/309891481_469506268547700_2389878846448709339_n-796x420.jpg 796w, https:\/\/gazetaregionalna.com\/wp-content\/uploads\/2022\/10\/309891481_469506268547700_2389878846448709339_n-scaled.jpg 1600w\" data-sizes=\"(max-width: 1024px) 100vw, 1024px\" src=\"data:image\/svg+xml;base64,PHN2ZyB3aWR0aD0iMSIgaGVpZ2h0PSIxIiB4bWxucz0iaHR0cDovL3d3dy53My5vcmcvMjAwMC9zdmciPjwvc3ZnPg==\" style=\"--smush-placeholder-width: 1024px; --smush-placeholder-aspect-ratio: 1024\/540;\" \/><\/a><\/figure><\/li><li class=\"blocks-gallery-item\"><figure><a href=\"https:\/\/gazetaregionalna.com\/wp-content\/uploads\/2022\/10\/310056995_469506378547689_6391787917292973666_n-scaled.jpg\"><img decoding=\"async\" width=\"1024\" height=\"768\" data-src=\"https:\/\/gazetaregionalna.com\/wp-content\/uploads\/2022\/10\/310056995_469506378547689_6391787917292973666_n-1024x768.jpg\" alt=\"\" data-id=\"94584\" data-full-url=\"https:\/\/gazetaregionalna.com\/wp-content\/uploads\/2022\/10\/310056995_469506378547689_6391787917292973666_n-scaled.jpg\" data-link=\"https:\/\/gazetaregionalna.com\/?attachment_id=94584\" class=\"wp-image-94584 lazyload\" data-srcset=\"https:\/\/gazetaregionalna.com\/wp-content\/uploads\/2022\/10\/310056995_469506378547689_6391787917292973666_n-1024x768.jpg 1024w, https:\/\/gazetaregionalna.com\/wp-content\/uploads\/2022\/10\/310056995_469506378547689_6391787917292973666_n-300x225.jpg 300w, https:\/\/gazetaregionalna.com\/wp-content\/uploads\/2022\/10\/310056995_469506378547689_6391787917292973666_n-768x576.jpg 768w, https:\/\/gazetaregionalna.com\/wp-content\/uploads\/2022\/10\/310056995_469506378547689_6391787917292973666_n-1536x1152.jpg 1536w, https:\/\/gazetaregionalna.com\/wp-content\/uploads\/2022\/10\/310056995_469506378547689_6391787917292973666_n-696x522.jpg 696w, https:\/\/gazetaregionalna.com\/wp-content\/uploads\/2022\/10\/310056995_469506378547689_6391787917292973666_n-1068x801.jpg 1068w, https:\/\/gazetaregionalna.com\/wp-content\/uploads\/2022\/10\/310056995_469506378547689_6391787917292973666_n-1920x1440.jpg 1920w, https:\/\/gazetaregionalna.com\/wp-content\/uploads\/2022\/10\/310056995_469506378547689_6391787917292973666_n-560x420.jpg 560w, https:\/\/gazetaregionalna.com\/wp-content\/uploads\/2022\/10\/310056995_469506378547689_6391787917292973666_n-80x60.jpg 80w, https:\/\/gazetaregionalna.com\/wp-content\/uploads\/2022\/10\/310056995_469506378547689_6391787917292973666_n-265x198.jpg 265w, https:\/\/gazetaregionalna.com\/wp-content\/uploads\/2022\/10\/310056995_469506378547689_6391787917292973666_n-scaled.jpg 1600w\" data-sizes=\"(max-width: 1024px) 100vw, 1024px\" src=\"data:image\/svg+xml;base64,PHN2ZyB3aWR0aD0iMSIgaGVpZ2h0PSIxIiB4bWxucz0iaHR0cDovL3d3dy53My5vcmcvMjAwMC9zdmciPjwvc3ZnPg==\" style=\"--smush-placeholder-width: 1024px; --smush-placeholder-aspect-ratio: 1024\/768;\" \/><\/a><\/figure><\/li><li class=\"blocks-gallery-item\"><figure><a href=\"https:\/\/gazetaregionalna.com\/wp-content\/uploads\/2022\/10\/310104674_469504025214591_4388733666969597387_n.jpg\"><img decoding=\"async\" width=\"763\" height=\"779\" data-src=\"https:\/\/gazetaregionalna.com\/wp-content\/uploads\/2022\/10\/310104674_469504025214591_4388733666969597387_n.jpg\" alt=\"\" data-id=\"94585\" data-full-url=\"https:\/\/gazetaregionalna.com\/wp-content\/uploads\/2022\/10\/310104674_469504025214591_4388733666969597387_n.jpg\" data-link=\"https:\/\/gazetaregionalna.com\/?attachment_id=94585\" class=\"wp-image-94585 lazyload\" data-srcset=\"https:\/\/gazetaregionalna.com\/wp-content\/uploads\/2022\/10\/310104674_469504025214591_4388733666969597387_n.jpg 763w, https:\/\/gazetaregionalna.com\/wp-content\/uploads\/2022\/10\/310104674_469504025214591_4388733666969597387_n-294x300.jpg 294w, https:\/\/gazetaregionalna.com\/wp-content\/uploads\/2022\/10\/310104674_469504025214591_4388733666969597387_n-696x711.jpg 696w, https:\/\/gazetaregionalna.com\/wp-content\/uploads\/2022\/10\/310104674_469504025214591_4388733666969597387_n-411x420.jpg 411w, https:\/\/gazetaregionalna.com\/wp-content\/uploads\/2022\/10\/310104674_469504025214591_4388733666969597387_n-356x364.jpg 356w\" data-sizes=\"(max-width: 763px) 100vw, 763px\" src=\"data:image\/svg+xml;base64,PHN2ZyB3aWR0aD0iMSIgaGVpZ2h0PSIxIiB4bWxucz0iaHR0cDovL3d3dy53My5vcmcvMjAwMC9zdmciPjwvc3ZnPg==\" style=\"--smush-placeholder-width: 763px; --smush-placeholder-aspect-ratio: 763\/779;\" \/><\/a><\/figure><\/li><li class=\"blocks-gallery-item\"><figure><a href=\"https:\/\/gazetaregionalna.com\/wp-content\/uploads\/2022\/10\/310390293_469506225214371_2010733379895358483_n-scaled.jpg\"><img decoding=\"async\" width=\"1024\" height=\"768\" data-src=\"https:\/\/gazetaregionalna.com\/wp-content\/uploads\/2022\/10\/310390293_469506225214371_2010733379895358483_n-1024x768.jpg\" alt=\"\" data-id=\"94586\" data-full-url=\"https:\/\/gazetaregionalna.com\/wp-content\/uploads\/2022\/10\/310390293_469506225214371_2010733379895358483_n-scaled.jpg\" data-link=\"https:\/\/gazetaregionalna.com\/?attachment_id=94586\" class=\"wp-image-94586 lazyload\" data-srcset=\"https:\/\/gazetaregionalna.com\/wp-content\/uploads\/2022\/10\/310390293_469506225214371_2010733379895358483_n-1024x768.jpg 1024w, https:\/\/gazetaregionalna.com\/wp-content\/uploads\/2022\/10\/310390293_469506225214371_2010733379895358483_n-300x225.jpg 300w, https:\/\/gazetaregionalna.com\/wp-content\/uploads\/2022\/10\/310390293_469506225214371_2010733379895358483_n-768x576.jpg 768w, https:\/\/gazetaregionalna.com\/wp-content\/uploads\/2022\/10\/310390293_469506225214371_2010733379895358483_n-1536x1152.jpg 1536w, https:\/\/gazetaregionalna.com\/wp-content\/uploads\/2022\/10\/310390293_469506225214371_2010733379895358483_n-696x522.jpg 696w, https:\/\/gazetaregionalna.com\/wp-content\/uploads\/2022\/10\/310390293_469506225214371_2010733379895358483_n-1068x801.jpg 1068w, https:\/\/gazetaregionalna.com\/wp-content\/uploads\/2022\/10\/310390293_469506225214371_2010733379895358483_n-1920x1440.jpg 1920w, https:\/\/gazetaregionalna.com\/wp-content\/uploads\/2022\/10\/310390293_469506225214371_2010733379895358483_n-560x420.jpg 560w, https:\/\/gazetaregionalna.com\/wp-content\/uploads\/2022\/10\/310390293_469506225214371_2010733379895358483_n-80x60.jpg 80w, https:\/\/gazetaregionalna.com\/wp-content\/uploads\/2022\/10\/310390293_469506225214371_2010733379895358483_n-265x198.jpg 265w, https:\/\/gazetaregionalna.com\/wp-content\/uploads\/2022\/10\/310390293_469506225214371_2010733379895358483_n-scaled.jpg 1600w\" data-sizes=\"(max-width: 1024px) 100vw, 1024px\" src=\"data:image\/svg+xml;base64,PHN2ZyB3aWR0aD0iMSIgaGVpZ2h0PSIxIiB4bWxucz0iaHR0cDovL3d3dy53My5vcmcvMjAwMC9zdmciPjwvc3ZnPg==\" style=\"--smush-placeholder-width: 1024px; --smush-placeholder-aspect-ratio: 1024\/768;\" \/><\/a><\/figure><\/li><li class=\"blocks-gallery-item\"><figure><a href=\"https:\/\/gazetaregionalna.com\/wp-content\/uploads\/2022\/10\/310548513_469506308547696_8483227678949094771_n-scaled.jpg\"><img decoding=\"async\" width=\"1024\" height=\"789\" data-src=\"https:\/\/gazetaregionalna.com\/wp-content\/uploads\/2022\/10\/310548513_469506308547696_8483227678949094771_n-1024x789.jpg\" alt=\"\" data-id=\"94587\" data-full-url=\"https:\/\/gazetaregionalna.com\/wp-content\/uploads\/2022\/10\/310548513_469506308547696_8483227678949094771_n-scaled.jpg\" data-link=\"https:\/\/gazetaregionalna.com\/?attachment_id=94587\" class=\"wp-image-94587 lazyload\" data-srcset=\"https:\/\/gazetaregionalna.com\/wp-content\/uploads\/2022\/10\/310548513_469506308547696_8483227678949094771_n-1024x789.jpg 1024w, https:\/\/gazetaregionalna.com\/wp-content\/uploads\/2022\/10\/310548513_469506308547696_8483227678949094771_n-300x231.jpg 300w, https:\/\/gazetaregionalna.com\/wp-content\/uploads\/2022\/10\/310548513_469506308547696_8483227678949094771_n-768x592.jpg 768w, https:\/\/gazetaregionalna.com\/wp-content\/uploads\/2022\/10\/310548513_469506308547696_8483227678949094771_n-1536x1184.jpg 1536w, https:\/\/gazetaregionalna.com\/wp-content\/uploads\/2022\/10\/310548513_469506308547696_8483227678949094771_n-696x536.jpg 696w, https:\/\/gazetaregionalna.com\/wp-content\/uploads\/2022\/10\/310548513_469506308547696_8483227678949094771_n-1068x823.jpg 1068w, https:\/\/gazetaregionalna.com\/wp-content\/uploads\/2022\/10\/310548513_469506308547696_8483227678949094771_n-1920x1479.jpg 1920w, https:\/\/gazetaregionalna.com\/wp-content\/uploads\/2022\/10\/310548513_469506308547696_8483227678949094771_n-545x420.jpg 545w, https:\/\/gazetaregionalna.com\/wp-content\/uploads\/2022\/10\/310548513_469506308547696_8483227678949094771_n-scaled.jpg 1600w\" data-sizes=\"(max-width: 1024px) 100vw, 1024px\" src=\"data:image\/svg+xml;base64,PHN2ZyB3aWR0aD0iMSIgaGVpZ2h0PSIxIiB4bWxucz0iaHR0cDovL3d3dy53My5vcmcvMjAwMC9zdmciPjwvc3ZnPg==\" style=\"--smush-placeholder-width: 1024px; --smush-placeholder-aspect-ratio: 1024\/789;\" \/><\/a><\/figure><\/li><\/ul><figcaption class=\"blocks-gallery-caption\">Spotkania Folklorystyczne \u2013 Etnostrada 2022 (fot. ROK)<\/figcaption><\/figure>\n","protected":false},"excerpt":{"rendered":"<p>Za nami kolejna ods\u0142ona Spotka\u0144 Folklorystycznych \u2013 Etnostrada. Triumfatorem wydarzenia, na kt\u00f3re zaprosi\u0142 Regionalny O\u015brodek Kultury w Cz\u0119stochowie, zosta\u0142 Zesp\u00f3\u0142 Pie\u015bni i Ta\u0144ca \u201eCieb\u0142owianie\u201d.<\/p>\n","protected":false},"author":11,"featured_media":94582,"comment_status":"closed","ping_status":"open","sticky":false,"template":"","format":"standard","meta":{"_monsterinsights_skip_tracking":false,"_monsterinsights_sitenote_active":false,"_monsterinsights_sitenote_note":"","_monsterinsights_sitenote_category":0,"_uf_show_specific_survey":0,"_uf_disable_surveys":false,"footnotes":""},"categories":[12,3,4,2],"tags":[6533,1705],"class_list":["post-94579","post","type-post","status-publish","format-standard","has-post-thumbnail","hentry","category-kultura-i-rozrywka","category-czestochowa-informacje","category-region","category-wiadomosci","tag-etnostrada","tag-regionalny-osrodek-kultury"],"_links":{"self":[{"href":"https:\/\/gazetaregionalna.com\/index.php?rest_route=\/wp\/v2\/posts\/94579","targetHints":{"allow":["GET"]}}],"collection":[{"href":"https:\/\/gazetaregionalna.com\/index.php?rest_route=\/wp\/v2\/posts"}],"about":[{"href":"https:\/\/gazetaregionalna.com\/index.php?rest_route=\/wp\/v2\/types\/post"}],"author":[{"embeddable":true,"href":"https:\/\/gazetaregionalna.com\/index.php?rest_route=\/wp\/v2\/users\/11"}],"replies":[{"embeddable":true,"href":"https:\/\/gazetaregionalna.com\/index.php?rest_route=%2Fwp%2Fv2%2Fcomments&post=94579"}],"version-history":[{"count":2,"href":"https:\/\/gazetaregionalna.com\/index.php?rest_route=\/wp\/v2\/posts\/94579\/revisions"}],"predecessor-version":[{"id":94589,"href":"https:\/\/gazetaregionalna.com\/index.php?rest_route=\/wp\/v2\/posts\/94579\/revisions\/94589"}],"wp:featuredmedia":[{"embeddable":true,"href":"https:\/\/gazetaregionalna.com\/index.php?rest_route=\/wp\/v2\/media\/94582"}],"wp:attachment":[{"href":"https:\/\/gazetaregionalna.com\/index.php?rest_route=%2Fwp%2Fv2%2Fmedia&parent=94579"}],"wp:term":[{"taxonomy":"category","embeddable":true,"href":"https:\/\/gazetaregionalna.com\/index.php?rest_route=%2Fwp%2Fv2%2Fcategories&post=94579"},{"taxonomy":"post_tag","embeddable":true,"href":"https:\/\/gazetaregionalna.com\/index.php?rest_route=%2Fwp%2Fv2%2Ftags&post=94579"}],"curies":[{"name":"wp","href":"https:\/\/api.w.org\/{rel}","templated":true}]}}