{"id":9450,"date":"2020-01-22T08:29:38","date_gmt":"2020-01-22T08:29:38","guid":{"rendered":"https:\/\/gazetaregionalna.com\/?p=9450"},"modified":"2020-01-22T08:29:41","modified_gmt":"2020-01-22T08:29:41","slug":"emeryci-znowu-na-scenie","status":"publish","type":"post","link":"https:\/\/gazetaregionalna.com\/?p=9450","title":{"rendered":"Emeryci znowu na scenie"},"content":{"rendered":"\n<p> Grupa teatralna \u201cOdwa\u017cni\u201d i Miejsko-Gminny O\u015brodek Kultury w \u017barkach zapraszaj\u0105 na drug\u0105 ods\u0142on\u0119 sztuki komediowej \u201eDwa serca \u2013 bis\u201d. Przedstawienie zaprezentowane zostanie w najbli\u017csz\u0105 niedziel\u0119, 26 stycznia w sali widowiskowej Domu Kultury w \u017barkach. Pocz\u0105tek spektaklu godzina 16.<\/p>\n\n\n\n<p>\nWej\u015bci\u00f3wki&nbsp;\ndo nabycia w sekretariacie MGOK \u017barki<\/p>\n\n\n\n<p>\nScenariusz\ni re\u017cyseria \u2013 Urszula Mianowska,<\/p>\n\n\n\n<p>\n\u015awiat\u0142o\ni muzyka \u2013 Jan Gryzik, Adrian Ra\u0142<\/p>\n\n\n\n<p>\nObsada:\nUrszula Mianowska, Irena Horoszko, Maria G\u00f3rna, Zdzis\u0142awa Bereska,\nAnna Ma\u015blankiewicz, Wies\u0142awa Gryzik, Jan Kanty Gryzik, Michalina\nPodsiedlik, Julia Kuzior, Roman Hamerla, Henryk Wodzy\u0144ski.<\/p>\n","protected":false},"excerpt":{"rendered":"<p>Grupa teatralna \u201cOdwa\u017cni\u201d i Miejsko-Gminny O\u015brodek Kultury w \u017barkach zapraszaj\u0105 na drug\u0105 ods\u0142on\u0119 sztuki komediowej \u201eDwa serca \u2013 bis\u201d. Przedstawienie zaprezentowane zostanie w najbli\u017csz\u0105<\/p>\n","protected":false},"author":7,"featured_media":9451,"comment_status":"open","ping_status":"open","sticky":false,"template":"","format":"standard","meta":{"_monsterinsights_skip_tracking":false,"_monsterinsights_sitenote_active":false,"_monsterinsights_sitenote_note":"","_monsterinsights_sitenote_category":0,"_uf_show_specific_survey":0,"_uf_disable_surveys":false,"footnotes":""},"categories":[12,26,94,2,13],"tags":[],"class_list":["post-9450","post","type-post","status-publish","format-standard","has-post-thumbnail","hentry","category-kultura-i-rozrywka","category-myszkow","category-polecane","category-wiadomosci","category-wydarzenia"],"_links":{"self":[{"href":"https:\/\/gazetaregionalna.com\/index.php?rest_route=\/wp\/v2\/posts\/9450","targetHints":{"allow":["GET"]}}],"collection":[{"href":"https:\/\/gazetaregionalna.com\/index.php?rest_route=\/wp\/v2\/posts"}],"about":[{"href":"https:\/\/gazetaregionalna.com\/index.php?rest_route=\/wp\/v2\/types\/post"}],"author":[{"embeddable":true,"href":"https:\/\/gazetaregionalna.com\/index.php?rest_route=\/wp\/v2\/users\/7"}],"replies":[{"embeddable":true,"href":"https:\/\/gazetaregionalna.com\/index.php?rest_route=%2Fwp%2Fv2%2Fcomments&post=9450"}],"version-history":[{"count":1,"href":"https:\/\/gazetaregionalna.com\/index.php?rest_route=\/wp\/v2\/posts\/9450\/revisions"}],"predecessor-version":[{"id":9452,"href":"https:\/\/gazetaregionalna.com\/index.php?rest_route=\/wp\/v2\/posts\/9450\/revisions\/9452"}],"wp:featuredmedia":[{"embeddable":true,"href":"https:\/\/gazetaregionalna.com\/index.php?rest_route=\/wp\/v2\/media\/9451"}],"wp:attachment":[{"href":"https:\/\/gazetaregionalna.com\/index.php?rest_route=%2Fwp%2Fv2%2Fmedia&parent=9450"}],"wp:term":[{"taxonomy":"category","embeddable":true,"href":"https:\/\/gazetaregionalna.com\/index.php?rest_route=%2Fwp%2Fv2%2Fcategories&post=9450"},{"taxonomy":"post_tag","embeddable":true,"href":"https:\/\/gazetaregionalna.com\/index.php?rest_route=%2Fwp%2Fv2%2Ftags&post=9450"}],"curies":[{"name":"wp","href":"https:\/\/api.w.org\/{rel}","templated":true}]}}