{"id":94476,"date":"2022-10-09T08:42:50","date_gmt":"2022-10-09T08:42:50","guid":{"rendered":"https:\/\/gazetaregionalna.com\/?p=94476"},"modified":"2022-10-09T08:42:50","modified_gmt":"2022-10-09T08:42:50","slug":"zaciete-spotkanie-siatkarzy-exact-systems-norwid-czestochowa","status":"publish","type":"post","link":"https:\/\/gazetaregionalna.com\/?p=94476","title":{"rendered":"Zaci\u0119te spotkanie siatkarzy Exact Systems Norwid Cz\u0119stochowa"},"content":{"rendered":"\n<p>Siatkarze Exact Systems Norwid po zaci\u0119tym spotkaniu przegrali w Tomaszowie Mazowieckim z Lechi\u0105 2:3.<\/p>\n\n\n\n<p>Siatkarze Exact Systems Norwid w sobot\u0119 walczyli o 3 zwyci\u0119stwo w Tauron 1 Lidze w Tomaszowie Mazowieckim. Podopieczni trenera Piotra Gruszki przegrali z Lechi\u0105 2:3. Spotkanie by\u0142o podobne do meczu w Krakowie z AZS AGH. Cz\u0119stochowianie przegrali dwa pierwsze sety, a nast\u0119pnie wygrali trzeci\u0105 i czwarta parti\u0119. Zamiast i\u015b\u0107 za ciosem w tie-breaku, siatkarze Exact Systems Norwid przegrali go wyra\u017anie i ulegli w meczu 2:3. Z Tomaszowa Mazowieckiego wyjechali jednak z jednym punktem.<\/p>\n\n\n\n<p>AK, fot: AK<\/p>\n\n\n\n<p><strong>Lechia Tomasz\u00f3w Mazowiecki \u2013 Exact Systems Norwid Cz\u0119stochowa 3:2 (34:32, 25:20, 29:31, 20:25, 15:7)<\/strong><\/p>\n\n\n\n<p><strong>Exact Systems Norwid:<\/strong> Kowalski, Soba\u0144ski, Szmidt, Kry\u0144ski, Kogut, beau, Takahashi (libero) \u2013 Bili\u0144ski, Borkowski, Popiela, Gibek.<\/p>\n\n\n\n<figure class=\"wp-block-image size-large\"><img decoding=\"async\" width=\"1024\" height=\"683\" data-src=\"https:\/\/gazetaregionalna.com\/wp-content\/uploads\/2022\/09\/Norwid-Astra-4-1024x683.jpg\" alt=\"\" class=\"wp-image-93606 lazyload\" data-srcset=\"https:\/\/gazetaregionalna.com\/wp-content\/uploads\/2022\/09\/Norwid-Astra-4-1024x683.jpg 1024w, https:\/\/gazetaregionalna.com\/wp-content\/uploads\/2022\/09\/Norwid-Astra-4-300x200.jpg 300w, https:\/\/gazetaregionalna.com\/wp-content\/uploads\/2022\/09\/Norwid-Astra-4-768x512.jpg 768w, https:\/\/gazetaregionalna.com\/wp-content\/uploads\/2022\/09\/Norwid-Astra-4-1536x1024.jpg 1536w, https:\/\/gazetaregionalna.com\/wp-content\/uploads\/2022\/09\/Norwid-Astra-4-2048x1365.jpg 2048w, https:\/\/gazetaregionalna.com\/wp-content\/uploads\/2022\/09\/Norwid-Astra-4-696x464.jpg 696w, https:\/\/gazetaregionalna.com\/wp-content\/uploads\/2022\/09\/Norwid-Astra-4-1068x712.jpg 1068w, https:\/\/gazetaregionalna.com\/wp-content\/uploads\/2022\/09\/Norwid-Astra-4-1920x1280.jpg 1920w, https:\/\/gazetaregionalna.com\/wp-content\/uploads\/2022\/09\/Norwid-Astra-4-630x420.jpg 630w, https:\/\/gazetaregionalna.com\/wp-content\/uploads\/2022\/09\/Norwid-Astra-4-scaled.jpg 1600w\" data-sizes=\"(max-width: 1024px) 100vw, 1024px\" src=\"data:image\/svg+xml;base64,PHN2ZyB3aWR0aD0iMSIgaGVpZ2h0PSIxIiB4bWxucz0iaHR0cDovL3d3dy53My5vcmcvMjAwMC9zdmciPjwvc3ZnPg==\" style=\"--smush-placeholder-width: 1024px; --smush-placeholder-aspect-ratio: 1024\/683;\" \/><\/figure>\n\n\n\n<figure class=\"wp-block-image size-large\"><img decoding=\"async\" width=\"300\" height=\"250\" data-src=\"https:\/\/gazetaregionalna.com\/wp-content\/uploads\/2022\/04\/DMK-3.jpg\" alt=\"\" class=\"wp-image-77211 lazyload\" src=\"data:image\/svg+xml;base64,PHN2ZyB3aWR0aD0iMSIgaGVpZ2h0PSIxIiB4bWxucz0iaHR0cDovL3d3dy53My5vcmcvMjAwMC9zdmciPjwvc3ZnPg==\" style=\"--smush-placeholder-width: 300px; --smush-placeholder-aspect-ratio: 300\/250;\"><\/figure>\n\n\n\n<figure class=\"wp-block-image size-large\"><img decoding=\"async\" width=\"1024\" height=\"683\" data-src=\"https:\/\/gazetaregionalna.com\/wp-content\/uploads\/2022\/09\/Norwid-Astra-1-1024x683.jpg\" alt=\"\" class=\"wp-image-93603 lazyload\" data-srcset=\"https:\/\/gazetaregionalna.com\/wp-content\/uploads\/2022\/09\/Norwid-Astra-1-1024x683.jpg 1024w, https:\/\/gazetaregionalna.com\/wp-content\/uploads\/2022\/09\/Norwid-Astra-1-300x200.jpg 300w, https:\/\/gazetaregionalna.com\/wp-content\/uploads\/2022\/09\/Norwid-Astra-1-768x512.jpg 768w, https:\/\/gazetaregionalna.com\/wp-content\/uploads\/2022\/09\/Norwid-Astra-1-1536x1024.jpg 1536w, https:\/\/gazetaregionalna.com\/wp-content\/uploads\/2022\/09\/Norwid-Astra-1-2048x1366.jpg 2048w, https:\/\/gazetaregionalna.com\/wp-content\/uploads\/2022\/09\/Norwid-Astra-1-696x464.jpg 696w, https:\/\/gazetaregionalna.com\/wp-content\/uploads\/2022\/09\/Norwid-Astra-1-1068x712.jpg 1068w, https:\/\/gazetaregionalna.com\/wp-content\/uploads\/2022\/09\/Norwid-Astra-1-1920x1280.jpg 1920w, https:\/\/gazetaregionalna.com\/wp-content\/uploads\/2022\/09\/Norwid-Astra-1-630x420.jpg 630w, https:\/\/gazetaregionalna.com\/wp-content\/uploads\/2022\/09\/Norwid-Astra-1-scaled.jpg 1600w\" data-sizes=\"(max-width: 1024px) 100vw, 1024px\" src=\"data:image\/svg+xml;base64,PHN2ZyB3aWR0aD0iMSIgaGVpZ2h0PSIxIiB4bWxucz0iaHR0cDovL3d3dy53My5vcmcvMjAwMC9zdmciPjwvc3ZnPg==\" style=\"--smush-placeholder-width: 1024px; --smush-placeholder-aspect-ratio: 1024\/683;\" \/><\/figure>\n","protected":false},"excerpt":{"rendered":"<p>Siatkarze Exact Systems Norwid po zaci\u0119tym spotkaniu przegrali w Tomaszowie Mazowieckim z Lechi\u0105 2:3. Siatkarze Exact Systems Norwid w sobot\u0119 walczyli o 3 zwyci\u0119stwo<\/p>\n","protected":false},"author":15,"featured_media":93603,"comment_status":"closed","ping_status":"open","sticky":false,"template":"","format":"standard","meta":{"_monsterinsights_skip_tracking":false,"_monsterinsights_sitenote_active":false,"_monsterinsights_sitenote_note":"","_monsterinsights_sitenote_category":0,"_uf_show_specific_survey":0,"_uf_disable_surveys":false,"footnotes":""},"categories":[5,8],"tags":[],"class_list":["post-94476","post","type-post","status-publish","format-standard","has-post-thumbnail","hentry","category-sport","category-siatkowka"],"_links":{"self":[{"href":"https:\/\/gazetaregionalna.com\/index.php?rest_route=\/wp\/v2\/posts\/94476","targetHints":{"allow":["GET"]}}],"collection":[{"href":"https:\/\/gazetaregionalna.com\/index.php?rest_route=\/wp\/v2\/posts"}],"about":[{"href":"https:\/\/gazetaregionalna.com\/index.php?rest_route=\/wp\/v2\/types\/post"}],"author":[{"embeddable":true,"href":"https:\/\/gazetaregionalna.com\/index.php?rest_route=\/wp\/v2\/users\/15"}],"replies":[{"embeddable":true,"href":"https:\/\/gazetaregionalna.com\/index.php?rest_route=%2Fwp%2Fv2%2Fcomments&post=94476"}],"version-history":[{"count":1,"href":"https:\/\/gazetaregionalna.com\/index.php?rest_route=\/wp\/v2\/posts\/94476\/revisions"}],"predecessor-version":[{"id":94477,"href":"https:\/\/gazetaregionalna.com\/index.php?rest_route=\/wp\/v2\/posts\/94476\/revisions\/94477"}],"wp:featuredmedia":[{"embeddable":true,"href":"https:\/\/gazetaregionalna.com\/index.php?rest_route=\/wp\/v2\/media\/93603"}],"wp:attachment":[{"href":"https:\/\/gazetaregionalna.com\/index.php?rest_route=%2Fwp%2Fv2%2Fmedia&parent=94476"}],"wp:term":[{"taxonomy":"category","embeddable":true,"href":"https:\/\/gazetaregionalna.com\/index.php?rest_route=%2Fwp%2Fv2%2Fcategories&post=94476"},{"taxonomy":"post_tag","embeddable":true,"href":"https:\/\/gazetaregionalna.com\/index.php?rest_route=%2Fwp%2Fv2%2Ftags&post=94476"}],"curies":[{"name":"wp","href":"https:\/\/api.w.org\/{rel}","templated":true}]}}