{"id":9447,"date":"2020-01-22T08:22:55","date_gmt":"2020-01-22T08:22:55","guid":{"rendered":"https:\/\/gazetaregionalna.com\/?p=9447"},"modified":"2020-01-22T08:22:58","modified_gmt":"2020-01-22T08:22:58","slug":"pospieszalscy-koleduja","status":"publish","type":"post","link":"https:\/\/gazetaregionalna.com\/?p=9447","title":{"rendered":"Pospieszalscy kol\u0119duj\u0105"},"content":{"rendered":"\n<p>Znana rodzina muzyk\u00f3w cz\u0119stochowskich wyst\u0105pi w najbli\u017cszy pi\u0105tek w Filharmonii Cz\u0119stochowskiej. Wydarzenie pod has\u0142em \u201eKol\u0119dy Pospieszalskich\u201d odb\u0119dzie si\u0119 w najbli\u017cszy pi\u0105tek, 25 stycznia. Na scenie wyst\u0105pi\u0105 muzycy wywodz\u0105cych si\u0119 z tej rodziny. Pospieszalscy wyst\u0105pi\u0105 w sk\u0142adzie:<br> Basia &#8211; skrzypce, \u015bpiew<br> Lidia &#8211; \u015bpiew, b\u0119benek<br> Natalia &#8211; flet, \u015bpiew<br> Paulina &#8211; flet, \u015bpiew<br> Barbara Ewa \u2013 fortepian, \u015bpiew<br> Franek &#8211; kontrabas, gitara basowa, \u015bpiew<br> Janek &#8211; gitara, kontrabas, \u015bpiew<br> Karol &#8211; gitara, alt\u00f3wka, tr\u0105bka, tuba, \u015bpiew<br> Mateusz &#8211; saksofony, klarnet, flet, \u015bpiew<br> \u0141ukasz &#8211; fortepian, klawisze, \u015bpiew<br> Marcin &#8211; skrzypce, kontrabas, gitara basowa, cymba\u0142y, fortepian, \u015bpiew<br> Marek &#8211; saksofon, klarnet, \u015bpiew<br> Miko\u0142aj &#8211; kontrabas, gitara basowa, skrzypce, \u015bpiew<br> Nikodem &#8211; perkusja, \u015bpiew<br> Szczepan &#8211; tr\u0105bka, \u015bpiew<\/p>\n\n\n\n<p>\nMiko\u0142aj\n&#8211; kontrabas, gitara basowa, skrzypce, \u015bpiew<br>\nNikodem &#8211; perkusja,\n\u015bpiew<br>\nSzczepan &#8211; tr\u0105bka, \u015bpiew.<\/p>\n\n\n\n<p>\nMuzykom\ntowarzyszy\u0107 b\u0119dzie Orkiestra Filharmonii Cz\u0119stochowskiej.<\/p>\n\n\n\n<p>\nPocz\u0105tek\nkoncertu godzina 19.<\/p>\n\n\n\n<p>\nBilety\nw cenie  45\nz\u0142 ulgowy i\n50\nz\u0142 normalny dost\u0119pne\nw kasie Filharmonii i na stronie: bilety.filharmonia.com.pl\n.<\/p>\n","protected":false},"excerpt":{"rendered":"<p>Znana rodzina muzyk\u00f3w cz\u0119stochowskich wyst\u0105pi w najbli\u017cszy pi\u0105tek w Filharmonii Cz\u0119stochowskiej. Wydarzenie pod has\u0142em \u201eKol\u0119dy Pospieszalskich\u201d odb\u0119dzie si\u0119 w najbli\u017cszy pi\u0105tek, 25 stycznia. Na<\/p>\n","protected":false},"author":7,"featured_media":0,"comment_status":"open","ping_status":"open","sticky":false,"template":"","format":"standard","meta":{"_monsterinsights_skip_tracking":false,"_monsterinsights_sitenote_active":false,"_monsterinsights_sitenote_note":"","_monsterinsights_sitenote_category":0,"_uf_show_specific_survey":0,"_uf_disable_surveys":false,"footnotes":""},"categories":[3,12,94,2,13],"tags":[],"class_list":["post-9447","post","type-post","status-publish","format-standard","hentry","category-czestochowa-informacje","category-kultura-i-rozrywka","category-polecane","category-wiadomosci","category-wydarzenia"],"_links":{"self":[{"href":"https:\/\/gazetaregionalna.com\/index.php?rest_route=\/wp\/v2\/posts\/9447","targetHints":{"allow":["GET"]}}],"collection":[{"href":"https:\/\/gazetaregionalna.com\/index.php?rest_route=\/wp\/v2\/posts"}],"about":[{"href":"https:\/\/gazetaregionalna.com\/index.php?rest_route=\/wp\/v2\/types\/post"}],"author":[{"embeddable":true,"href":"https:\/\/gazetaregionalna.com\/index.php?rest_route=\/wp\/v2\/users\/7"}],"replies":[{"embeddable":true,"href":"https:\/\/gazetaregionalna.com\/index.php?rest_route=%2Fwp%2Fv2%2Fcomments&post=9447"}],"version-history":[{"count":1,"href":"https:\/\/gazetaregionalna.com\/index.php?rest_route=\/wp\/v2\/posts\/9447\/revisions"}],"predecessor-version":[{"id":9449,"href":"https:\/\/gazetaregionalna.com\/index.php?rest_route=\/wp\/v2\/posts\/9447\/revisions\/9449"}],"wp:attachment":[{"href":"https:\/\/gazetaregionalna.com\/index.php?rest_route=%2Fwp%2Fv2%2Fmedia&parent=9447"}],"wp:term":[{"taxonomy":"category","embeddable":true,"href":"https:\/\/gazetaregionalna.com\/index.php?rest_route=%2Fwp%2Fv2%2Fcategories&post=9447"},{"taxonomy":"post_tag","embeddable":true,"href":"https:\/\/gazetaregionalna.com\/index.php?rest_route=%2Fwp%2Fv2%2Ftags&post=9447"}],"curies":[{"name":"wp","href":"https:\/\/api.w.org\/{rel}","templated":true}]}}