{"id":94438,"date":"2022-10-07T14:20:40","date_gmt":"2022-10-07T14:20:40","guid":{"rendered":"https:\/\/gazetaregionalna.com\/?p=94438"},"modified":"2022-10-07T14:20:43","modified_gmt":"2022-10-07T14:20:43","slug":"kolejny-slaski-zespol-na-drodze-skry-czestochowa","status":"publish","type":"post","link":"https:\/\/gazetaregionalna.com\/?p=94438","title":{"rendered":"Kolejny \u201e\u015bl\u0105ski\u201d zesp\u00f3\u0142 na drodze Skry Cz\u0119stochowa"},"content":{"rendered":"\n<p>Pi\u0142karze Skry Cz\u0119stochowa w 13 kolejce Fortuna 1 Ligi zagraj\u0105 w Tychach z GKS-em. To kolejny \u201e\u015bl\u0105ski\u201d rywal na drodze pi\u0142karzy Skry.<\/p>\n\n\n\n<p>Pi\u0142karze Skry Cz\u0119stochowa w miniony weekend przegrali w Be\u0142chatowie z GKS-em Katowice 0:1. W sobot\u0119 zmierz\u0105 si\u0119 z kolejnym rywalem z wojew\u00f3dztwa \u015bl\u0105skiego. GKS Tychy w lidze prezentuje si\u0119 podobnie to Skry. W 12 meczach wywalczy\u0142 15 punkt\u00f3w i zajmuje 12. miejsce w tabeli. Nad 14. Skr\u0105 ma tylko punkt przewagi. Dlatego w Tychach mo\u017cna spodziewa\u0107 si\u0119 zaci\u0119tego spotkania, bo ka\u017cdy b\u0119dzie chcia\u0142 wygra\u0107.<\/p>\n\n\n\n<p>Pi\u0142karze Skry musz\u0105 zacz\u0105\u0107 punktowa\u0107, bo nad stref\u0105 spadkow\u0105 maj\u0105 ju\u017c tylko 3 punkty przewagi.<\/p>\n\n\n\n<p>AK, fot: Natanael Brewczy\u0144ski (Skra Cz\u0119stochowa)<\/p>\n\n\n\n<figure class=\"wp-block-image size-large\"><img decoding=\"async\" width=\"1024\" height=\"683\" data-src=\"https:\/\/gazetaregionalna.com\/wp-content\/uploads\/2022\/10\/Skra-GKSKatowice-fot-Natanael-Brewczynski.jpg\" alt=\"\" class=\"wp-image-94142 lazyload\" data-srcset=\"https:\/\/gazetaregionalna.com\/wp-content\/uploads\/2022\/10\/Skra-GKSKatowice-fot-Natanael-Brewczynski.jpg 1024w, https:\/\/gazetaregionalna.com\/wp-content\/uploads\/2022\/10\/Skra-GKSKatowice-fot-Natanael-Brewczynski-300x200.jpg 300w, https:\/\/gazetaregionalna.com\/wp-content\/uploads\/2022\/10\/Skra-GKSKatowice-fot-Natanael-Brewczynski-768x512.jpg 768w, https:\/\/gazetaregionalna.com\/wp-content\/uploads\/2022\/10\/Skra-GKSKatowice-fot-Natanael-Brewczynski-696x464.jpg 696w, https:\/\/gazetaregionalna.com\/wp-content\/uploads\/2022\/10\/Skra-GKSKatowice-fot-Natanael-Brewczynski-630x420.jpg 630w\" data-sizes=\"(max-width: 1024px) 100vw, 1024px\" src=\"data:image\/svg+xml;base64,PHN2ZyB3aWR0aD0iMSIgaGVpZ2h0PSIxIiB4bWxucz0iaHR0cDovL3d3dy53My5vcmcvMjAwMC9zdmciPjwvc3ZnPg==\" style=\"--smush-placeholder-width: 1024px; --smush-placeholder-aspect-ratio: 1024\/683;\" \/><\/figure>\n\n\n\n<figure class=\"wp-block-image size-large\"><img decoding=\"async\" width=\"300\" height=\"250\" data-src=\"https:\/\/gazetaregionalna.com\/wp-content\/uploads\/2022\/04\/DMK-3.jpg\" alt=\"\" class=\"wp-image-77211 lazyload\" src=\"data:image\/svg+xml;base64,PHN2ZyB3aWR0aD0iMSIgaGVpZ2h0PSIxIiB4bWxucz0iaHR0cDovL3d3dy53My5vcmcvMjAwMC9zdmciPjwvc3ZnPg==\" style=\"--smush-placeholder-width: 300px; --smush-placeholder-aspect-ratio: 300\/250;\"><\/figure>\n","protected":false},"excerpt":{"rendered":"<p>Pi\u0142karze Skry Cz\u0119stochowa w 13 kolejce Fortuna 1 Ligi zagraj\u0105 w Tychach z GKS-em. To kolejny \u201e\u015bl\u0105ski\u201d rywal na drodze pi\u0142karzy Skry. Pi\u0142karze Skry<\/p>\n","protected":false},"author":15,"featured_media":94142,"comment_status":"closed","ping_status":"open","sticky":false,"template":"","format":"standard","meta":{"_monsterinsights_skip_tracking":false,"_monsterinsights_sitenote_active":false,"_monsterinsights_sitenote_note":"","_monsterinsights_sitenote_category":0,"_uf_show_specific_survey":0,"_uf_disable_surveys":false,"footnotes":""},"categories":[5,6],"tags":[],"class_list":["post-94438","post","type-post","status-publish","format-standard","has-post-thumbnail","hentry","category-sport","category-pilka-nozna"],"_links":{"self":[{"href":"https:\/\/gazetaregionalna.com\/index.php?rest_route=\/wp\/v2\/posts\/94438","targetHints":{"allow":["GET"]}}],"collection":[{"href":"https:\/\/gazetaregionalna.com\/index.php?rest_route=\/wp\/v2\/posts"}],"about":[{"href":"https:\/\/gazetaregionalna.com\/index.php?rest_route=\/wp\/v2\/types\/post"}],"author":[{"embeddable":true,"href":"https:\/\/gazetaregionalna.com\/index.php?rest_route=\/wp\/v2\/users\/15"}],"replies":[{"embeddable":true,"href":"https:\/\/gazetaregionalna.com\/index.php?rest_route=%2Fwp%2Fv2%2Fcomments&post=94438"}],"version-history":[{"count":1,"href":"https:\/\/gazetaregionalna.com\/index.php?rest_route=\/wp\/v2\/posts\/94438\/revisions"}],"predecessor-version":[{"id":94439,"href":"https:\/\/gazetaregionalna.com\/index.php?rest_route=\/wp\/v2\/posts\/94438\/revisions\/94439"}],"wp:featuredmedia":[{"embeddable":true,"href":"https:\/\/gazetaregionalna.com\/index.php?rest_route=\/wp\/v2\/media\/94142"}],"wp:attachment":[{"href":"https:\/\/gazetaregionalna.com\/index.php?rest_route=%2Fwp%2Fv2%2Fmedia&parent=94438"}],"wp:term":[{"taxonomy":"category","embeddable":true,"href":"https:\/\/gazetaregionalna.com\/index.php?rest_route=%2Fwp%2Fv2%2Fcategories&post=94438"},{"taxonomy":"post_tag","embeddable":true,"href":"https:\/\/gazetaregionalna.com\/index.php?rest_route=%2Fwp%2Fv2%2Ftags&post=94438"}],"curies":[{"name":"wp","href":"https:\/\/api.w.org\/{rel}","templated":true}]}}