{"id":9427,"date":"2020-01-21T08:37:54","date_gmt":"2020-01-21T08:37:54","guid":{"rendered":"https:\/\/gazetaregionalna.com\/?p=9427"},"modified":"2020-01-21T08:37:57","modified_gmt":"2020-01-21T08:37:57","slug":"koncert-dla-przyjaciela","status":"publish","type":"post","link":"https:\/\/gazetaregionalna.com\/?p=9427","title":{"rendered":"Koncert dla przyjaciela"},"content":{"rendered":"\n<h2 class=\"wp-block-heading\"> Polskie Stowarzyszanie Jazzu Tradycyjnego przy wsp\u00f3\u0142pracy Filharmonii Cz\u0119stochowskiej zapraszaj\u0105 na wyj\u0105tkowy koncert, z kt\u00f3rego doch\u00f3d zostanie przekazany na leczenie legendy Polskiego Jazzu Wojtka\u00a0&#8222;Wojcies\u0142awa&#8221;\u00a0Kami\u0144skiego \u2014 pianisty\u00a0jazzowego, kompozytora, pedagoga.\u00a0<\/h2>\n\n\n\n<p>Artysta od wielu lat zwi\u0105zany jest z Cz\u0119stochow\u0105. Ten znakomity muzyk przez wiele lat koncertowa\u0142 z zespo\u0142em Five O&#8217;Clock Orchestra. To miasto Cz\u0119stochowa jest dla niego drugim po rodzinnej Warszawie domem. W zwi\u0105zku z chorob\u0105 Wojtka\u00a0&#8222;Wojcies\u0142awa&#8221;\u00a0Kami\u0144skiego, jego przyjaciele postanowili zorganizowa\u0107 koncert, z kt\u00f3rego doch\u00f3d przekazany zostanie na leczenie artysty.<br> <br> W Sali Koncertowej Filharmonii Cz\u0119stochowskiej wyst\u0105pi\u0105 znakomite zespo\u0142u oraz przyjaciele Wojtka: Five O&#8217;Clock Orchestra, Andrzej Jagodzi\u0144ski Trio &amp; Agnieszka Wilczy\u0144ska.<br> Ten niezwyk\u0142y koncert odb\u0119dzie si\u0119 w poniedzia\u0142ek, 27 stycznia o godzinie 19.<br> <br> Bilet wst\u0119pu w cenie 50 z\u0142 dost\u0119pny jest w:<br> <br> kasie\u00a0Filharmonii Cz\u0119stochowskiej ul. Wilsona 16;<br> tel. 795 451 438 kasa@filharmonia.com.pl<br> (kasa czynna:\u00a0poniedzia\u0142ek &#8211; pi\u0105tek\u00a09.00 \u2013 19.00) oraz on-line: https:\/\/bilety.filharmonia.com.pl\/MSI\/OrderTickets.aspx?event_id=3328\u00a0. <\/p>\n","protected":false},"excerpt":{"rendered":"<p>Polskie Stowarzyszanie Jazzu Tradycyjnego przy wsp\u00f3\u0142pracy Filharmonii Cz\u0119stochowskiej zapraszaj\u0105 na wyj\u0105tkowy koncert, z kt\u00f3rego doch\u00f3d zostanie przekazany na leczenie legendy Polskiego Jazzu Wojtka\u00a0&#8222;Wojcies\u0142awa&#8221;\u00a0Kami\u0144skiego \u2014<\/p>\n","protected":false},"author":7,"featured_media":0,"comment_status":"open","ping_status":"open","sticky":false,"template":"","format":"standard","meta":{"_monsterinsights_skip_tracking":false,"_monsterinsights_sitenote_active":false,"_monsterinsights_sitenote_note":"","_monsterinsights_sitenote_category":0,"_uf_show_specific_survey":0,"_uf_disable_surveys":false,"footnotes":""},"categories":[3,12,94,2,13],"tags":[],"class_list":["post-9427","post","type-post","status-publish","format-standard","hentry","category-czestochowa-informacje","category-kultura-i-rozrywka","category-polecane","category-wiadomosci","category-wydarzenia"],"_links":{"self":[{"href":"https:\/\/gazetaregionalna.com\/index.php?rest_route=\/wp\/v2\/posts\/9427","targetHints":{"allow":["GET"]}}],"collection":[{"href":"https:\/\/gazetaregionalna.com\/index.php?rest_route=\/wp\/v2\/posts"}],"about":[{"href":"https:\/\/gazetaregionalna.com\/index.php?rest_route=\/wp\/v2\/types\/post"}],"author":[{"embeddable":true,"href":"https:\/\/gazetaregionalna.com\/index.php?rest_route=\/wp\/v2\/users\/7"}],"replies":[{"embeddable":true,"href":"https:\/\/gazetaregionalna.com\/index.php?rest_route=%2Fwp%2Fv2%2Fcomments&post=9427"}],"version-history":[{"count":1,"href":"https:\/\/gazetaregionalna.com\/index.php?rest_route=\/wp\/v2\/posts\/9427\/revisions"}],"predecessor-version":[{"id":9429,"href":"https:\/\/gazetaregionalna.com\/index.php?rest_route=\/wp\/v2\/posts\/9427\/revisions\/9429"}],"wp:attachment":[{"href":"https:\/\/gazetaregionalna.com\/index.php?rest_route=%2Fwp%2Fv2%2Fmedia&parent=9427"}],"wp:term":[{"taxonomy":"category","embeddable":true,"href":"https:\/\/gazetaregionalna.com\/index.php?rest_route=%2Fwp%2Fv2%2Fcategories&post=9427"},{"taxonomy":"post_tag","embeddable":true,"href":"https:\/\/gazetaregionalna.com\/index.php?rest_route=%2Fwp%2Fv2%2Ftags&post=9427"}],"curies":[{"name":"wp","href":"https:\/\/api.w.org\/{rel}","templated":true}]}}