{"id":94261,"date":"2022-10-04T11:20:04","date_gmt":"2022-10-04T11:20:04","guid":{"rendered":"https:\/\/gazetaregionalna.com\/?p=94261"},"modified":"2022-10-04T11:20:05","modified_gmt":"2022-10-04T11:20:05","slug":"cuk-w-czestochowie-przypomina","status":"publish","type":"post","link":"https:\/\/gazetaregionalna.com\/?p=94261","title":{"rendered":"CUK w Cz\u0119stochowie przypomina, co robi\u0107 z suchymi ga\u0142\u0119ziami i li\u015b\u0107mi"},"content":{"rendered":"\n<p><strong>Centrum Us\u0142ug Komunalnych przypomina, jak w\u0142a\u015bciwie post\u0119powa\u0107 z licznymi o tej porze roku ,,zielonymi\u201d odpadami pochodz\u0105cymi z zamieszkanych posesji.<\/strong><br><br>Okres jesienny sprzyja gromadzeniu si\u0119 li\u015bci i ga\u0142\u0119zi na posesjach \u2013 z racji tych zwi\u0119kszonych potrzeb zwi\u0105zanych z odprowadzaniem odpad\u00f3w zielonych, CUK przypomina, jak z nimi post\u0119powa\u0107.<br><br>Nale\u017cy gromadzi\u0107 je w odpowiednich pojemnikach \u2013 tych w kolorze br\u0105zowym \u2013 przeznaczonych na ulegaj\u0105ce biodegradacji odpady komunalne (trawa, li\u015bcie i chwasty).<br><br>Mo\u017cna te\u017c we w\u0142asnym zakresie dostarczy\u0107 je do Stacjonarnego Punktu Selektywnej Zbi\u00f3rki Odpad\u00f3w Komunalnych w Sobuczynie lub do Terenowych Og\u00f3lnodost\u0119pnych Punkt\u00f3w Selektywnego Zbierania Odpad\u00f3w Zielonych.<\/p>\n\n\n\n<p>Takie Terenowe Punkty to kontenery ustawiane w poszczeg\u00f3lnych dzielnicach Cz\u0119stochowy, w wyznaczonych do tego miejscach. Dost\u0119pne s\u0105 przez ca\u0142y rok z wyj\u0105tkiem stycznia. Ze wzgl\u0119du na potrzeby mieszkanek i mieszka\u0144c\u00f3w okres funkcjonowania Terenowych Punkt\u00f3w mo\u017ce ulec wyd\u0142u\u017ceniu.<\/p>\n\n\n\n<p>Odpady z nich odbierane s\u0105 zgodnie z harmonogramem odbioru odpad\u00f3w komunalnych zielonych dla danej dzielnicy. Terenowe Og\u00f3lnodost\u0119pne Punkty Selektywnego Zbierania Odpad\u00f3w Zielonych znajduj\u0105 si\u0119 w nast\u0119puj\u0105cych miejscach:<br><br>B\u0142eszno: ul. Grzybowska \u2013 teren ogr\u00f3dk\u00f3w dzia\u0142kowych<br>P\u00f3\u0142noc: ul. Kutrzeby \u2013 miedzy nr 32 a gara\u017cami<br>Mir\u00f3w: ul. Mirowska \u2013 mi\u0119dzy ogr\u00f3dkami dzia\u0142kowymi (Relaks \u2013 Gwarek)<br>Tysi\u0105clecie: ul. Wa\u0142y Dwernickiego \u2013 obok stacji wodoci\u0105g\u00f3w<br>Wrzosowiak: ul. Cedrowa \u2013 obok ogr\u00f3dk\u00f3w dzia\u0142kowych Hutnik<br>Wyczerpy: ul. Ugody 7A<br>Zawodzie: ul. Bystra \u2013 obok ogr\u00f3dk\u00f3w dzia\u0142kowych<br>Lisiniec: ul. Wejherowska \u2013 obok cmentarza komunalnego<\/p>\n\n\n\n<p>Harmonogram odbioru wszystkich odpad\u00f3w znajduje si\u0119 na stronie <a href=\"https:\/\/cuk.czestochowa.pl\/harmonogram-wywozu-odpadow\" target=\"_blank\" rel=\"noopener\">CUK<\/a>.<\/p>\n\n\n\n<p>LN\/UM Cz\u0119stochowy<\/p>\n","protected":false},"excerpt":{"rendered":"<p>Centrum Us\u0142ug Komunalnych przypomina, jak w\u0142a\u015bciwie post\u0119powa\u0107 z licznymi o tej porze roku ,,zielonymi\u201d odpadami pochodz\u0105cymi z zamieszkanych posesji. Okres jesienny sprzyja gromadzeniu si\u0119<\/p>\n","protected":false},"author":26,"featured_media":94262,"comment_status":"closed","ping_status":"open","sticky":false,"template":"","format":"standard","meta":{"_monsterinsights_skip_tracking":false,"_monsterinsights_sitenote_active":false,"_monsterinsights_sitenote_note":"","_monsterinsights_sitenote_category":0,"_uf_show_specific_survey":0,"_uf_disable_surveys":false,"footnotes":""},"categories":[3,2],"tags":[4044,6504,6503,6505],"class_list":["post-94261","post","type-post","status-publish","format-standard","has-post-thumbnail","hentry","category-czestochowa-informacje","category-wiadomosci","tag-centrum-uslug-komunalnych-w-czestochowie","tag-cuk","tag-odpady-bio","tag-terenowe-ogolnodostepne-punkty-selektywnego-zbierania-odpadow-zielonych"],"_links":{"self":[{"href":"https:\/\/gazetaregionalna.com\/index.php?rest_route=\/wp\/v2\/posts\/94261","targetHints":{"allow":["GET"]}}],"collection":[{"href":"https:\/\/gazetaregionalna.com\/index.php?rest_route=\/wp\/v2\/posts"}],"about":[{"href":"https:\/\/gazetaregionalna.com\/index.php?rest_route=\/wp\/v2\/types\/post"}],"author":[{"embeddable":true,"href":"https:\/\/gazetaregionalna.com\/index.php?rest_route=\/wp\/v2\/users\/26"}],"replies":[{"embeddable":true,"href":"https:\/\/gazetaregionalna.com\/index.php?rest_route=%2Fwp%2Fv2%2Fcomments&post=94261"}],"version-history":[{"count":1,"href":"https:\/\/gazetaregionalna.com\/index.php?rest_route=\/wp\/v2\/posts\/94261\/revisions"}],"predecessor-version":[{"id":94263,"href":"https:\/\/gazetaregionalna.com\/index.php?rest_route=\/wp\/v2\/posts\/94261\/revisions\/94263"}],"wp:featuredmedia":[{"embeddable":true,"href":"https:\/\/gazetaregionalna.com\/index.php?rest_route=\/wp\/v2\/media\/94262"}],"wp:attachment":[{"href":"https:\/\/gazetaregionalna.com\/index.php?rest_route=%2Fwp%2Fv2%2Fmedia&parent=94261"}],"wp:term":[{"taxonomy":"category","embeddable":true,"href":"https:\/\/gazetaregionalna.com\/index.php?rest_route=%2Fwp%2Fv2%2Fcategories&post=94261"},{"taxonomy":"post_tag","embeddable":true,"href":"https:\/\/gazetaregionalna.com\/index.php?rest_route=%2Fwp%2Fv2%2Ftags&post=94261"}],"curies":[{"name":"wp","href":"https:\/\/api.w.org\/{rel}","templated":true}]}}