{"id":94252,"date":"2022-10-04T06:38:44","date_gmt":"2022-10-04T06:38:44","guid":{"rendered":"https:\/\/gazetaregionalna.com\/?p=94252"},"modified":"2022-10-04T06:38:44","modified_gmt":"2022-10-04T06:38:44","slug":"przetarg-na-33-czestochowskie-lokale","status":"publish","type":"post","link":"https:\/\/gazetaregionalna.com\/?p=94252","title":{"rendered":"Przetarg na 33 cz\u0119stochowskie lokale"},"content":{"rendered":"\n<p><strong>Miasto og\u0142osi\u0142o przetarg na wynajem 33 lokali u\u017cytkowych w r\u00f3\u017cnych lokalizacjach i ze zr\u00f3\u017cnicowanymi stawkami czynszu. Oferty mo\u017cna sk\u0142ada\u0107 do 7 pa\u017adziernika.<br><\/strong><br>Mo\u017cliwe jest wynaj\u0119cie lokali przy alei Naj\u015bwi\u0119tszej Maryi Panny, alei Pokoju, a tak\u017ce ulicach: Bardowskiego, Pi\u0142sudskiego, Warszawskiej, Bienia, Nowowiejskiego, Waszyngtona, Zacisza\u0144skiej, Cmentarnej, Kosmicznej, Kuncewiczowej, Limanowskiego, Rydla, Wilsona, Wira\u017cowej i \u017bareckiej.<br><br>Na li\u015bcie znalaz\u0142y si\u0119 tak\u017ce dwa lokale u\u017cytkowe przeznaczone na prowadzenie dzia\u0142alno\u015bci gospodarczej z wy\u0142\u0105czeniem handlu artyku\u0142ami spo\u017cywczymi i monopolowymi. Znajduj\u0105 si\u0119 one przy ulicy Polskiej Organizacji Wojskowej i alei Pokoju.<br><br>Powierzchnia lokali waha si\u0119 od 10,5 m2 (ul. Bienia 14) do 276 m2 (aleja Pokoju 8), a minimalne stawki czynszu za metr mieszcz\u0105 si\u0119 w przedziale od 7 z\u0142 (ul. Rydla) do 50 z\u0142 (aleja NMP 46).<br><br>Oferty mo\u017cna sk\u0142ada\u0107 do 7 pa\u017adziernika, w Biurze Obs\u0142ugi Interesanta Urz\u0119du Miasta Cz\u0119stochowy przy ul. \u015al\u0105skiej 11\/13 (stanowisko A1 i A2). Otwarcie ofert odb\u0119dzie si\u0119 tego samego dnia o godz. 14.00.<\/p>\n\n\n\n<p>Jaki\u015b czas temu, miasto og\u0142osi\u0142o r\u00f3wnie\u017c 2 inne przetargi. Jeden dotyczy <a href=\"https:\/\/gazetaregionalna.com\/drugi-przetarg-na-energie-elektryczna\/\">dostawy energii elektrycznej<\/a>, a drugi <a href=\"https:\/\/gazetaregionalna.com\/przetarg-inwestycja-rowerowa\/\">realizacji inwestycji rowerowej<\/a>.<\/p>\n\n\n\n<p>(LN, mat. UM Cz\u0119stochowy)<\/p>\n","protected":false},"excerpt":{"rendered":"<p>Miasto og\u0142osi\u0142o przetarg na wynajem 33 lokali u\u017cytkowych w r\u00f3\u017cnych lokalizacjach i ze zr\u00f3\u017cnicowanymi stawkami czynszu. Oferty mo\u017cna sk\u0142ada\u0107 do 7 pa\u017adziernika.Mo\u017cliwe jest wynaj\u0119cie<\/p>\n","protected":false},"author":26,"featured_media":71799,"comment_status":"closed","ping_status":"open","sticky":false,"template":"","format":"standard","meta":{"_monsterinsights_skip_tracking":false,"_monsterinsights_sitenote_active":false,"_monsterinsights_sitenote_note":"","_monsterinsights_sitenote_category":0,"_uf_show_specific_survey":0,"_uf_disable_surveys":false,"footnotes":""},"categories":[33,3,2],"tags":[144,6496,6495,3901,4747],"class_list":["post-94252","post","type-post","status-publish","format-standard","has-post-thumbnail","hentry","category-inwestycje","category-czestochowa-informacje","category-wiadomosci","tag-czestochowa","tag-czestochowskie-lokale","tag-lokale-na-wynajem","tag-przetarg","tag-um-czestochowy"],"_links":{"self":[{"href":"https:\/\/gazetaregionalna.com\/index.php?rest_route=\/wp\/v2\/posts\/94252","targetHints":{"allow":["GET"]}}],"collection":[{"href":"https:\/\/gazetaregionalna.com\/index.php?rest_route=\/wp\/v2\/posts"}],"about":[{"href":"https:\/\/gazetaregionalna.com\/index.php?rest_route=\/wp\/v2\/types\/post"}],"author":[{"embeddable":true,"href":"https:\/\/gazetaregionalna.com\/index.php?rest_route=\/wp\/v2\/users\/26"}],"replies":[{"embeddable":true,"href":"https:\/\/gazetaregionalna.com\/index.php?rest_route=%2Fwp%2Fv2%2Fcomments&post=94252"}],"version-history":[{"count":1,"href":"https:\/\/gazetaregionalna.com\/index.php?rest_route=\/wp\/v2\/posts\/94252\/revisions"}],"predecessor-version":[{"id":94253,"href":"https:\/\/gazetaregionalna.com\/index.php?rest_route=\/wp\/v2\/posts\/94252\/revisions\/94253"}],"wp:featuredmedia":[{"embeddable":true,"href":"https:\/\/gazetaregionalna.com\/index.php?rest_route=\/wp\/v2\/media\/71799"}],"wp:attachment":[{"href":"https:\/\/gazetaregionalna.com\/index.php?rest_route=%2Fwp%2Fv2%2Fmedia&parent=94252"}],"wp:term":[{"taxonomy":"category","embeddable":true,"href":"https:\/\/gazetaregionalna.com\/index.php?rest_route=%2Fwp%2Fv2%2Fcategories&post=94252"},{"taxonomy":"post_tag","embeddable":true,"href":"https:\/\/gazetaregionalna.com\/index.php?rest_route=%2Fwp%2Fv2%2Ftags&post=94252"}],"curies":[{"name":"wp","href":"https:\/\/api.w.org\/{rel}","templated":true}]}}