{"id":94248,"date":"2022-10-04T04:23:52","date_gmt":"2022-10-04T04:23:52","guid":{"rendered":"https:\/\/gazetaregionalna.com\/?p=94248"},"modified":"2022-10-04T04:24:24","modified_gmt":"2022-10-04T04:24:24","slug":"dom-ksiecia-miasto-wystawilo-na-sprzedaz-legendarna-kamienice","status":"publish","type":"post","link":"https:\/\/gazetaregionalna.com\/?p=94248","title":{"rendered":"Kto kupi Dom Ksi\u0119cia? Miasto wystawi\u0142o na sprzeda\u017c legendarn\u0105 kamienic\u0119"},"content":{"rendered":"\n<h2 class=\"wp-block-heading\">Dom Ksi\u0119cia wystawiony na sprzeda\u017c. Cena wywo\u0142awcza kilku dzia\u0142ek stanowi\u0105cych ca\u0142y kompleks to ponad 10 milion\u00f3w z\u0142otych.<\/h2>\n\n\n\n<p>Budynek powsta\u0142 ok.1912, na zam\u00f3wienie wielkiego ksi\u0119cia Micha\u0142a Romanowa, wed\u0142ug projektu Brunona Paprockiego. Ogromna, trzypi\u0119trowa kamienica, znajduje si\u0119 pomi\u0119dzy alej\u0105 Wolno\u015bci, ul. Jana III Sobieskiego i ul. Boya \u017bele\u0144skiego.<\/p>\n\n\n\n<p>Wi\u0119kszo\u015b\u0107 cz\u0119stochowian kojarzy to miejsce, w kt\u00f3rym kryje si\u0119 kawa\u0142ek historii miasta. Dom Ksi\u0119cia pocz\u0105tkowo mia\u0142 stanowi\u0107 kompleks pa\u0142acowy, jednak I wojna \u015bwiatowa i rewolucje w Rosji, zmieni\u0142y bieg wydarze\u0144.<br>Przez szereg lat, po odzyskaniu przez Polsk\u0119 niepodleg\u0142o\u015bci, budynek nale\u017ca\u0142 do wojska. Mieszka\u0142y w nim rodziny \u017co\u0142nierzy. Przeprowadzono generalny remont, doprowadzono elektryczno\u015b\u0107, instalacj\u0119 wodn\u0105 i kanalizacyjn\u0105. W tamtych latach, do budynku przylega\u0142 ogromny park, kt\u00f3ry ko\u0144czy\u0142 si\u0119 w miejscu obecnej Szko\u0142y Podstawowej nr 9 przy ul. Sobieskiego.<\/p>\n\n\n\n<p>W czasie II wojny \u015bwiatowej, budynek przej\u0119li niemieccy \u017co\u0142nierze, a po 1945 roku, trafi\u0142 w r\u0119ce administracji gospodarki komunalnej.<\/p>\n\n\n\n<p>Budynek od lat niszczeje i jest wy\u0142\u0105czony z u\u017cytkowania. Dora\u017ane remonty nie pomog\u0142y, a obecnie nieruchomo\u015b\u0107 obj\u0119ta jest ochron\u0105 konserwatora zabytk\u00f3w. Miasto nie ma pieni\u0119dzy na remont i utrzymanie budynku. Ju\u017c kilkana\u015bcie lat temu szacowano, \u017ce koszt takiej inwestycji wyniesie 40 mln z\u0142otych, a bior\u0105c pod uwag\u0119 obecn\u0105 sytuacj\u0119 w kraju, kwota b\u0119dzie znacznie wi\u0119ksza.<\/p>\n\n\n\n<p>Dom Ksi\u0119cia wystawiono na sprzeda\u017c, a przetarg ustny, nieograniczony zaplanowano na 1 grudnia 2022r. Cena wywo\u0142awcza budynku wraz z dzia\u0142kami, kt\u00f3re do niego przylegaj\u0105 wynosi 10 mln 353 tys. 460 z\u0142 brutto.<br><br>Szczeg\u00f3\u0142owe informacje o warunkach przetargu dost\u0119pne s\u0105 na: <a href=\"https:\/\/bip.czestochowa.pl\/artykul\/71547\/1175243\/ogloszenia-przetargowe-czestochowa-ul-krakowska-37-ul-gen-leopolda-okulickiego-ul-jana-iii-sobieskiego-3a-ul-tadeusza-boya-zelenskiego-4-ul-jana-iii-sobieskiego-ul-jana-iii-sobieskiego-1-3-i-aleja-wolnosci-44-dom-ksiecia-przetargi-odbeda-sie-w-dniu-1-grudnia-2022-r\" target=\"_blank\" rel=\"noopener\">https:\/\/bip.czestochowa.pl\/artykul\/71547\/1175243\/ogloszenia-przetargowe-czestochowa-ul-krakowska-37-ul-gen-leopolda-okulickiego-ul-jana-iii-sobieskiego-3a-ul-tadeusza-boya-zelenskiego-4-ul-jana-iii-sobieskiego-ul-jana-iii-sobieskiego-1-3-i-aleja-wolnosci-44-dom-ksiecia-przetargi-odbeda-sie-w-dniu-1-grudnia-2022-r<\/a><br><br>To ju\u017c trzecia pr\u00f3ba sprzeda\u017cy nieruchomo\u015bci. Ostatni przetarg, kt\u00f3ry mia\u0142 odby\u0107 si\u0119 w styczniu 2020 roku, nie doszed\u0142 do skutku. Mo\u017ce tym razem znajdzie si\u0119 ch\u0119tny, by ocali\u0107 niszczej\u0105cy budynek.<br><br><br><\/p>\n","protected":false},"excerpt":{"rendered":"<p>Dom Ksi\u0119cia wystawiony na sprzeda\u017c. Cena wywo\u0142awcza kilku dzia\u0142ek stanowi\u0105cych ca\u0142y kompleks to ponad 10 milion\u00f3w z\u0142otych. Budynek powsta\u0142 ok.1912, na zam\u00f3wienie wielkiego ksi\u0119cia<\/p>\n","protected":false},"author":24,"featured_media":94250,"comment_status":"closed","ping_status":"open","sticky":false,"template":"","format":"standard","meta":{"_monsterinsights_skip_tracking":false,"_monsterinsights_sitenote_active":false,"_monsterinsights_sitenote_note":"","_monsterinsights_sitenote_category":0,"_uf_show_specific_survey":0,"_uf_disable_surveys":false,"footnotes":""},"categories":[3,1323,44,20,33],"tags":[6493,624,3901,5308,6494],"class_list":["post-94248","post","type-post","status-publish","format-standard","has-post-thumbnail","hentry","category-czestochowa-informacje","category-architecture","category-bezpieczenstwo","category-budownictwo","category-inwestycje","tag-dom-ksiecia","tag-inwestycja","tag-przetarg","tag-sprzedaz","tag-zabytek"],"_links":{"self":[{"href":"https:\/\/gazetaregionalna.com\/index.php?rest_route=\/wp\/v2\/posts\/94248","targetHints":{"allow":["GET"]}}],"collection":[{"href":"https:\/\/gazetaregionalna.com\/index.php?rest_route=\/wp\/v2\/posts"}],"about":[{"href":"https:\/\/gazetaregionalna.com\/index.php?rest_route=\/wp\/v2\/types\/post"}],"author":[{"embeddable":true,"href":"https:\/\/gazetaregionalna.com\/index.php?rest_route=\/wp\/v2\/users\/24"}],"replies":[{"embeddable":true,"href":"https:\/\/gazetaregionalna.com\/index.php?rest_route=%2Fwp%2Fv2%2Fcomments&post=94248"}],"version-history":[{"count":1,"href":"https:\/\/gazetaregionalna.com\/index.php?rest_route=\/wp\/v2\/posts\/94248\/revisions"}],"predecessor-version":[{"id":94249,"href":"https:\/\/gazetaregionalna.com\/index.php?rest_route=\/wp\/v2\/posts\/94248\/revisions\/94249"}],"wp:featuredmedia":[{"embeddable":true,"href":"https:\/\/gazetaregionalna.com\/index.php?rest_route=\/wp\/v2\/media\/94250"}],"wp:attachment":[{"href":"https:\/\/gazetaregionalna.com\/index.php?rest_route=%2Fwp%2Fv2%2Fmedia&parent=94248"}],"wp:term":[{"taxonomy":"category","embeddable":true,"href":"https:\/\/gazetaregionalna.com\/index.php?rest_route=%2Fwp%2Fv2%2Fcategories&post=94248"},{"taxonomy":"post_tag","embeddable":true,"href":"https:\/\/gazetaregionalna.com\/index.php?rest_route=%2Fwp%2Fv2%2Ftags&post=94248"}],"curies":[{"name":"wp","href":"https:\/\/api.w.org\/{rel}","templated":true}]}}