{"id":9424,"date":"2020-01-21T08:21:36","date_gmt":"2020-01-21T08:21:36","guid":{"rendered":"https:\/\/gazetaregionalna.com\/?p=9424"},"modified":"2020-01-21T08:21:38","modified_gmt":"2020-01-21T08:21:38","slug":"pup-ma-pieniadze-dla-bezrobotnych","status":"publish","type":"post","link":"https:\/\/gazetaregionalna.com\/?p=9424","title":{"rendered":"PUP ma pieni\u0105dze dla bezrobotnych"},"content":{"rendered":"\n<h2 class=\"wp-block-heading\">\nPUP\nma pieni\u0105dze dla bezrobotnych<\/h2>\n\n\n\n<p>\nPowiatowy\nUrz\u0105d Pracy w Radomsku informuje, \u017ce przyjmuje\nwnioski o organizacj\u0119 nast\u0119puj\u0105cych form wsparcia:<\/p>\n\n\n\n<ul class=\"wp-block-list\"><li>\n\to przyznanie bonu na\n\tzasiedlenie;\n\t<\/li><li>\n\to przyznanie bonu\n\tszkoleniowego;\n\t<\/li><li>\n\to dofinansowanie szkole\u0144;\n\t<\/li><li>\n\to\n\tdofinansowanie wynagrodzenia za zatrudnienie skierowanego\n\tbezrobotnego, kt\u00f3ry uko\u0144czy\u0142 50 rok \u017cycia;\n\t<\/li><li>\n\to zorganizowanie prac\n\tinterwencyjnych;\n\t<\/li><li>\n\to zorganizowanie rob\u00f3t\n\tpublicznych;\n\t<\/li><li>\n\to zorganizowanie prac\n\tspo\u0142ecznie u\u017cytecznych.\n<\/li><\/ul>\n\n\n\n<p>Nabory na wymienione wy\u017cej formy wsparcia b\u0119d\u0105 trwa\u0142y do wykorzystania limitu \u015brodk\u00f3w przeznaczonych na ten cel w roku 2020.<\/p>\n\n\n\n<p>Pomoc b\u0119dzie realizowana w ramach \u015brodk\u00f3w Funduszu Pracy i Europejskiego Funduszu Spo\u0142ecznego.<\/p>\n\n\n\n<p>Zasady\norganizacji tych form\nwsparcia obowi\u0105zuj\u0105ce w Powiatowym Urz\u0119dzie Pracy  w Radomsku w\n2020 r. oraz wszystkie dokumenty potrzebne do z\u0142o\u017cenia wniosku\ndost\u0119pne s\u0105 w siedzibie Urz\u0119du oraz na stronie internetowej\nwww.radomsko.praca.gov.pl. Szczeg\u00f3\u0142owe informacje mo\u017cna uzyska\u0107\nr\u00f3wnie\u017c w Powiatowym Urz\u0119dzie Pracy w Radomsku (ul. Tysi\u0105clecia\n2, 97-500 Radomsko &#8211; Referat Instrument\u00f3w Rynku Pracy):<\/p>\n\n\n\n<p>&#8211;\nbon na zasiedlenie &#8211; <strong>pok\u00f3j nr 25<\/strong>  lub pod numerem telefonu:\n<strong>44 683 73 56 \u2013 58, wew. 12<\/strong>;<\/p>\n\n\n\n<p>&#8211;\nbon szkoleniowy, dofinansowanie szkole\u0144 &#8211; <strong>pok\u00f3j 19<\/strong> lub pod\nnumerem telefonu:<strong> 44&nbsp;683 73 56 \u2013 58, wew. 42<\/strong>;<\/p>\n\n\n\n<p><strong>&#8211;\n<\/strong>dofinansowanie wynagrodzenia za zatrudnienie skierowanego\nbezrobotnego, kt\u00f3ry uko\u0144czy\u0142 50 rok \u017cycia,prace\ninterwencyjne, roboty publiczne, prace spo\u0142ecznie u\u017cyteczne \u2013\n<strong>pok\u00f3j 28<\/strong> lub pod numerem telefonu <strong>44&nbsp;683 73 56 \u2013\n58, wew. 65<\/strong>.<\/p>\n\n\n\n<p>(\u017br\u00f3d\u0142o:\nPUP Radomsko)<\/p>\n","protected":false},"excerpt":{"rendered":"<p>PUP ma pieni\u0105dze dla bezrobotnych Powiatowy Urz\u0105d Pracy w Radomsku informuje, \u017ce przyjmuje wnioski o organizacj\u0119 nast\u0119puj\u0105cych form wsparcia: o przyznanie bonu na zasiedlenie;<\/p>\n","protected":false},"author":7,"featured_media":0,"comment_status":"open","ping_status":"open","sticky":false,"template":"","format":"standard","meta":{"_monsterinsights_skip_tracking":false,"_monsterinsights_sitenote_active":false,"_monsterinsights_sitenote_note":"","_monsterinsights_sitenote_category":0,"_uf_show_specific_survey":0,"_uf_disable_surveys":false,"footnotes":""},"categories":[94,36,28,2],"tags":[],"class_list":["post-9424","post","type-post","status-publish","format-standard","hentry","category-polecane","category-praca","category-radomsko","category-wiadomosci"],"_links":{"self":[{"href":"https:\/\/gazetaregionalna.com\/index.php?rest_route=\/wp\/v2\/posts\/9424","targetHints":{"allow":["GET"]}}],"collection":[{"href":"https:\/\/gazetaregionalna.com\/index.php?rest_route=\/wp\/v2\/posts"}],"about":[{"href":"https:\/\/gazetaregionalna.com\/index.php?rest_route=\/wp\/v2\/types\/post"}],"author":[{"embeddable":true,"href":"https:\/\/gazetaregionalna.com\/index.php?rest_route=\/wp\/v2\/users\/7"}],"replies":[{"embeddable":true,"href":"https:\/\/gazetaregionalna.com\/index.php?rest_route=%2Fwp%2Fv2%2Fcomments&post=9424"}],"version-history":[{"count":1,"href":"https:\/\/gazetaregionalna.com\/index.php?rest_route=\/wp\/v2\/posts\/9424\/revisions"}],"predecessor-version":[{"id":9426,"href":"https:\/\/gazetaregionalna.com\/index.php?rest_route=\/wp\/v2\/posts\/9424\/revisions\/9426"}],"wp:attachment":[{"href":"https:\/\/gazetaregionalna.com\/index.php?rest_route=%2Fwp%2Fv2%2Fmedia&parent=9424"}],"wp:term":[{"taxonomy":"category","embeddable":true,"href":"https:\/\/gazetaregionalna.com\/index.php?rest_route=%2Fwp%2Fv2%2Fcategories&post=9424"},{"taxonomy":"post_tag","embeddable":true,"href":"https:\/\/gazetaregionalna.com\/index.php?rest_route=%2Fwp%2Fv2%2Ftags&post=9424"}],"curies":[{"name":"wp","href":"https:\/\/api.w.org\/{rel}","templated":true}]}}