{"id":94144,"date":"2022-10-01T18:27:42","date_gmt":"2022-10-01T18:27:42","guid":{"rendered":"https:\/\/gazetaregionalna.com\/?p=94144"},"modified":"2022-10-01T18:27:43","modified_gmt":"2022-10-01T18:27:43","slug":"siatkarze-eco-team-azs-stoelzle-rozpoczeli-nowy-sezon-od-zwyciestwa","status":"publish","type":"post","link":"https:\/\/gazetaregionalna.com\/?p=94144","title":{"rendered":"Siatkarze Eco Team AZS Stoelzle rozpocz\u0119li nowy sezon od zwyci\u0119stwa"},"content":{"rendered":"\n<p>Siatkarze Eco-Team AZS Stoelzle Cz\u0119stochowa w sobot\u0119 rozegrali pierwszy mecz nowego sezonu. Cz\u0119stochowianie pokonali Tygrysy Strzelin 3:0.<\/p>\n\n\n\n<p>W sobot\u0119 rozpocz\u0119\u0142y si\u0119 rozgrywki w 2 lidze m\u0119\u017cczyzn. W sezonie 2022\/23 Cz\u0119stochow\u0119 reprezentowa\u0107 b\u0119d\u0105 siatkarze Eco-Team AZS Stoelzle Cz\u0119stochowa. W inauguracyjnym meczu pokonali UKS Tygrysy Strzelin 3:0. W ka\u017cdym z trzech set\u00f3w gospodarze osi\u0105gn\u0119li du\u017c\u0105 przewag\u0119, a wynik do 14, 16 i 15 m\u00f3wi\u0105 same za sobie.<\/p>\n\n\n\n<p>AK, fot: AK (Archiwum)<\/p>\n\n\n\n<p><strong>Eco-Team AZS Stoelzle Cz\u0119stochowa \u2013 Tygrysy Strzelin 3:0 (25:14, 25:16, 25:15)<\/strong><\/p>\n\n\n\n<figure class=\"wp-block-image size-large\"><img decoding=\"async\" width=\"1024\" height=\"707\" data-src=\"https:\/\/gazetaregionalna.com\/wp-content\/uploads\/2021\/10\/AZSDerby-5-1024x707.jpg\" alt=\"\" class=\"wp-image-58598 lazyload\" data-srcset=\"https:\/\/gazetaregionalna.com\/wp-content\/uploads\/2021\/10\/AZSDerby-5-1024x707.jpg 1024w, https:\/\/gazetaregionalna.com\/wp-content\/uploads\/2021\/10\/AZSDerby-5-300x207.jpg 300w, https:\/\/gazetaregionalna.com\/wp-content\/uploads\/2021\/10\/AZSDerby-5-768x530.jpg 768w, https:\/\/gazetaregionalna.com\/wp-content\/uploads\/2021\/10\/AZSDerby-5-1536x1060.jpg 1536w, https:\/\/gazetaregionalna.com\/wp-content\/uploads\/2021\/10\/AZSDerby-5-2048x1414.jpg 2048w, https:\/\/gazetaregionalna.com\/wp-content\/uploads\/2021\/10\/AZSDerby-5-218x150.jpg 218w, https:\/\/gazetaregionalna.com\/wp-content\/uploads\/2021\/10\/AZSDerby-5-696x480.jpg 696w, https:\/\/gazetaregionalna.com\/wp-content\/uploads\/2021\/10\/AZSDerby-5-1068x737.jpg 1068w, https:\/\/gazetaregionalna.com\/wp-content\/uploads\/2021\/10\/AZSDerby-5-1920x1325.jpg 1920w, https:\/\/gazetaregionalna.com\/wp-content\/uploads\/2021\/10\/AZSDerby-5-608x420.jpg 608w, https:\/\/gazetaregionalna.com\/wp-content\/uploads\/2021\/10\/AZSDerby-5-100x70.jpg 100w, https:\/\/gazetaregionalna.com\/wp-content\/uploads\/2021\/10\/AZSDerby-5-scaled.jpg 1600w\" data-sizes=\"(max-width: 1024px) 100vw, 1024px\" src=\"data:image\/svg+xml;base64,PHN2ZyB3aWR0aD0iMSIgaGVpZ2h0PSIxIiB4bWxucz0iaHR0cDovL3d3dy53My5vcmcvMjAwMC9zdmciPjwvc3ZnPg==\" style=\"--smush-placeholder-width: 1024px; --smush-placeholder-aspect-ratio: 1024\/707;\" \/><\/figure>\n","protected":false},"excerpt":{"rendered":"<p>Siatkarze Eco-Team AZS Stoelzle Cz\u0119stochowa w sobot\u0119 rozegrali pierwszy mecz nowego sezonu. Cz\u0119stochowianie pokonali Tygrysy Strzelin 3:0. W sobot\u0119 rozpocz\u0119\u0142y si\u0119 rozgrywki w 2<\/p>\n","protected":false},"author":15,"featured_media":58598,"comment_status":"closed","ping_status":"open","sticky":false,"template":"","format":"standard","meta":{"_monsterinsights_skip_tracking":false,"_monsterinsights_sitenote_active":false,"_monsterinsights_sitenote_note":"","_monsterinsights_sitenote_category":0,"_uf_show_specific_survey":0,"_uf_disable_surveys":false,"footnotes":""},"categories":[5,8],"tags":[],"class_list":["post-94144","post","type-post","status-publish","format-standard","has-post-thumbnail","hentry","category-sport","category-siatkowka"],"_links":{"self":[{"href":"https:\/\/gazetaregionalna.com\/index.php?rest_route=\/wp\/v2\/posts\/94144","targetHints":{"allow":["GET"]}}],"collection":[{"href":"https:\/\/gazetaregionalna.com\/index.php?rest_route=\/wp\/v2\/posts"}],"about":[{"href":"https:\/\/gazetaregionalna.com\/index.php?rest_route=\/wp\/v2\/types\/post"}],"author":[{"embeddable":true,"href":"https:\/\/gazetaregionalna.com\/index.php?rest_route=\/wp\/v2\/users\/15"}],"replies":[{"embeddable":true,"href":"https:\/\/gazetaregionalna.com\/index.php?rest_route=%2Fwp%2Fv2%2Fcomments&post=94144"}],"version-history":[{"count":1,"href":"https:\/\/gazetaregionalna.com\/index.php?rest_route=\/wp\/v2\/posts\/94144\/revisions"}],"predecessor-version":[{"id":94145,"href":"https:\/\/gazetaregionalna.com\/index.php?rest_route=\/wp\/v2\/posts\/94144\/revisions\/94145"}],"wp:featuredmedia":[{"embeddable":true,"href":"https:\/\/gazetaregionalna.com\/index.php?rest_route=\/wp\/v2\/media\/58598"}],"wp:attachment":[{"href":"https:\/\/gazetaregionalna.com\/index.php?rest_route=%2Fwp%2Fv2%2Fmedia&parent=94144"}],"wp:term":[{"taxonomy":"category","embeddable":true,"href":"https:\/\/gazetaregionalna.com\/index.php?rest_route=%2Fwp%2Fv2%2Fcategories&post=94144"},{"taxonomy":"post_tag","embeddable":true,"href":"https:\/\/gazetaregionalna.com\/index.php?rest_route=%2Fwp%2Fv2%2Ftags&post=94144"}],"curies":[{"name":"wp","href":"https:\/\/api.w.org\/{rel}","templated":true}]}}