{"id":94141,"date":"2022-10-01T17:55:27","date_gmt":"2022-10-01T17:55:27","guid":{"rendered":"https:\/\/gazetaregionalna.com\/?p=94141"},"modified":"2022-10-01T17:55:28","modified_gmt":"2022-10-01T17:55:28","slug":"jakub-arak-strzelil-gola-skrze-czestochowa-i-zapewnil-zwyciestwo-gks-owi-katowice","status":"publish","type":"post","link":"https:\/\/gazetaregionalna.com\/?p=94141","title":{"rendered":"Jakub Arak strzeli\u0142 gola Skrze Cz\u0119stochowa i zapewni\u0142 zwyci\u0119stwo GKS-owi Katowice"},"content":{"rendered":"\n<p>Pi\u0142karze Skry Cz\u0119stochowa przegrali w sobotnim meczu z GKS-em Katowice 0:1. Gola na wag\u0119 trzech punkt\u00f3w zdoby\u0142 dla go\u015bci Jakub Arak.<\/p>\n\n\n\n<p>Sobotni mecz z GKS-em Katowice zapowiada\u0142 si\u0119 ciekawie. Co prawda to go\u015bcie byli wy\u017cej w tabeli Fortuna 1 Ligi, ale mecze rywali z jednego wojew\u00f3dztwa zawsze dostarczaj\u0105 sporo emocji. W sobot\u0119 na boisku by\u0142o du\u017co walki, ale kibice zobaczyli tylko jedn\u0105 bramk\u0119. W 72. minucie zdobyli j\u0105 go\u015bcie. Rafa\u0142 Figiel poda\u0142 do Jakuba Araka, a by\u0142y pi\u0142karz cz\u0119stochowskiego Rakowa umie\u015bci\u0142 pi\u0142k\u0119 w bramce.<\/p>\n\n\n\n<p>Skra w ko\u0144c\u00f3wce pr\u00f3bowa\u0142a odrobi\u0107 straty i doprowadzi\u0107 do remisu, ale nie uda\u0142o si\u0119&#8230;<\/p>\n\n\n\n<p>Pi\u0142karze Skry Cz\u0119stochowa po 12 kolejkach maja 14 punkt\u00f3w i zajmuj\u0105 14. miejsce w tabeli. GKS Katowice ma 19 punkt\u00f3w i po meczu w Be\u0142chatowie awansowa\u0142 na 5. pozycj\u0119.<\/p>\n\n\n\n<p>Skra kolejny mecz rozegra w Tychach z GKS-em.<\/p>\n\n\n\n<p>AK, fot: Natanael Brewczy\u0144ski<\/p>\n\n\n\n<p><strong>Skra Cz\u0119stochowa \u2013 GKS Katowice 0:1 (0:0)<\/strong><\/p>\n\n\n\n<p><strong>Bramka:<\/strong> 0:1 Arak (72.)<\/p>\n\n\n\n<p><strong>Skra:<\/strong> Bursztyn &#8211; Szyma\u0144ski, Mesjasz, Czajka, Flak (76. Brusi\u0142o), Babiarz, Sajdak, Go\u0142\u0119biowski (71. Winiarczyk), Pyrdo\u0142 (87. \u0141ukasiak), Hilbrycht (76. Sangowski), Koz\u0142owski (76. Ropski).<\/p>\n\n\n\n<figure class=\"wp-block-image size-large\"><img decoding=\"async\" width=\"1024\" height=\"683\" data-src=\"https:\/\/gazetaregionalna.com\/wp-content\/uploads\/2022\/10\/Skra-GKSKatowice-fot-Natanael-Brewczynski.jpg\" alt=\"\" class=\"wp-image-94142 lazyload\" data-srcset=\"https:\/\/gazetaregionalna.com\/wp-content\/uploads\/2022\/10\/Skra-GKSKatowice-fot-Natanael-Brewczynski.jpg 1024w, https:\/\/gazetaregionalna.com\/wp-content\/uploads\/2022\/10\/Skra-GKSKatowice-fot-Natanael-Brewczynski-300x200.jpg 300w, https:\/\/gazetaregionalna.com\/wp-content\/uploads\/2022\/10\/Skra-GKSKatowice-fot-Natanael-Brewczynski-768x512.jpg 768w, https:\/\/gazetaregionalna.com\/wp-content\/uploads\/2022\/10\/Skra-GKSKatowice-fot-Natanael-Brewczynski-696x464.jpg 696w, https:\/\/gazetaregionalna.com\/wp-content\/uploads\/2022\/10\/Skra-GKSKatowice-fot-Natanael-Brewczynski-630x420.jpg 630w\" data-sizes=\"(max-width: 1024px) 100vw, 1024px\" src=\"data:image\/svg+xml;base64,PHN2ZyB3aWR0aD0iMSIgaGVpZ2h0PSIxIiB4bWxucz0iaHR0cDovL3d3dy53My5vcmcvMjAwMC9zdmciPjwvc3ZnPg==\" style=\"--smush-placeholder-width: 1024px; --smush-placeholder-aspect-ratio: 1024\/683;\" \/><\/figure>\n\n\n\n<figure class=\"wp-block-image size-large\"><img decoding=\"async\" width=\"300\" height=\"250\" data-src=\"https:\/\/gazetaregionalna.com\/wp-content\/uploads\/2022\/04\/DMK-8.jpg\" alt=\"\" class=\"wp-image-77215 lazyload\" src=\"data:image\/svg+xml;base64,PHN2ZyB3aWR0aD0iMSIgaGVpZ2h0PSIxIiB4bWxucz0iaHR0cDovL3d3dy53My5vcmcvMjAwMC9zdmciPjwvc3ZnPg==\" style=\"--smush-placeholder-width: 300px; --smush-placeholder-aspect-ratio: 300\/250;\"><\/figure>\n","protected":false},"excerpt":{"rendered":"<p>Pi\u0142karze Skry Cz\u0119stochowa przegrali w sobotnim meczu z GKS-em Katowice 0:1. Gola na wag\u0119 trzech punkt\u00f3w zdoby\u0142 dla go\u015bci Jakub Arak. Sobotni mecz z<\/p>\n","protected":false},"author":15,"featured_media":94142,"comment_status":"closed","ping_status":"open","sticky":false,"template":"","format":"standard","meta":{"_monsterinsights_skip_tracking":false,"_monsterinsights_sitenote_active":false,"_monsterinsights_sitenote_note":"","_monsterinsights_sitenote_category":0,"_uf_show_specific_survey":0,"_uf_disable_surveys":false,"footnotes":""},"categories":[5,6],"tags":[],"class_list":["post-94141","post","type-post","status-publish","format-standard","has-post-thumbnail","hentry","category-sport","category-pilka-nozna"],"_links":{"self":[{"href":"https:\/\/gazetaregionalna.com\/index.php?rest_route=\/wp\/v2\/posts\/94141","targetHints":{"allow":["GET"]}}],"collection":[{"href":"https:\/\/gazetaregionalna.com\/index.php?rest_route=\/wp\/v2\/posts"}],"about":[{"href":"https:\/\/gazetaregionalna.com\/index.php?rest_route=\/wp\/v2\/types\/post"}],"author":[{"embeddable":true,"href":"https:\/\/gazetaregionalna.com\/index.php?rest_route=\/wp\/v2\/users\/15"}],"replies":[{"embeddable":true,"href":"https:\/\/gazetaregionalna.com\/index.php?rest_route=%2Fwp%2Fv2%2Fcomments&post=94141"}],"version-history":[{"count":1,"href":"https:\/\/gazetaregionalna.com\/index.php?rest_route=\/wp\/v2\/posts\/94141\/revisions"}],"predecessor-version":[{"id":94143,"href":"https:\/\/gazetaregionalna.com\/index.php?rest_route=\/wp\/v2\/posts\/94141\/revisions\/94143"}],"wp:featuredmedia":[{"embeddable":true,"href":"https:\/\/gazetaregionalna.com\/index.php?rest_route=\/wp\/v2\/media\/94142"}],"wp:attachment":[{"href":"https:\/\/gazetaregionalna.com\/index.php?rest_route=%2Fwp%2Fv2%2Fmedia&parent=94141"}],"wp:term":[{"taxonomy":"category","embeddable":true,"href":"https:\/\/gazetaregionalna.com\/index.php?rest_route=%2Fwp%2Fv2%2Fcategories&post=94141"},{"taxonomy":"post_tag","embeddable":true,"href":"https:\/\/gazetaregionalna.com\/index.php?rest_route=%2Fwp%2Fv2%2Ftags&post=94141"}],"curies":[{"name":"wp","href":"https:\/\/api.w.org\/{rel}","templated":true}]}}