{"id":94138,"date":"2022-09-30T20:05:31","date_gmt":"2022-09-30T20:05:31","guid":{"rendered":"https:\/\/gazetaregionalna.com\/?p=94138"},"modified":"2022-09-30T20:05:32","modified_gmt":"2022-09-30T20:05:32","slug":"jakub-miskowiak-wygral-sgp2-w-toruniu-i-zostal-brazowym-medalista-indywidualnych-mistrzostw-swiata-juniorow","status":"publish","type":"post","link":"https:\/\/gazetaregionalna.com\/?p=94138","title":{"rendered":"Jakub Mi\u015bkowiak wygra\u0142 SGP2 w Toruniu i zosta\u0142 br\u0105zowym medalist\u0105 Indywidualnych Mistrzostw \u015awiata Junior\u00f3w"},"content":{"rendered":"\n<p>\u017bu\u017clowiec W\u0142\u00f3kniarza Cz\u0119stochowa Jakub Mi\u015bkowiak wygra\u0142 w pi\u0105tek SGP2 w Toruniu, ale ostatecznie zdoby\u0142 br\u0105zowy medal IM\u015aJ i nie obroni\u0142 mistrzostwa wywalczonego w 2021 roku&#8230;<\/p>\n\n\n\n<p>Jakub Mi\u015bkowiak broni\u0142 z\u0142otego medalu, ale si\u0119 nie uda\u0142o i trzeba cieszy\u0107 si\u0119 z br\u0105zu. To kolejny kr\u0105\u017cek do kolekcji&#8230;<\/p>\n\n\n\n<p>W pi\u0105tkowym finale SGP2 w Toruniu jecha\u0142o dw\u00f3ch cz\u0119stochowian. Wygra\u0142 Mi\u015bkowiak, a Mateusz \u015awidnicki zosta\u0142 z biegu wykluczony i ostatecznie zaj\u0105\u0142 w toru\u0144skim finale 4. miejsce. Zabrak\u0142o dla niego te\u017c miejsca na podium IM\u015aJ.<\/p>\n\n\n\n<p>Z\u0142oty medal za\u0142o\u017cy\u0142 Polak Mateusz Cierniak z Motoru Lublin, a srebrny zdoby\u0142 Czech Jan Kvech.<\/p>\n\n\n\n<p>AK, fot: AK<\/p>\n\n\n\n<p>Wyniki 3. Fina\u0142u SGP2 w Toruniu:<\/p>\n\n\n\n<p>1. Jakub Mi\u015bkowiak \u2013 16 (0,2,2,3,3,3,3) \u2013 20 SGP2<\/p>\n\n\n\n<p>2. Wiktor Lampart \u2013 20 (3,3,3,3,3,3,2) \u2013 18<\/p>\n\n\n\n<p>3. Mateusz Cierniak \u2013 13 (3,3,0,2,2,2,1) \u2013 16<\/p>\n\n\n\n<p>4. Mateusz \u015awidnicki \u2013 13 (2,3,2,3,1,2,w) \u2013 14<\/p>\n\n\n\n<p>5. Benjamin Basso \u2013 13 (2,3,2,2,3,1) \u2013 12<\/p>\n\n\n\n<p>6. Jan Kvech \u2013 11 (1,2,3,3,1,1) \u2013 11<\/p>\n\n\n\n<p>7. Tom Brennan \u2013 10 (3,2,1,2,2,0) \u2013 10<\/p>\n\n\n\n<p>8. Wiktor Przyjemski \u2013 9 (2,1,1,2,3,0) \u2013 9<\/p>\n\n\n\n<p>9. Keynan Rew \u2013 7 (0,1,3,1,2) \u2013 8<\/p>\n\n\n\n<p>10. Krzysztof Lewandowski \u2013 6 (2,0,3,1,0) \u2013 7<\/p>\n\n\n\n<p>11. Daniel Klima \u2013 5 (3,1,0,0,1) \u2013 6<\/p>\n\n\n\n<p>12. Kevin Juhl Pedersen \u2013 5 (1,0,1,1,2) \u2013 5<\/p>\n\n\n\n<p>13. Petr Chlupac \u2013 4 (1,2,1,0,0) \u2013 4<\/p>\n\n\n\n<p>14. Casper Henriksson \u2013 3 (u,1,2,0,0) \u2013 3<\/p>\n\n\n\n<p>15. Timi Salonen \u2013 2 (d,0,0,1,1) \u2013 2<\/p>\n\n\n\n<p>16. Jonas Knudsen \u2013 0 (0,0,t,0,0) \u2013 1<\/p>\n\n\n\n<p>17. Celina Liebmann \u2013 0 (u)<\/p>\n\n\n\n<p>18. Mateusz Affelt \u2013 NS<\/p>\n\n\n\n<p>Bieg po biegu:<\/p>\n\n\n\n<p>1. Cierniak, \u015awidnicki, Henriksson (u), Salonen (d)<\/p>\n\n\n\n<p>2. Brennan, Przyjemski, Pedersen, Knudsen<\/p>\n\n\n\n<p>3. Klima, Lewandowski, Chlupac, Rew<\/p>\n\n\n\n<p>4. Lampart, Basso, Kvech, Mi\u015bkowiak<\/p>\n\n\n\n<p>5. Lampart, Brennan, Henriksson, Lewandowski<\/p>\n\n\n\n<p>6. Cierniak, Mi\u015bkowiak, Klima, Knudsen<\/p>\n\n\n\n<p>7. Basso, Chlupac, Przyjemski, Salonen<\/p>\n\n\n\n<p>8. \u015awidnicki, Kvech, Rew, Pedersen<\/p>\n\n\n\n<p>9. Kvech, Henriksson, Chlupac, Liebmann (u)<\/p>\n\n\n\n<p>10. Rew, Basso, Brennan, Cierniak<\/p>\n\n\n\n<p>11. Lewandowski, Mi\u015bkowiak, Pedersen, Salonen<\/p>\n\n\n\n<p>12. Lampart, \u015awidnicki, Przyjemski, Klima<\/p>\n\n\n\n<p>13. Mi\u015bkowiak, Przyjemski, Rew, Henriksson<\/p>\n\n\n\n<p>14. Lampart, Cierniak, Pedersen, Chlupac<\/p>\n\n\n\n<p>15. Kvech, Brennan, Salonen, Klima<\/p>\n\n\n\n<p>16. \u015awidnicki, Basso, Lewandowski, Knudsen<\/p>\n\n\n\n<p>17. Basso, Pedersen, Klima, Henriksson<\/p>\n\n\n\n<p>18. Przyjemski, Cierniak, Kvech, Lewandowski<\/p>\n\n\n\n<p>19. Lampart, Rew, Salonen, Knudsen<\/p>\n\n\n\n<p>20. Mi\u015bkowiak, Brennan, \u015awidnicki, Chlupac<\/p>\n\n\n\n<p>P\u00f3\u0142fina\u0142 nr 1. Lampart, Cierniak, Kvech, Brennan<\/p>\n\n\n\n<p>P\u00f3\u0142fina\u0142 nr 2. Mi\u015bkowiak, \u015awidnicki, Basso, Przyjemski<\/p>\n\n\n\n<p>Fina\u0142. Mi\u015bkowiak, Lampart, Cierniak, \u015awidnicki (w)<\/p>\n\n\n\n<figure class=\"wp-block-image size-large\"><img decoding=\"async\" width=\"1024\" height=\"683\" data-src=\"https:\/\/gazetaregionalna.com\/wp-content\/uploads\/2022\/04\/CKM-Wilki-JakubMiskowiak53-1024x683.jpg\" alt=\"\" class=\"wp-image-76031 lazyload\" data-srcset=\"https:\/\/gazetaregionalna.com\/wp-content\/uploads\/2022\/04\/CKM-Wilki-JakubMiskowiak53-1024x683.jpg 1024w, https:\/\/gazetaregionalna.com\/wp-content\/uploads\/2022\/04\/CKM-Wilki-JakubMiskowiak53-300x200.jpg 300w, https:\/\/gazetaregionalna.com\/wp-content\/uploads\/2022\/04\/CKM-Wilki-JakubMiskowiak53-768x512.jpg 768w, https:\/\/gazetaregionalna.com\/wp-content\/uploads\/2022\/04\/CKM-Wilki-JakubMiskowiak53-1536x1024.jpg 1536w, https:\/\/gazetaregionalna.com\/wp-content\/uploads\/2022\/04\/CKM-Wilki-JakubMiskowiak53-2048x1365.jpg 2048w, https:\/\/gazetaregionalna.com\/wp-content\/uploads\/2022\/04\/CKM-Wilki-JakubMiskowiak53-696x464.jpg 696w, https:\/\/gazetaregionalna.com\/wp-content\/uploads\/2022\/04\/CKM-Wilki-JakubMiskowiak53-1068x712.jpg 1068w, https:\/\/gazetaregionalna.com\/wp-content\/uploads\/2022\/04\/CKM-Wilki-JakubMiskowiak53-1920x1280.jpg 1920w, https:\/\/gazetaregionalna.com\/wp-content\/uploads\/2022\/04\/CKM-Wilki-JakubMiskowiak53-630x420.jpg 630w, https:\/\/gazetaregionalna.com\/wp-content\/uploads\/2022\/04\/CKM-Wilki-JakubMiskowiak53-scaled.jpg 1600w\" data-sizes=\"(max-width: 1024px) 100vw, 1024px\" src=\"data:image\/svg+xml;base64,PHN2ZyB3aWR0aD0iMSIgaGVpZ2h0PSIxIiB4bWxucz0iaHR0cDovL3d3dy53My5vcmcvMjAwMC9zdmciPjwvc3ZnPg==\" style=\"--smush-placeholder-width: 1024px; --smush-placeholder-aspect-ratio: 1024\/683;\" \/><\/figure>\n\n\n\n<figure class=\"wp-block-image size-large\"><img decoding=\"async\" width=\"1024\" height=\"683\" data-src=\"https:\/\/gazetaregionalna.com\/wp-content\/uploads\/2022\/09\/BrazCKM-30-1024x683.jpg\" alt=\"\" class=\"wp-image-93580 lazyload\" data-srcset=\"https:\/\/gazetaregionalna.com\/wp-content\/uploads\/2022\/09\/BrazCKM-30-1024x683.jpg 1024w, https:\/\/gazetaregionalna.com\/wp-content\/uploads\/2022\/09\/BrazCKM-30-300x200.jpg 300w, https:\/\/gazetaregionalna.com\/wp-content\/uploads\/2022\/09\/BrazCKM-30-768x512.jpg 768w, https:\/\/gazetaregionalna.com\/wp-content\/uploads\/2022\/09\/BrazCKM-30-1536x1024.jpg 1536w, https:\/\/gazetaregionalna.com\/wp-content\/uploads\/2022\/09\/BrazCKM-30-2048x1365.jpg 2048w, https:\/\/gazetaregionalna.com\/wp-content\/uploads\/2022\/09\/BrazCKM-30-696x464.jpg 696w, https:\/\/gazetaregionalna.com\/wp-content\/uploads\/2022\/09\/BrazCKM-30-1068x712.jpg 1068w, https:\/\/gazetaregionalna.com\/wp-content\/uploads\/2022\/09\/BrazCKM-30-1920x1280.jpg 1920w, https:\/\/gazetaregionalna.com\/wp-content\/uploads\/2022\/09\/BrazCKM-30-630x420.jpg 630w, https:\/\/gazetaregionalna.com\/wp-content\/uploads\/2022\/09\/BrazCKM-30-scaled.jpg 1600w\" data-sizes=\"(max-width: 1024px) 100vw, 1024px\" src=\"data:image\/svg+xml;base64,PHN2ZyB3aWR0aD0iMSIgaGVpZ2h0PSIxIiB4bWxucz0iaHR0cDovL3d3dy53My5vcmcvMjAwMC9zdmciPjwvc3ZnPg==\" style=\"--smush-placeholder-width: 1024px; --smush-placeholder-aspect-ratio: 1024\/683;\" \/><\/figure>\n\n\n\n<figure class=\"wp-block-image size-large\"><img decoding=\"async\" width=\"1024\" height=\"683\" data-src=\"https:\/\/gazetaregionalna.com\/wp-content\/uploads\/2022\/09\/BrazCKM-39-1024x683.jpg\" alt=\"\" class=\"wp-image-93589 lazyload\" data-srcset=\"https:\/\/gazetaregionalna.com\/wp-content\/uploads\/2022\/09\/BrazCKM-39-1024x683.jpg 1024w, https:\/\/gazetaregionalna.com\/wp-content\/uploads\/2022\/09\/BrazCKM-39-300x200.jpg 300w, https:\/\/gazetaregionalna.com\/wp-content\/uploads\/2022\/09\/BrazCKM-39-768x512.jpg 768w, https:\/\/gazetaregionalna.com\/wp-content\/uploads\/2022\/09\/BrazCKM-39-1536x1024.jpg 1536w, https:\/\/gazetaregionalna.com\/wp-content\/uploads\/2022\/09\/BrazCKM-39-2048x1365.jpg 2048w, https:\/\/gazetaregionalna.com\/wp-content\/uploads\/2022\/09\/BrazCKM-39-696x464.jpg 696w, https:\/\/gazetaregionalna.com\/wp-content\/uploads\/2022\/09\/BrazCKM-39-1068x712.jpg 1068w, https:\/\/gazetaregionalna.com\/wp-content\/uploads\/2022\/09\/BrazCKM-39-1920x1280.jpg 1920w, https:\/\/gazetaregionalna.com\/wp-content\/uploads\/2022\/09\/BrazCKM-39-630x420.jpg 630w, https:\/\/gazetaregionalna.com\/wp-content\/uploads\/2022\/09\/BrazCKM-39-scaled.jpg 1600w\" data-sizes=\"(max-width: 1024px) 100vw, 1024px\" src=\"data:image\/svg+xml;base64,PHN2ZyB3aWR0aD0iMSIgaGVpZ2h0PSIxIiB4bWxucz0iaHR0cDovL3d3dy53My5vcmcvMjAwMC9zdmciPjwvc3ZnPg==\" style=\"--smush-placeholder-width: 1024px; --smush-placeholder-aspect-ratio: 1024\/683;\" \/><\/figure>\n\n\n\n<figure class=\"wp-block-image size-large\"><img decoding=\"async\" width=\"1024\" height=\"683\" data-src=\"https:\/\/gazetaregionalna.com\/wp-content\/uploads\/2022\/09\/BrazCKM-47-1024x683.jpg\" alt=\"\" class=\"wp-image-93597 lazyload\" data-srcset=\"https:\/\/gazetaregionalna.com\/wp-content\/uploads\/2022\/09\/BrazCKM-47-1024x683.jpg 1024w, https:\/\/gazetaregionalna.com\/wp-content\/uploads\/2022\/09\/BrazCKM-47-300x200.jpg 300w, https:\/\/gazetaregionalna.com\/wp-content\/uploads\/2022\/09\/BrazCKM-47-768x512.jpg 768w, https:\/\/gazetaregionalna.com\/wp-content\/uploads\/2022\/09\/BrazCKM-47-1536x1024.jpg 1536w, https:\/\/gazetaregionalna.com\/wp-content\/uploads\/2022\/09\/BrazCKM-47-2048x1365.jpg 2048w, https:\/\/gazetaregionalna.com\/wp-content\/uploads\/2022\/09\/BrazCKM-47-696x464.jpg 696w, https:\/\/gazetaregionalna.com\/wp-content\/uploads\/2022\/09\/BrazCKM-47-1068x712.jpg 1068w, https:\/\/gazetaregionalna.com\/wp-content\/uploads\/2022\/09\/BrazCKM-47-1920x1280.jpg 1920w, https:\/\/gazetaregionalna.com\/wp-content\/uploads\/2022\/09\/BrazCKM-47-630x420.jpg 630w, https:\/\/gazetaregionalna.com\/wp-content\/uploads\/2022\/09\/BrazCKM-47-scaled.jpg 1600w\" data-sizes=\"(max-width: 1024px) 100vw, 1024px\" src=\"data:image\/svg+xml;base64,PHN2ZyB3aWR0aD0iMSIgaGVpZ2h0PSIxIiB4bWxucz0iaHR0cDovL3d3dy53My5vcmcvMjAwMC9zdmciPjwvc3ZnPg==\" style=\"--smush-placeholder-width: 1024px; --smush-placeholder-aspect-ratio: 1024\/683;\" \/><\/figure>\n\n\n\n<figure class=\"wp-block-image size-large\"><img decoding=\"async\" width=\"300\" height=\"250\" data-src=\"https:\/\/gazetaregionalna.com\/wp-content\/uploads\/2022\/04\/DMK-7.jpg\" alt=\"\" class=\"wp-image-77214 lazyload\" src=\"data:image\/svg+xml;base64,PHN2ZyB3aWR0aD0iMSIgaGVpZ2h0PSIxIiB4bWxucz0iaHR0cDovL3d3dy53My5vcmcvMjAwMC9zdmciPjwvc3ZnPg==\" style=\"--smush-placeholder-width: 300px; --smush-placeholder-aspect-ratio: 300\/250;\"><\/figure>\n\n\n\n<figure class=\"wp-block-image size-large\"><img decoding=\"async\" width=\"300\" height=\"250\" data-src=\"https:\/\/gazetaregionalna.com\/wp-content\/uploads\/2022\/04\/DMK-10.jpg\" alt=\"\" class=\"wp-image-77218 lazyload\" src=\"data:image\/svg+xml;base64,PHN2ZyB3aWR0aD0iMSIgaGVpZ2h0PSIxIiB4bWxucz0iaHR0cDovL3d3dy53My5vcmcvMjAwMC9zdmciPjwvc3ZnPg==\" style=\"--smush-placeholder-width: 300px; --smush-placeholder-aspect-ratio: 300\/250;\"><\/figure>\n\n\n\n<p><\/p>\n","protected":false},"excerpt":{"rendered":"<p>\u017bu\u017clowiec W\u0142\u00f3kniarza Cz\u0119stochowa Jakub Mi\u015bkowiak wygra\u0142 w pi\u0105tek SGP2 w Toruniu, ale ostatecznie zdoby\u0142 br\u0105zowy medal IM\u015aJ i nie obroni\u0142 mistrzostwa wywalczonego w 2021<\/p>\n","protected":false},"author":15,"featured_media":76031,"comment_status":"closed","ping_status":"open","sticky":false,"template":"","format":"standard","meta":{"_monsterinsights_skip_tracking":false,"_monsterinsights_sitenote_active":false,"_monsterinsights_sitenote_note":"","_monsterinsights_sitenote_category":0,"_uf_show_specific_survey":0,"_uf_disable_surveys":false,"footnotes":""},"categories":[5,6,94],"tags":[],"class_list":["post-94138","post","type-post","status-publish","format-standard","has-post-thumbnail","hentry","category-sport","category-pilka-nozna","category-polecane"],"_links":{"self":[{"href":"https:\/\/gazetaregionalna.com\/index.php?rest_route=\/wp\/v2\/posts\/94138","targetHints":{"allow":["GET"]}}],"collection":[{"href":"https:\/\/gazetaregionalna.com\/index.php?rest_route=\/wp\/v2\/posts"}],"about":[{"href":"https:\/\/gazetaregionalna.com\/index.php?rest_route=\/wp\/v2\/types\/post"}],"author":[{"embeddable":true,"href":"https:\/\/gazetaregionalna.com\/index.php?rest_route=\/wp\/v2\/users\/15"}],"replies":[{"embeddable":true,"href":"https:\/\/gazetaregionalna.com\/index.php?rest_route=%2Fwp%2Fv2%2Fcomments&post=94138"}],"version-history":[{"count":1,"href":"https:\/\/gazetaregionalna.com\/index.php?rest_route=\/wp\/v2\/posts\/94138\/revisions"}],"predecessor-version":[{"id":94139,"href":"https:\/\/gazetaregionalna.com\/index.php?rest_route=\/wp\/v2\/posts\/94138\/revisions\/94139"}],"wp:featuredmedia":[{"embeddable":true,"href":"https:\/\/gazetaregionalna.com\/index.php?rest_route=\/wp\/v2\/media\/76031"}],"wp:attachment":[{"href":"https:\/\/gazetaregionalna.com\/index.php?rest_route=%2Fwp%2Fv2%2Fmedia&parent=94138"}],"wp:term":[{"taxonomy":"category","embeddable":true,"href":"https:\/\/gazetaregionalna.com\/index.php?rest_route=%2Fwp%2Fv2%2Fcategories&post=94138"},{"taxonomy":"post_tag","embeddable":true,"href":"https:\/\/gazetaregionalna.com\/index.php?rest_route=%2Fwp%2Fv2%2Ftags&post=94138"}],"curies":[{"name":"wp","href":"https:\/\/api.w.org\/{rel}","templated":true}]}}