{"id":94135,"date":"2022-09-30T19:07:02","date_gmt":"2022-09-30T19:07:02","guid":{"rendered":"https:\/\/gazetaregionalna.com\/?p=94135"},"modified":"2022-09-30T19:07:02","modified_gmt":"2022-09-30T19:07:02","slug":"rakow-czestochowa-zagra-w-niedziele-w-lodzi-z-widzewem","status":"publish","type":"post","link":"https:\/\/gazetaregionalna.com\/?p=94135","title":{"rendered":"Rak\u00f3w Cz\u0119stochowa zagra w niedziel\u0119 w \u0141odzi z Widzewem"},"content":{"rendered":"\n<p>Pi\u0142karze Rakowa Cz\u0119stochowa powracaj\u0105 do rozgrywek w PKO BP Ekstraklasie. W niedziel\u0119 zmierz\u0105 si\u0119 w \u0141odzi z Widzewem. Takiego meczu nie by\u0142o od ponad 20 lat&#8230;<\/p>\n\n\n\n<p>Ostatni mecz w PKO BP Ekstraklasie pi\u0142karze Rakowa rozegrali 17 wrze\u015bnia, gdy przy L83 pokonali 3:0 Radomiaka Radom. Po tym meczu rozpocz\u0119\u0142a si\u0119 przerwa reprezentacyjna. Kadrowicze z Rakowa rozjechali si\u0119 na mecze swoich reprezentacji, a pi\u0142karze, kt\u00f3rzy zostali w Cz\u0119stochowie, rozegrali 23 pa\u017adziernika sparing z G\u00f3rnikiem Zabrze. Rak\u00f3w wygra\u0142 go 6:0, a jedn\u0105 z wa\u017cniejszych informacji by\u0142o to, \u017ce w podstawowym sk\u0142adzie Rakowa pojawi\u0142 si\u0119 po d\u0142ugiej rehabilitacji Tomas Petrasek.<\/p>\n\n\n\n<p>Przed pi\u0142karzami Rakowa szykuje si\u0119 bardzo pracowity miesi\u0105c. W pa\u017adzierniku czerwono-niebiescy maj\u0105 zaplanowane 5 spotka\u0144 oraz zaleg\u0142y mecz w Gliwicach z Piastem. 2 pa\u017adziernika Rak\u00f3w zagra w \u0141odzi z G\u00f3rnikiem, 6 pa\u017adziernika cz\u0119stochowianie zmierz\u0105 si\u0119 w Gliwicach z Piastem, 10 pa\u017adziernika u siebie z Miedzi\u0105 Legnica, 15 pa\u017adziernika w Gda\u0144sku z Lechi\u0105, 22 pa\u017adziernika u siebie z Koron\u0105 Kielce i 29 pa\u017adziernika w Poznaniu z Lechem.<\/p>\n\n\n\n<p>W najbli\u017cszym pojedynku Rak\u00f3w zagra w \u0141odzi z Widzewem, kt\u00f3ry powr\u00f3ci\u0142 do PKO BP Ekstraklasy. \u0141odzianie jak na beniaminka prezentuj\u0105 si\u0119 bardzo dobrze. W 10 meczach Widzew wywalczy\u0142 16 punkt\u00f3w i zajmuje wysokie 5. miejsce w tabeli. Pi\u0142karze Rakowa radz\u0105 sobie jeszcze lepiej. Cz\u0119stochowianie w 9 spotkaniach wywalczyli 19 punkt\u00f3w i w tabeli s\u0105 na 2. miejscu. Do prowadz\u0105cej Legii Warszawa Rak\u00f3w traci 1 punkt.<\/p>\n\n\n\n<p>Pi\u0142karze Rakowa maj\u0105 szans\u0119 na pozycj\u0119 lidera. 1 pa\u017adziernika prowadz\u0105ca w tabeli Legia zagra w Poznaniu z Lechem. Z tym meczu ka\u017cdy wynik jest mo\u017cliwy. Przed Rakowem te\u017c w \u0141odzi trudne zadanie, ale patrz\u0105c na ostatnie mecze czerwono-niebieskich (4:0 z Legi\u0105 Warszawa, 3:0 z Radomiakiem Radom) to cz\u0119stochowianie pojad\u0105 na mecz z Widzewem powalczy\u0107 o zwyci\u0119stwo i 3 punkty. To mo\u017ce by\u0107 udany tydzie\u0144 dla Rakowa. Jest du\u017ca szansa, \u017ce podopieczni trenera Marka Papszuna awansuj\u0105 na 1. miejsce w tabeli PKO BP Ekstraklasy&#8230;<\/p>\n\n\n\n<p><strong>MR-K<\/strong>, fot: <strong>AK<\/strong><\/p>\n\n\n\n<figure class=\"wp-block-image size-large\"><img decoding=\"async\" width=\"300\" height=\"250\" data-src=\"https:\/\/gazetaregionalna.com\/wp-content\/uploads\/2022\/04\/DMK-4.jpg\" alt=\"\" class=\"wp-image-77212 lazyload\" src=\"data:image\/svg+xml;base64,PHN2ZyB3aWR0aD0iMSIgaGVpZ2h0PSIxIiB4bWxucz0iaHR0cDovL3d3dy53My5vcmcvMjAwMC9zdmciPjwvc3ZnPg==\" style=\"--smush-placeholder-width: 300px; --smush-placeholder-aspect-ratio: 300\/250;\"><\/figure>\n\n\n\n<figure class=\"wp-block-image size-large\"><img decoding=\"async\" width=\"300\" height=\"250\" data-src=\"https:\/\/gazetaregionalna.com\/wp-content\/uploads\/2022\/04\/DMK-8.jpg\" alt=\"\" class=\"wp-image-77215 lazyload\" src=\"data:image\/svg+xml;base64,PHN2ZyB3aWR0aD0iMSIgaGVpZ2h0PSIxIiB4bWxucz0iaHR0cDovL3d3dy53My5vcmcvMjAwMC9zdmciPjwvc3ZnPg==\" style=\"--smush-placeholder-width: 300px; --smush-placeholder-aspect-ratio: 300\/250;\"><\/figure>\n","protected":false},"excerpt":{"rendered":"<p>Pi\u0142karze Rakowa Cz\u0119stochowa powracaj\u0105 do rozgrywek w PKO BP Ekstraklasie. W niedziel\u0119 zmierz\u0105 si\u0119 w \u0141odzi z Widzewem. Takiego meczu nie by\u0142o od ponad<\/p>\n","protected":false},"author":15,"featured_media":92736,"comment_status":"closed","ping_status":"open","sticky":false,"template":"","format":"standard","meta":{"_monsterinsights_skip_tracking":false,"_monsterinsights_sitenote_active":false,"_monsterinsights_sitenote_note":"","_monsterinsights_sitenote_category":0,"_uf_show_specific_survey":0,"_uf_disable_surveys":false,"footnotes":""},"categories":[94,6,5],"tags":[],"class_list":["post-94135","post","type-post","status-publish","format-standard","has-post-thumbnail","hentry","category-polecane","category-pilka-nozna","category-sport"],"_links":{"self":[{"href":"https:\/\/gazetaregionalna.com\/index.php?rest_route=\/wp\/v2\/posts\/94135","targetHints":{"allow":["GET"]}}],"collection":[{"href":"https:\/\/gazetaregionalna.com\/index.php?rest_route=\/wp\/v2\/posts"}],"about":[{"href":"https:\/\/gazetaregionalna.com\/index.php?rest_route=\/wp\/v2\/types\/post"}],"author":[{"embeddable":true,"href":"https:\/\/gazetaregionalna.com\/index.php?rest_route=\/wp\/v2\/users\/15"}],"replies":[{"embeddable":true,"href":"https:\/\/gazetaregionalna.com\/index.php?rest_route=%2Fwp%2Fv2%2Fcomments&post=94135"}],"version-history":[{"count":1,"href":"https:\/\/gazetaregionalna.com\/index.php?rest_route=\/wp\/v2\/posts\/94135\/revisions"}],"predecessor-version":[{"id":94136,"href":"https:\/\/gazetaregionalna.com\/index.php?rest_route=\/wp\/v2\/posts\/94135\/revisions\/94136"}],"wp:featuredmedia":[{"embeddable":true,"href":"https:\/\/gazetaregionalna.com\/index.php?rest_route=\/wp\/v2\/media\/92736"}],"wp:attachment":[{"href":"https:\/\/gazetaregionalna.com\/index.php?rest_route=%2Fwp%2Fv2%2Fmedia&parent=94135"}],"wp:term":[{"taxonomy":"category","embeddable":true,"href":"https:\/\/gazetaregionalna.com\/index.php?rest_route=%2Fwp%2Fv2%2Fcategories&post=94135"},{"taxonomy":"post_tag","embeddable":true,"href":"https:\/\/gazetaregionalna.com\/index.php?rest_route=%2Fwp%2Fv2%2Ftags&post=94135"}],"curies":[{"name":"wp","href":"https:\/\/api.w.org\/{rel}","templated":true}]}}