{"id":9407,"date":"2020-01-20T10:46:43","date_gmt":"2020-01-20T10:46:43","guid":{"rendered":"https:\/\/gazetaregionalna.com\/?p=9407"},"modified":"2020-01-20T10:46:45","modified_gmt":"2020-01-20T10:46:45","slug":"serce-dla-zakochanych-stoi-przed-ratuszem","status":"publish","type":"post","link":"https:\/\/gazetaregionalna.com\/?p=9407","title":{"rendered":"Serce dla zakochanych stoi przed Ratuszem"},"content":{"rendered":"\n<p> Od 28. Fina\u0142u Wielkiej Orkiestry \u015awi\u0105tecznej Pomocy na Placu Biega\u0144skiego stoi blisko dwumetrowe serce z metalu, od kt\u00f3rego zakochani mog\u0105 przypi\u0105\u0107 k\u0142\u00f3dki z wyznaniem mi\u0142o\u015bci lub przywi\u0105za\u0107 czerwone wst\u0105\u017cki ze swoimi imionami. Wykonawc\u0105 serca jest znany cz\u0119stochowski \u015blusarz, pomys\u0142odawca og\u00f3lnopolskiej zbi\u00f3rki starych kluczy dla Fundacji Ewy B\u0142aszczyk \u201eBudzik\u201d &#8211; Jan \u0141aczma\u0144ski. To on tak\u017ce jest autorem pomys\u0142u, kt\u00f3ry jak pokaza\u0142 nie tylko niedawny fina\u0142 Orkiestry, ale tak\u017ce kolejne dni, bardzo przypad\u0142 do gustu cz\u0119stochowianom.<\/p>\n\n\n\n<figure class=\"wp-block-image\"><img decoding=\"async\" width=\"576\" height=\"1024\" data-src=\"https:\/\/gazetaregionalna.com\/wp-content\/uploads\/2020\/01\/20200120_075728-576x1024.jpg\" alt=\"\" class=\"wp-image-9408 lazyload\" data-srcset=\"https:\/\/gazetaregionalna.com\/wp-content\/uploads\/2020\/01\/20200120_075728-576x1024.jpg 576w, https:\/\/gazetaregionalna.com\/wp-content\/uploads\/2020\/01\/20200120_075728-169x300.jpg 169w, https:\/\/gazetaregionalna.com\/wp-content\/uploads\/2020\/01\/20200120_075728-768x1365.jpg 768w, https:\/\/gazetaregionalna.com\/wp-content\/uploads\/2020\/01\/20200120_075728-696x1237.jpg 696w, https:\/\/gazetaregionalna.com\/wp-content\/uploads\/2020\/01\/20200120_075728-1068x1899.jpg 1068w, https:\/\/gazetaregionalna.com\/wp-content\/uploads\/2020\/01\/20200120_075728-236x420.jpg 236w, https:\/\/gazetaregionalna.com\/wp-content\/uploads\/2020\/01\/20200120_075728.jpg 900w\" data-sizes=\"(max-width: 576px) 100vw, 576px\" src=\"data:image\/svg+xml;base64,PHN2ZyB3aWR0aD0iMSIgaGVpZ2h0PSIxIiB4bWxucz0iaHR0cDovL3d3dy53My5vcmcvMjAwMC9zdmciPjwvc3ZnPg==\" style=\"--smush-placeholder-width: 576px; --smush-placeholder-aspect-ratio: 576\/1024;\" \/><\/figure>\n\n\n\n<p><br> &#8211; <em>O tym, aby stworzy\u0107 takie serce, my\u015bla\u0142em ju\u017c dawno <\/em>\u2013 opowiada Jan \u0141aczma\u0144ski. &#8211; <em>Chcia\u0142em, aby cz\u0119stochowianie oraz odwiedzaj\u0105cy nasze miasto tury\u015bci mieli wzorem innych miejscowo\u015bci mo\u017cliwo\u015b\u0107 takiego romantycznego wyznania mi\u0142o\u015bci. Chcia\u0142em oczywi\u015bcie po\u0142\u0105czy\u0107 przyjemne z po\u017cytecznym i prowadzi\u0107 jednocze\u015bnie zbi\u00f3rk\u0119 kluczy dla \u201eBudzika\u201d<\/em> &#8211; dodaje.<br> Idea pana Jana bardzo si\u0119 ludziom spodoba\u0142a. W trakcie fina\u0142u WO\u015aP cz\u0119stochowski sztab Orkiestry wyda\u0142 wszystkie przygotowane dla ch\u0119tnych k\u0142\u00f3dek w zamian za datki do puszki. Wzi\u0119ciem cieszy\u0142y si\u0119 tak\u017ce przygotowane na zapas czerwone wst\u0105\u017cki. Przez zawieszenie k\u0142\u00f3dki lub wst\u0105\u017cki swoj\u0105 obecno\u015b\u0107 na 28. Finale zaznaczali nie tylko cz\u0119stochowianie.<br> &#8211; <em>Mam informacj\u0119, \u017ce z mojej propozycji skorzystali te\u017c na przyk\u0142ad tury\u015bci z Zakopanego i Gda\u0144ska<\/em> \u2013 opowiada Jan \u0141aczma\u0144ski. &#8211; <em>Dosta\u0142em wiele pozytywnych sygna\u0142\u00f3w, \u017ce pomys\u0142 ludziom si\u0119 spodoba\u0142 i chc\u0105, aby serce na sta\u0142e zosta\u0142o na placu. Zamierzam przekona\u0107 do tej idei w\u0142adze miasta.<\/em><br> Obok serca stan\u0119\u0142a, tak\u017ce wykonana przez pana Jana, skarbonka na zb\u0119dne klucze. Jak si\u0119 okazuje, klucze wrzucaj\u0105 tam nie tylko ci, kt\u00f3rzy chc\u0105 przypina\u0107 na sercu swoje k\u0142\u00f3dki. O to w\u0142a\u015bnie chodzi Janowi \u0141aczma\u0144skiemu. Jak m\u00f3wi, taka sta\u0142a obecno\u015b\u0107 skarbonki na placu przed Ratuszem sk\u0142oni\u0107 mo\u017ce do pomocy dla \u201eBudzika\u201d wiele os\u00f3b.<br> &#8211; <em>Mam kolejny pomys\u0142, jak rozpropagowa\u0107 ide\u0119 zbi\u00f3rki kluczy, wykorzystuj\u0105c serce na Placu Biega\u0144skiego<\/em> \u2013 m\u00f3wi Jan \u0141aczma\u0144ski. &#8211;<em> A gdyby\u015bmy si\u0119 tak spotkali 14 lutego o godzinie 14 pod tym sercem? By\u0142oby sympatycznie. Jak plan si\u0119 powiedzie, czekam na zakochanych, i nie tylko, w r\u00f3\u017cnym wieku.<\/em><br> Plany pan Jan ma szerokie. Marzy mu si\u0119 obok metalowego serca specjalne \u0142aweczka dla zakochanych. Razem z sercem mog\u0142aby si\u0119, jak przekonuje, sta\u0107  popularnym miejscem do robienia pami\u0105tkowych zdj\u0119\u0107. <\/p>\n","protected":false},"excerpt":{"rendered":"<p>Od 28. Fina\u0142u Wielkiej Orkiestry \u015awi\u0105tecznej Pomocy na Placu Biega\u0144skiego stoi blisko dwumetrowe serce z metalu, od kt\u00f3rego zakochani mog\u0105 przypi\u0105\u0107 k\u0142\u00f3dki z wyznaniem<\/p>\n","protected":false},"author":7,"featured_media":9409,"comment_status":"open","ping_status":"open","sticky":false,"template":"","format":"standard","meta":{"_monsterinsights_skip_tracking":false,"_monsterinsights_sitenote_active":false,"_monsterinsights_sitenote_note":"","_monsterinsights_sitenote_category":0,"_uf_show_specific_survey":0,"_uf_disable_surveys":false,"footnotes":""},"categories":[3,94,2],"tags":[144,314,315,279],"class_list":["post-9407","post","type-post","status-publish","format-standard","has-post-thumbnail","hentry","category-czestochowa-informacje","category-polecane","category-wiadomosci","tag-czestochowa","tag-fundacja-budzik","tag-jan-laczmanski","tag-wosp"],"_links":{"self":[{"href":"https:\/\/gazetaregionalna.com\/index.php?rest_route=\/wp\/v2\/posts\/9407","targetHints":{"allow":["GET"]}}],"collection":[{"href":"https:\/\/gazetaregionalna.com\/index.php?rest_route=\/wp\/v2\/posts"}],"about":[{"href":"https:\/\/gazetaregionalna.com\/index.php?rest_route=\/wp\/v2\/types\/post"}],"author":[{"embeddable":true,"href":"https:\/\/gazetaregionalna.com\/index.php?rest_route=\/wp\/v2\/users\/7"}],"replies":[{"embeddable":true,"href":"https:\/\/gazetaregionalna.com\/index.php?rest_route=%2Fwp%2Fv2%2Fcomments&post=9407"}],"version-history":[{"count":1,"href":"https:\/\/gazetaregionalna.com\/index.php?rest_route=\/wp\/v2\/posts\/9407\/revisions"}],"predecessor-version":[{"id":9410,"href":"https:\/\/gazetaregionalna.com\/index.php?rest_route=\/wp\/v2\/posts\/9407\/revisions\/9410"}],"wp:featuredmedia":[{"embeddable":true,"href":"https:\/\/gazetaregionalna.com\/index.php?rest_route=\/wp\/v2\/media\/9409"}],"wp:attachment":[{"href":"https:\/\/gazetaregionalna.com\/index.php?rest_route=%2Fwp%2Fv2%2Fmedia&parent=9407"}],"wp:term":[{"taxonomy":"category","embeddable":true,"href":"https:\/\/gazetaregionalna.com\/index.php?rest_route=%2Fwp%2Fv2%2Fcategories&post=9407"},{"taxonomy":"post_tag","embeddable":true,"href":"https:\/\/gazetaregionalna.com\/index.php?rest_route=%2Fwp%2Fv2%2Ftags&post=9407"}],"curies":[{"name":"wp","href":"https:\/\/api.w.org\/{rel}","templated":true}]}}