{"id":9404,"date":"2020-01-20T09:58:27","date_gmt":"2020-01-20T09:58:27","guid":{"rendered":"https:\/\/gazetaregionalna.com\/?p=9404"},"modified":"2020-01-20T09:58:30","modified_gmt":"2020-01-20T09:58:30","slug":"gwiazdy-stand-upu-w-hali-czestochowa","status":"publish","type":"post","link":"https:\/\/gazetaregionalna.com\/?p=9404","title":{"rendered":"Gwiazdy Stand Upu w Hali Cz\u0119stochowa"},"content":{"rendered":"\n<p> W \u015brod\u0119, 22 stycznia w Hali Sportowej Cz\u0119stochowa przy ul. \u017bu\u017clowej w programie Band2 wyst\u0105pi\u0105 gwiazdy polskiego Stand Upu: Rafa\u0142 Pacze\u015b,  \u0141ukasz Lotek Lodkowski oraz Kacper Ruci\u0144ski. Spotkanie poprowadzi Rafa\u0142 Rutkowski. Pocz\u0105tek godzina 19.30. Bilety do nabycia na: bang2.pl.<\/p>\n","protected":false},"excerpt":{"rendered":"<p>W \u015brod\u0119, 22 stycznia w Hali Sportowej Cz\u0119stochowa przy ul. \u017bu\u017clowej w programie Band2 wyst\u0105pi\u0105 gwiazdy polskiego Stand Upu: Rafa\u0142 Pacze\u015b, \u0141ukasz Lotek Lodkowski<\/p>\n","protected":false},"author":7,"featured_media":0,"comment_status":"open","ping_status":"open","sticky":false,"template":"","format":"standard","meta":{"_monsterinsights_skip_tracking":false,"_monsterinsights_sitenote_active":false,"_monsterinsights_sitenote_note":"","_monsterinsights_sitenote_category":0,"_uf_show_specific_survey":0,"_uf_disable_surveys":false,"footnotes":""},"categories":[3,12,94,2,13],"tags":[],"class_list":["post-9404","post","type-post","status-publish","format-standard","hentry","category-czestochowa-informacje","category-kultura-i-rozrywka","category-polecane","category-wiadomosci","category-wydarzenia"],"_links":{"self":[{"href":"https:\/\/gazetaregionalna.com\/index.php?rest_route=\/wp\/v2\/posts\/9404","targetHints":{"allow":["GET"]}}],"collection":[{"href":"https:\/\/gazetaregionalna.com\/index.php?rest_route=\/wp\/v2\/posts"}],"about":[{"href":"https:\/\/gazetaregionalna.com\/index.php?rest_route=\/wp\/v2\/types\/post"}],"author":[{"embeddable":true,"href":"https:\/\/gazetaregionalna.com\/index.php?rest_route=\/wp\/v2\/users\/7"}],"replies":[{"embeddable":true,"href":"https:\/\/gazetaregionalna.com\/index.php?rest_route=%2Fwp%2Fv2%2Fcomments&post=9404"}],"version-history":[{"count":1,"href":"https:\/\/gazetaregionalna.com\/index.php?rest_route=\/wp\/v2\/posts\/9404\/revisions"}],"predecessor-version":[{"id":9406,"href":"https:\/\/gazetaregionalna.com\/index.php?rest_route=\/wp\/v2\/posts\/9404\/revisions\/9406"}],"wp:attachment":[{"href":"https:\/\/gazetaregionalna.com\/index.php?rest_route=%2Fwp%2Fv2%2Fmedia&parent=9404"}],"wp:term":[{"taxonomy":"category","embeddable":true,"href":"https:\/\/gazetaregionalna.com\/index.php?rest_route=%2Fwp%2Fv2%2Fcategories&post=9404"},{"taxonomy":"post_tag","embeddable":true,"href":"https:\/\/gazetaregionalna.com\/index.php?rest_route=%2Fwp%2Fv2%2Ftags&post=9404"}],"curies":[{"name":"wp","href":"https:\/\/api.w.org\/{rel}","templated":true}]}}