{"id":94019,"date":"2022-09-29T14:44:02","date_gmt":"2022-09-29T14:44:02","guid":{"rendered":"https:\/\/gazetaregionalna.com\/?p=94019"},"modified":"2022-09-29T14:44:05","modified_gmt":"2022-09-29T14:44:05","slug":"trener-rakowa-marek-papszun-przed-meczem-z-widzewem-przed-nami-emocjonujacy-mecz","status":"publish","type":"post","link":"https:\/\/gazetaregionalna.com\/?p=94019","title":{"rendered":"Trener Rakowa Marek Papszun przed meczem z Widzewem: Przed nami emocjonuj\u0105cy mecz"},"content":{"rendered":"\n<p>&#8211; Nie od dzi\u015b wiadomo, \u017ce na meczu Widzewa z Rakowem b\u0119dzie komplet publiczno\u015bci i gor\u0105ca atmosfera na trybunach \u2013 m\u00f3wi przed niedzielnym meczem w \u0141odzi trener Rakowa Marek Papszun.<\/p>\n\n\n\n<p>W niedziele Rak\u00f3w zagra w \u0141odzi z Widzewem. Obydwie dru\u017cyny prezentuj\u0105 si\u0119 bardzo dobrze i mo\u017cna spodziewa\u0107 si\u0119 zaci\u0119tego spotkania.<\/p>\n\n\n\n<p>&#8211; Za nami ju\u017c prawie ca\u0142a ta przerwa na reprezentacj\u0119 wi\u0119c czas, aby troch\u0119 popracowa\u0107 wi\u0119cej \u2013 m\u00f3wi trener Rakowa Marek Papszun. -Zagrali\u015bmy w tej przerwie po\u017cyteczny sparing z G\u00f3rnikiem Zabrze [6:0 dla Rakowa \u2013 red.]. To jest silny rywal. Mogli ju\u017c zagra\u0107 niekt\u00f3rzy zawodnicy, kt\u00f3rzy grali mniej, albo w og\u00f3le dawno ich nie widzieli\u015bmy jak Tomas Petrasek. To du\u017cy plus tej przerwy. Plus powracaj\u0105cy do treningu Ben Lederman i Andrzej Niewulis. Wr\u00f3cili kadrowicze bez uraz\u00f3w. To na pewno pozytywy tej przerwy. Jeste\u015bmy dobrze przygotowani i dobrze nastawieni do tej drugiej fazy rozgrywek. Ta przerwa troch\u0119 rozgraniczy\u0142a t\u0105 rund\u0119 jesienn\u0105, kr\u00f3tk\u0105, szybk\u0105 i dynamiczn\u0105 na p\u00f3\u0142. I wierz\u0119, \u017ce w ko\u0144c\u00f3wce tej rundy b\u0119dziemy dobrze si\u0119 prezentowa\u0107, a przede wszystkim dobrze punktowali. Przed nami taki emocjonuj\u0105cy mecz ze strony kibicowskiej. Ale te\u017c Widzew prezentuje si\u0119 dobrze wi\u0119c mo\u017ce by\u0107 gor\u0105ca atmosfera na boisku i na trybunach.<\/p>\n\n\n\n<p>Trener Rakowa Marek Papszun potwierdzi\u0142, \u017ce spodziewa si\u0119 gor\u0105cej atmosfery. &#8211; Nie od dzi\u015b wiadomo, \u017ce na meczu Widzewa z Rakowem b\u0119dzie komplet publiczno\u015bci i gor\u0105ca atmosfera na trybunach \u2013 dodaje trener Papszun &#8211; Zesp\u00f3\u0142 nie podchodzi jako\u015b emocjonalnie do \u017cadnego meczu w lidze. Natomiast s\u0105 to nie ukrywajmy mecze troch\u0119 inne ni\u017c od tych przy mniejszej publice i na pewno ka\u017cdy z pi\u0142karzy chce bardziej bra\u0107 udzia\u0142 w takich spotkaniach i na pewno ta motywacja wewn\u0119trzna jest na wy\u017cszym poziomie.<\/p>\n\n\n\n<p>MR-K, fot: AK<\/p>\n\n\n\n<figure class=\"wp-block-image size-large\"><img decoding=\"async\" width=\"1024\" height=\"683\" data-src=\"https:\/\/gazetaregionalna.com\/wp-content\/uploads\/2022\/09\/Rakow-Radomiak-48-1024x683.jpg\" alt=\"\" class=\"wp-image-92746 lazyload\" data-srcset=\"https:\/\/gazetaregionalna.com\/wp-content\/uploads\/2022\/09\/Rakow-Radomiak-48-1024x683.jpg 1024w, https:\/\/gazetaregionalna.com\/wp-content\/uploads\/2022\/09\/Rakow-Radomiak-48-300x200.jpg 300w, https:\/\/gazetaregionalna.com\/wp-content\/uploads\/2022\/09\/Rakow-Radomiak-48-768x512.jpg 768w, https:\/\/gazetaregionalna.com\/wp-content\/uploads\/2022\/09\/Rakow-Radomiak-48-1536x1024.jpg 1536w, https:\/\/gazetaregionalna.com\/wp-content\/uploads\/2022\/09\/Rakow-Radomiak-48-2048x1365.jpg 2048w, https:\/\/gazetaregionalna.com\/wp-content\/uploads\/2022\/09\/Rakow-Radomiak-48-696x464.jpg 696w, https:\/\/gazetaregionalna.com\/wp-content\/uploads\/2022\/09\/Rakow-Radomiak-48-1068x712.jpg 1068w, https:\/\/gazetaregionalna.com\/wp-content\/uploads\/2022\/09\/Rakow-Radomiak-48-1920x1280.jpg 1920w, https:\/\/gazetaregionalna.com\/wp-content\/uploads\/2022\/09\/Rakow-Radomiak-48-630x420.jpg 630w, https:\/\/gazetaregionalna.com\/wp-content\/uploads\/2022\/09\/Rakow-Radomiak-48-scaled.jpg 1600w\" data-sizes=\"(max-width: 1024px) 100vw, 1024px\" src=\"data:image\/svg+xml;base64,PHN2ZyB3aWR0aD0iMSIgaGVpZ2h0PSIxIiB4bWxucz0iaHR0cDovL3d3dy53My5vcmcvMjAwMC9zdmciPjwvc3ZnPg==\" style=\"--smush-placeholder-width: 1024px; --smush-placeholder-aspect-ratio: 1024\/683;\" \/><\/figure>\n\n\n\n<figure class=\"wp-block-image size-large\"><img decoding=\"async\" width=\"300\" height=\"250\" data-src=\"https:\/\/gazetaregionalna.com\/wp-content\/uploads\/2022\/04\/DMK-3.jpg\" alt=\"\" class=\"wp-image-77211 lazyload\" src=\"data:image\/svg+xml;base64,PHN2ZyB3aWR0aD0iMSIgaGVpZ2h0PSIxIiB4bWxucz0iaHR0cDovL3d3dy53My5vcmcvMjAwMC9zdmciPjwvc3ZnPg==\" style=\"--smush-placeholder-width: 300px; --smush-placeholder-aspect-ratio: 300\/250;\"><\/figure>\n","protected":false},"excerpt":{"rendered":"<p>&#8211; Nie od dzi\u015b wiadomo, \u017ce na meczu Widzewa z Rakowem b\u0119dzie komplet publiczno\u015bci i gor\u0105ca atmosfera na trybunach \u2013 m\u00f3wi przed niedzielnym meczem<\/p>\n","protected":false},"author":15,"featured_media":92746,"comment_status":"closed","ping_status":"open","sticky":false,"template":"","format":"standard","meta":{"_monsterinsights_skip_tracking":false,"_monsterinsights_sitenote_active":false,"_monsterinsights_sitenote_note":"","_monsterinsights_sitenote_category":0,"_uf_show_specific_survey":0,"_uf_disable_surveys":false,"footnotes":""},"categories":[5,6],"tags":[],"class_list":["post-94019","post","type-post","status-publish","format-standard","has-post-thumbnail","hentry","category-sport","category-pilka-nozna"],"_links":{"self":[{"href":"https:\/\/gazetaregionalna.com\/index.php?rest_route=\/wp\/v2\/posts\/94019","targetHints":{"allow":["GET"]}}],"collection":[{"href":"https:\/\/gazetaregionalna.com\/index.php?rest_route=\/wp\/v2\/posts"}],"about":[{"href":"https:\/\/gazetaregionalna.com\/index.php?rest_route=\/wp\/v2\/types\/post"}],"author":[{"embeddable":true,"href":"https:\/\/gazetaregionalna.com\/index.php?rest_route=\/wp\/v2\/users\/15"}],"replies":[{"embeddable":true,"href":"https:\/\/gazetaregionalna.com\/index.php?rest_route=%2Fwp%2Fv2%2Fcomments&post=94019"}],"version-history":[{"count":1,"href":"https:\/\/gazetaregionalna.com\/index.php?rest_route=\/wp\/v2\/posts\/94019\/revisions"}],"predecessor-version":[{"id":94020,"href":"https:\/\/gazetaregionalna.com\/index.php?rest_route=\/wp\/v2\/posts\/94019\/revisions\/94020"}],"wp:featuredmedia":[{"embeddable":true,"href":"https:\/\/gazetaregionalna.com\/index.php?rest_route=\/wp\/v2\/media\/92746"}],"wp:attachment":[{"href":"https:\/\/gazetaregionalna.com\/index.php?rest_route=%2Fwp%2Fv2%2Fmedia&parent=94019"}],"wp:term":[{"taxonomy":"category","embeddable":true,"href":"https:\/\/gazetaregionalna.com\/index.php?rest_route=%2Fwp%2Fv2%2Fcategories&post=94019"},{"taxonomy":"post_tag","embeddable":true,"href":"https:\/\/gazetaregionalna.com\/index.php?rest_route=%2Fwp%2Fv2%2Ftags&post=94019"}],"curies":[{"name":"wp","href":"https:\/\/api.w.org\/{rel}","templated":true}]}}