{"id":9387,"date":"2020-01-20T08:18:54","date_gmt":"2020-01-20T08:18:54","guid":{"rendered":"https:\/\/gazetaregionalna.com\/?p=9387"},"modified":"2020-01-20T08:18:59","modified_gmt":"2020-01-20T08:18:59","slug":"stary-rynek-sie-zmienia","status":"publish","type":"post","link":"https:\/\/gazetaregionalna.com\/?p=9387","title":{"rendered":"Stary Rynek si\u0119 zmienia"},"content":{"rendered":"\n<h2 class=\"wp-block-heading\">Szybko posuwaj\u0105 si\u0119  prace przy rewitalizacji Starego Rynku w Cz\u0119stochowie. Aura dopisuje, wi\u0119c mimo trwaj\u0105cej formalnie zimie ekipy budowlane prowadz\u0105 roboty ziemne i budowlane. Ca\u0142o\u015b\u0107 prac ma by\u0107 zako\u0144czona w czerwcu tego roku.<\/h2>\n\n\n\n<p><br> Wida\u0107 ju\u017c zarys przysz\u0142ego pawilonu wystawienniczego. Ca\u0142y plac powoli zyskuje tak\u017ce nowy wygl\u0105d. Zakres rob\u00f3t jest spory. Kiedy rewitalizacja zostanie zako\u0144czona, cz\u0119stochowski Stary Rynek ma si\u0119 sta\u0107 atrakcyjnym miejscem zar\u00f3wno dla turyst\u00f3w, jak i samych cz\u0119stochowian.<br> Przeszklony pawilon, dzi\u0119ki kt\u00f3remu wzorem Krakowa b\u0119dzie mo\u017cna zobaczy\u0107 odkopane przez archeolog\u00f3w historyczne fundamenty ratusza, fontanna, \u0142awki, ziele\u0144 i balansuj\u0105ce rze\u017aby, to tylko cz\u0119\u015b\u0107 tego, co pojawi si\u0119 ju\u017c za kilka miesi\u0119cy na Starym Rynku w Cz\u0119stochowie.<br> Roboty w tej najstarszej cz\u0119\u015bci miasta prowadzone s\u0105 od wiosny ubieg\u0142ego roku. Po ich zako\u0144czeniu zmieni si\u0119 nie tylko sam Stary Rynek, ale r\u00f3wnie\u017c przylegaj\u0105ce do niego uliczki.<\/p>\n\n\n\n<figure class=\"wp-block-image\"><img decoding=\"async\" width=\"1024\" height=\"576\" data-src=\"https:\/\/gazetaregionalna.com\/wp-content\/uploads\/2020\/01\/20200116_122253-1024x576.jpg\" alt=\"\" class=\"wp-image-9388 lazyload\" data-srcset=\"https:\/\/gazetaregionalna.com\/wp-content\/uploads\/2020\/01\/20200116_122253-1024x576.jpg 1024w, https:\/\/gazetaregionalna.com\/wp-content\/uploads\/2020\/01\/20200116_122253-300x169.jpg 300w, https:\/\/gazetaregionalna.com\/wp-content\/uploads\/2020\/01\/20200116_122253-768x432.jpg 768w, https:\/\/gazetaregionalna.com\/wp-content\/uploads\/2020\/01\/20200116_122253-696x392.jpg 696w, https:\/\/gazetaregionalna.com\/wp-content\/uploads\/2020\/01\/20200116_122253-1068x601.jpg 1068w, https:\/\/gazetaregionalna.com\/wp-content\/uploads\/2020\/01\/20200116_122253-747x420.jpg 747w, https:\/\/gazetaregionalna.com\/wp-content\/uploads\/2020\/01\/20200116_122253.jpg 1200w\" data-sizes=\"(max-width: 1024px) 100vw, 1024px\" src=\"data:image\/svg+xml;base64,PHN2ZyB3aWR0aD0iMSIgaGVpZ2h0PSIxIiB4bWxucz0iaHR0cDovL3d3dy53My5vcmcvMjAwMC9zdmciPjwvc3ZnPg==\" style=\"--smush-placeholder-width: 1024px; --smush-placeholder-aspect-ratio: 1024\/576;\" \/><\/figure>\n\n\n\n<p><br> W ramach zadania o nazwie ,,Przebudowa i rozbudowa budynku Ratusza Starej Cz\u0119stochowy wraz z zagospodarowaniem terenu\u201d na Starym Rynku stanie nowoczesny, przeszklony pawilon. Tej budowie towarzyszy\u0107 b\u0119dzie gruntowna modernizacja p\u0142yty placu, wmontowanie fontanny w postaci pasa wodnego, a tak\u017ce budowa schod\u00f3w do podziemnej cz\u0119\u015bci budynku. B\u0119dzie tam mo\u017cna obejrze\u0107 odkryte przez archeolog\u00f3w pozosta\u0142o\u015bci Starego Ratusza. Nowy budynek ma pomie\u015bci\u0107 te\u017c cz\u0119\u015b\u0107 us\u0142ugowo-gastronomiczn\u0105. Interesuj\u0105cym dope\u0142nieniem nowego wygl\u0105du Starego Rynku b\u0119dzie 14 balansuj\u0105cych rze\u017ab, podwieszonych na specjalnych masztach. Plac za &#8222;Puchatkiem&#8221; zyska r\u00f3wnie\u017c ziele\u0144, nowe o\u015bwietlenie oraz elementy ma\u0142ej architektury. Inwestycja warta prawie 24 mln z\u0142otych jest wspierana funduszami unijnymi, kt\u00f3re pozyska\u0142 samorz\u0105d oraz dotacj\u0105 z bud\u017cetu pa\u0144stwa. Z Unii Europejskiej gmina otrzyma na to zadanie oko\u0142o 16 mln, dotacja rz\u0105dowa, to ponad 1,8 mln z\u0142otych. R\u00f3wnolegle z remontem Starego Rynku prowadzona b\u0119dzie, tym razem ju\u017c wy\u0142\u0105cznie za pieni\u0105dze gminne, przebudowa ulic przyleg\u0142ych do g\u0142\u00f3wnej cz\u0119\u015bci placu \u2013 w tym ul. Mirowskiej i ul.Senatorskiej.<\/p>\n\n\n\n<figure class=\"wp-block-image\"><img decoding=\"async\" width=\"768\" height=\"432\" data-src=\"https:\/\/gazetaregionalna.com\/wp-content\/uploads\/2020\/01\/rynek3-768x432.jpg\" alt=\"\" class=\"wp-image-9389 lazyload\" data-srcset=\"https:\/\/gazetaregionalna.com\/wp-content\/uploads\/2020\/01\/rynek3-768x432.jpg 768w, https:\/\/gazetaregionalna.com\/wp-content\/uploads\/2020\/01\/rynek3-768x432-300x169.jpg 300w, https:\/\/gazetaregionalna.com\/wp-content\/uploads\/2020\/01\/rynek3-768x432-696x392.jpg 696w, https:\/\/gazetaregionalna.com\/wp-content\/uploads\/2020\/01\/rynek3-768x432-747x420.jpg 747w\" data-sizes=\"(max-width: 768px) 100vw, 768px\" src=\"data:image\/svg+xml;base64,PHN2ZyB3aWR0aD0iMSIgaGVpZ2h0PSIxIiB4bWxucz0iaHR0cDovL3d3dy53My5vcmcvMjAwMC9zdmciPjwvc3ZnPg==\" style=\"--smush-placeholder-width: 768px; --smush-placeholder-aspect-ratio: 768\/432;\" \/><figcaption>Tak b\u0119dzie wygl\u0105da\u0142 odnowiony Stary Rynek<\/figcaption><\/figure>\n\n\n\n<p><br> Stary Rynek jest historycznym centrum dawnej, Starej Cz\u0119stochowy \u2013 miasta nad Wart\u0105, kt\u00f3re istnia\u0142o, zanim Aleje po\u0142\u0105czy\u0142y je z Now\u0105 Cz\u0119stochow\u0105, kt\u00f3ra powsta\u0142a wok\u00f3\u0142 Jasnej G\u00f3ry. Stary Ratusz \u2013 kiedy\u015b centralny obiekt Starego Rynku \u2013 by\u0142 jednym z symboli miasta do pocz\u0105tku XIX wieku. Jak przekonuje miasto, inwestycja na Starym Rynku jest wi\u0119c bardzo wa\u017cna dla zachowania historii miasta. Po zako\u0144czeniu modernizacji Stary Rynek ma si\u0119 sta\u0107 miejscem, w kt\u00f3rym historia ma si\u0119 spotka\u0107 z nowoczesn\u0105 funkcjonalno\u015bci\u0105.<br> Roboty budowlane na Starym Rynku prowadzi konsorcjum \u2013 Zak\u0142ad Remontowo Budowlano Instalatorski Budo-Max z Cz\u0119stochowy, FUH Maciej Dobosz z Ku\u017aniczki k. Krzepic oraz \u017belbet-Montex z siedzib\u0105 w Cz\u0119stochowie.<\/p>\n","protected":false},"excerpt":{"rendered":"<p>Szybko posuwaj\u0105 si\u0119 prace przy rewitalizacji Starego Rynku w Cz\u0119stochowie. Aura dopisuje, wi\u0119c mimo trwaj\u0105cej formalnie zimie ekipy budowlane prowadz\u0105 roboty ziemne i budowlane.<\/p>\n","protected":false},"author":7,"featured_media":9390,"comment_status":"open","ping_status":"open","sticky":false,"template":"","format":"standard","meta":{"_monsterinsights_skip_tracking":false,"_monsterinsights_sitenote_active":false,"_monsterinsights_sitenote_note":"","_monsterinsights_sitenote_category":0,"_uf_show_specific_survey":0,"_uf_disable_surveys":false,"footnotes":""},"categories":[20,3,33,94,2],"tags":[],"class_list":["post-9387","post","type-post","status-publish","format-standard","has-post-thumbnail","hentry","category-budownictwo","category-czestochowa-informacje","category-inwestycje","category-polecane","category-wiadomosci"],"_links":{"self":[{"href":"https:\/\/gazetaregionalna.com\/index.php?rest_route=\/wp\/v2\/posts\/9387","targetHints":{"allow":["GET"]}}],"collection":[{"href":"https:\/\/gazetaregionalna.com\/index.php?rest_route=\/wp\/v2\/posts"}],"about":[{"href":"https:\/\/gazetaregionalna.com\/index.php?rest_route=\/wp\/v2\/types\/post"}],"author":[{"embeddable":true,"href":"https:\/\/gazetaregionalna.com\/index.php?rest_route=\/wp\/v2\/users\/7"}],"replies":[{"embeddable":true,"href":"https:\/\/gazetaregionalna.com\/index.php?rest_route=%2Fwp%2Fv2%2Fcomments&post=9387"}],"version-history":[{"count":1,"href":"https:\/\/gazetaregionalna.com\/index.php?rest_route=\/wp\/v2\/posts\/9387\/revisions"}],"predecessor-version":[{"id":9391,"href":"https:\/\/gazetaregionalna.com\/index.php?rest_route=\/wp\/v2\/posts\/9387\/revisions\/9391"}],"wp:featuredmedia":[{"embeddable":true,"href":"https:\/\/gazetaregionalna.com\/index.php?rest_route=\/wp\/v2\/media\/9390"}],"wp:attachment":[{"href":"https:\/\/gazetaregionalna.com\/index.php?rest_route=%2Fwp%2Fv2%2Fmedia&parent=9387"}],"wp:term":[{"taxonomy":"category","embeddable":true,"href":"https:\/\/gazetaregionalna.com\/index.php?rest_route=%2Fwp%2Fv2%2Fcategories&post=9387"},{"taxonomy":"post_tag","embeddable":true,"href":"https:\/\/gazetaregionalna.com\/index.php?rest_route=%2Fwp%2Fv2%2Ftags&post=9387"}],"curies":[{"name":"wp","href":"https:\/\/api.w.org\/{rel}","templated":true}]}}