{"id":93754,"date":"2022-10-10T06:38:31","date_gmt":"2022-10-10T06:38:31","guid":{"rendered":"https:\/\/gazetaregionalna.com\/?p=93754"},"modified":"2022-10-10T06:42:17","modified_gmt":"2022-10-10T06:42:17","slug":"wiek-psa","status":"publish","type":"post","link":"https:\/\/gazetaregionalna.com\/?p=93754","title":{"rendered":"Jak obliczy\u0107 wiek psa pod wzgl\u0119dem ,,ludzkich\u201d lat i dlaczego powinno si\u0119 to robi\u0107?"},"content":{"rendered":"\n<h4 class=\"wp-block-heading\"><strong>Wiek psa to kluczowa kwestia zar\u00f3wno pod wzgl\u0119dem zdrowotnym, jak r\u00f3wnie\u017c pod k\u0105tem wychowania i odpowiedniego traktowania zwierz\u0119cia. Do niedawna twierdzono, \u017ce <a href=\"https:\/\/pupilek.pl\/pies\/obliczanie-wieku-psa-wzgledem-lat-czlowieka\/\" target=\"_blank\" rel=\"noopener\">przeliczanie wieku psa <\/a>to nic trudnego \u2013 jednemu roku \u017cycia pupila odpowiada ok. 7 lat ludzkich. Badania wykaza\u0142y jednak, i\u017c przelicznik lat psa jest zale\u017cny od rasy i wielko\u015bci.<\/strong><\/h4>\n\n\n\n<p>Wielu w\u0142a\u015bcicieli, patrz\u0105c na zachowania swojego zwierz\u0119cia, zastanawia si\u0119 nad jego wiekiem oraz tym, ile pozosta\u0142o im wsp\u00f3lnego czasu. Wiek psa jest wa\u017cnym aspektem, maj\u0105cym wp\u0142yw na komfort \u017cycia pupila.<\/p>\n\n\n\n<p>Odpowiednio okre\u015blaj\u0105c prze\u017cyte lata psa, mo\u017cna odpowiednio zadba\u0107 o niego, poprzez dob\u00f3r karmy, dostosowanie aktywno\u015bci fizycznej, odpowiedni\u0105 tresur\u0119 czy opiek\u0119 weterynaryjn\u0105. Licz\u0105c wiek psa, przede wszystkim trzeba wzi\u0105\u0107 pod uwag\u0119 wielko\u015b\u0107 i wag\u0119, a tak\u017ce wygl\u0105d zwierz\u0119cia.<\/p>\n\n\n\n<figure class=\"wp-block-image size-large\"><img decoding=\"async\" width=\"1024\" height=\"683\" data-src=\"https:\/\/gazetaregionalna.com\/wp-content\/uploads\/2022\/09\/wiek_psa4-1024x683.jpg\" alt=\"wiek psa\" class=\"wp-image-93851 lazyload\" data-srcset=\"https:\/\/gazetaregionalna.com\/wp-content\/uploads\/2022\/09\/wiek_psa4-1024x683.jpg 1024w, https:\/\/gazetaregionalna.com\/wp-content\/uploads\/2022\/09\/wiek_psa4-300x200.jpg 300w, https:\/\/gazetaregionalna.com\/wp-content\/uploads\/2022\/09\/wiek_psa4-768x512.jpg 768w, https:\/\/gazetaregionalna.com\/wp-content\/uploads\/2022\/09\/wiek_psa4-1536x1024.jpg 1536w, https:\/\/gazetaregionalna.com\/wp-content\/uploads\/2022\/09\/wiek_psa4-2048x1365.jpg 2048w, https:\/\/gazetaregionalna.com\/wp-content\/uploads\/2022\/09\/wiek_psa4-696x464.jpg 696w, https:\/\/gazetaregionalna.com\/wp-content\/uploads\/2022\/09\/wiek_psa4-1068x712.jpg 1068w, https:\/\/gazetaregionalna.com\/wp-content\/uploads\/2022\/09\/wiek_psa4-1920x1280.jpg 1920w, https:\/\/gazetaregionalna.com\/wp-content\/uploads\/2022\/09\/wiek_psa4-630x420.jpg 630w, https:\/\/gazetaregionalna.com\/wp-content\/uploads\/2022\/09\/wiek_psa4-scaled.jpg 1600w\" data-sizes=\"(max-width: 1024px) 100vw, 1024px\" src=\"data:image\/svg+xml;base64,PHN2ZyB3aWR0aD0iMSIgaGVpZ2h0PSIxIiB4bWxucz0iaHR0cDovL3d3dy53My5vcmcvMjAwMC9zdmciPjwvc3ZnPg==\" style=\"--smush-placeholder-width: 1024px; --smush-placeholder-aspect-ratio: 1024\/683;\" \/><figcaption>Jak obliczy\u0107 wiek psa?<\/figcaption><\/figure>\n\n\n\n<h4 class=\"wp-block-heading\"><a href=\"https:\/\/pupilek.pl\/pies\/obliczanie-wieku-psa-wzgledem-lat-czlowieka\/\" target=\"_blank\" rel=\"noopener\">Przeliczanie wieku psa<\/a> &#8211; p<strong>rzyjrzyj si\u0119 swojemu pupilowi<\/strong><\/h4>\n\n\n\n<p>Zwr\u00f3\u0107 uwag\u0119 na stan uz\u0119bienia. U szczeni\u0105t jest 28 ostrych i bia\u0142ych z\u0119b\u00f3w, kt\u00f3re zaczynaj\u0105 pojawia\u0107 si\u0119 w trzecim tygodniu \u017cycia, a u osobnik\u00f3w doros\u0142ych 22 z\u0119by w g\u00f3rnej oraz 20 w dolnej szcz\u0119ce.<\/p>\n\n\n\n<p>Z\u0119by m\u0142odego psa s\u0105 jasne i mocne. U dojrza\u0142ych ps\u00f3w zaczyna pojawia\u0107 si\u0119 kamie\u0144 naz\u0119bny. Z kolei u seniora z\u0119by zaczynaj\u0105 si\u0119 \u015bciera\u0107, s\u0105 \u017c\u00f3\u0142te, a czasami maj\u0105 ubytki i chwiej\u0105 si\u0119. Z\u0119by wypadaj\u0105 psu po 10 roku \u017cycia.<\/p>\n\n\n\n<figure class=\"wp-block-image size-large is-resized\"><img decoding=\"async\" data-src=\"https:\/\/gazetaregionalna.com\/wp-content\/uploads\/2022\/09\/wiek_psa6-1024x683.jpg\" alt=\"wiek psa\" class=\"wp-image-93853 lazyload\" width=\"696\" height=\"464\" data-srcset=\"https:\/\/gazetaregionalna.com\/wp-content\/uploads\/2022\/09\/wiek_psa6-1024x683.jpg 1024w, https:\/\/gazetaregionalna.com\/wp-content\/uploads\/2022\/09\/wiek_psa6-300x200.jpg 300w, https:\/\/gazetaregionalna.com\/wp-content\/uploads\/2022\/09\/wiek_psa6-768x512.jpg 768w, https:\/\/gazetaregionalna.com\/wp-content\/uploads\/2022\/09\/wiek_psa6-1536x1024.jpg 1536w, https:\/\/gazetaregionalna.com\/wp-content\/uploads\/2022\/09\/wiek_psa6-2048x1365.jpg 2048w, https:\/\/gazetaregionalna.com\/wp-content\/uploads\/2022\/09\/wiek_psa6-696x464.jpg 696w, https:\/\/gazetaregionalna.com\/wp-content\/uploads\/2022\/09\/wiek_psa6-1068x712.jpg 1068w, https:\/\/gazetaregionalna.com\/wp-content\/uploads\/2022\/09\/wiek_psa6-1920x1280.jpg 1920w, https:\/\/gazetaregionalna.com\/wp-content\/uploads\/2022\/09\/wiek_psa6-630x420.jpg 630w, https:\/\/gazetaregionalna.com\/wp-content\/uploads\/2022\/09\/wiek_psa6-scaled.jpg 1600w\" data-sizes=\"(max-width: 696px) 100vw, 696px\" src=\"data:image\/svg+xml;base64,PHN2ZyB3aWR0aD0iMSIgaGVpZ2h0PSIxIiB4bWxucz0iaHR0cDovL3d3dy53My5vcmcvMjAwMC9zdmciPjwvc3ZnPg==\" style=\"--smush-placeholder-width: 696px; --smush-placeholder-aspect-ratio: 696\/464;\" \/><figcaption>Jak obliczy\u0107 wiek psa?<\/figcaption><\/figure>\n\n\n\n<p>Siwienie to cecha, kt\u00f3ra jest wsp\u00f3lna zar\u00f3wno u ludzi, jak i u ps\u00f3w. U zwierz\u0105t tych pierwsze siwe w\u0142osy mog\u0105 ukaza\u0107 si\u0119 ju\u017c w pi\u0105tym roku \u017cycia i wyst\u0119puj\u0105 zazwyczaj w okolicy pyska, a w wieku o\u015bmiu lat ca\u0142a sier\u015b\u0107 na g\u0142owie psa mo\u017ce sta\u0107 si\u0119 bia\u0142a.<\/p>\n\n\n\n<p>M\u0119tne spojrzenie jest zazwyczaj oznak\u0105 staro\u015bci. Mo\u017cna zaobserwowa\u0107 r\u00f3wnie\u017c, \u017ce pies widzi coraz gorzej, przez co porusza si\u0119 mniej zgrabnie. Zamglone oczy powinny sta\u0107 si\u0119 powodem do odwiedzenia specjalisty, aby upewni\u0107 si\u0119, czy z powodu wieku u naszego psa nie pojawi\u0142y si\u0119 choroby oczu typowe dla senior\u00f3w, jak np. za\u0107ma czy jaskra.<\/p>\n\n\n\n<p>Zachowanie tak\u017ce zmienia si\u0119 wraz z up\u0142ywem czasu \u2013 starsze psy staj\u0105 si\u0119 spokojniejsze i mniej sk\u0142onne do zabaw czy aktywno\u015bci fizycznej, a d\u0142u\u017csze spacery zaczynaj\u0105 je m\u0119czy\u0107. Czas sp\u0119dzaj\u0105 ch\u0119tniej w wygodnym miejscu, z kt\u00f3rego wszystko obserwuj\u0105 lub w kt\u00f3rym \u015bpi\u0105.<\/p>\n\n\n\n<figure class=\"wp-block-image size-large is-resized\"><img decoding=\"async\" data-src=\"https:\/\/gazetaregionalna.com\/wp-content\/uploads\/2022\/09\/wiek_psa5-1024x683.jpg\" alt=\"wiek psa\" class=\"wp-image-93854 lazyload\" width=\"696\" height=\"464\" data-srcset=\"https:\/\/gazetaregionalna.com\/wp-content\/uploads\/2022\/09\/wiek_psa5-1024x683.jpg 1024w, https:\/\/gazetaregionalna.com\/wp-content\/uploads\/2022\/09\/wiek_psa5-300x200.jpg 300w, https:\/\/gazetaregionalna.com\/wp-content\/uploads\/2022\/09\/wiek_psa5-768x512.jpg 768w, https:\/\/gazetaregionalna.com\/wp-content\/uploads\/2022\/09\/wiek_psa5-1536x1024.jpg 1536w, https:\/\/gazetaregionalna.com\/wp-content\/uploads\/2022\/09\/wiek_psa5-2048x1365.jpg 2048w, https:\/\/gazetaregionalna.com\/wp-content\/uploads\/2022\/09\/wiek_psa5-696x464.jpg 696w, https:\/\/gazetaregionalna.com\/wp-content\/uploads\/2022\/09\/wiek_psa5-1068x712.jpg 1068w, https:\/\/gazetaregionalna.com\/wp-content\/uploads\/2022\/09\/wiek_psa5-1920x1280.jpg 1920w, https:\/\/gazetaregionalna.com\/wp-content\/uploads\/2022\/09\/wiek_psa5-630x420.jpg 630w, https:\/\/gazetaregionalna.com\/wp-content\/uploads\/2022\/09\/wiek_psa5-scaled.jpg 1600w\" data-sizes=\"(max-width: 696px) 100vw, 696px\" src=\"data:image\/svg+xml;base64,PHN2ZyB3aWR0aD0iMSIgaGVpZ2h0PSIxIiB4bWxucz0iaHR0cDovL3d3dy53My5vcmcvMjAwMC9zdmciPjwvc3ZnPg==\" style=\"--smush-placeholder-width: 696px; --smush-placeholder-aspect-ratio: 696\/464;\" \/><figcaption>Jak obliczy\u0107 wiek psa?<\/figcaption><\/figure>\n\n\n\n<h3 class=\"wp-block-heading\"><strong>Etapy \u017cycia u ps\u00f3w<\/strong><\/h3>\n\n\n\n<p>Dojrzewania i starzenie si\u0119 u ps\u00f3w przebiega inaczej, ni\u017c u ludzi, przez co przelicznik psich lat na ludzkie nie jest do ko\u0144ca jednoznaczny. Cykl \u017cycia mo\u017cna uzna\u0107 za podobny, cho\u0107 u tych zwierz\u0105t poszczeg\u00f3lne etapy dorastania i starzenia przebiegaj\u0105 na nieco innych odcinkach.<\/p>\n\n\n\n<p>M\u0142ode psy dojrzewaj\u0105 szybciej, ni\u017c nastoletni cz\u0142owiek, a dodatkowo proces ten jest zale\u017cny od jego wielko\u015bci. Oczywi\u015bcie na d\u0142ugo\u015b\u0107 \u017cycia psa ma r\u00f3wnie\u017c wp\u0142yw stan jego zdrowia oraz geny. Istnieje stara metoda, by obliczy\u0107 wiek psa, gdzie przeliczanie lat na ludzkie wynosi odpowiednio 1 rok \u017cycia zwierz\u0119cia, to 7 lat cz\u0142owieka. Jest to nazbyt uproszczony przelicznik, nie istnieje bowiem uniwersalny kalkulator wieku naszego pupila.<\/p>\n\n\n\n<figure class=\"wp-block-image size-large is-resized\"><img decoding=\"async\" data-src=\"https:\/\/gazetaregionalna.com\/wp-content\/uploads\/2022\/09\/wiek_psa7-1024x683.jpg\" alt=\"wiek psa\" class=\"wp-image-93855 lazyload\" width=\"696\" height=\"464\" data-srcset=\"https:\/\/gazetaregionalna.com\/wp-content\/uploads\/2022\/09\/wiek_psa7-1024x683.jpg 1024w, https:\/\/gazetaregionalna.com\/wp-content\/uploads\/2022\/09\/wiek_psa7-300x200.jpg 300w, https:\/\/gazetaregionalna.com\/wp-content\/uploads\/2022\/09\/wiek_psa7-768x512.jpg 768w, https:\/\/gazetaregionalna.com\/wp-content\/uploads\/2022\/09\/wiek_psa7-1536x1024.jpg 1536w, https:\/\/gazetaregionalna.com\/wp-content\/uploads\/2022\/09\/wiek_psa7-2048x1366.jpg 2048w, https:\/\/gazetaregionalna.com\/wp-content\/uploads\/2022\/09\/wiek_psa7-696x464.jpg 696w, https:\/\/gazetaregionalna.com\/wp-content\/uploads\/2022\/09\/wiek_psa7-1068x712.jpg 1068w, https:\/\/gazetaregionalna.com\/wp-content\/uploads\/2022\/09\/wiek_psa7-1920x1280.jpg 1920w, https:\/\/gazetaregionalna.com\/wp-content\/uploads\/2022\/09\/wiek_psa7-630x420.jpg 630w, https:\/\/gazetaregionalna.com\/wp-content\/uploads\/2022\/09\/wiek_psa7-scaled.jpg 1600w\" data-sizes=\"(max-width: 696px) 100vw, 696px\" src=\"data:image\/svg+xml;base64,PHN2ZyB3aWR0aD0iMSIgaGVpZ2h0PSIxIiB4bWxucz0iaHR0cDovL3d3dy53My5vcmcvMjAwMC9zdmciPjwvc3ZnPg==\" style=\"--smush-placeholder-width: 696px; --smush-placeholder-aspect-ratio: 696\/464;\" \/><figcaption>Jak obliczy\u0107 wiek psa?<\/figcaption><\/figure>\n\n\n\n<p><strong>Ma\u0142e a du\u017ce psy<\/strong><\/p>\n\n\n\n<p>Przyjmuje si\u0119, \u017ce psy mniejszych ras \u017cyj\u0105 d\u0142u\u017cej. Nie ma jednoznacznych bada\u0144 naukowych potwierdzaj\u0105cych t\u0119 tez\u0119, jednak\u017ce istnieje prawdopodobie\u0144stwo, \u017ce d\u0142u\u017cszy wiek ma\u0142ego psiaka zale\u017cny jest od jego tempa rozwoju.<\/p>\n\n\n\n<p>Rosn\u0105 i rozwijaj\u0105 si\u0119 one wolniej ni\u017c du\u017ce psy, kt\u00f3rych rozw\u00f3j nast\u0119puje bardzo szybko, obci\u0105\u017caj\u0105c organizm i zmniejszaj\u0105c przez to odporno\u015b\u0107. Dodatkowo geny kundelk\u00f3w s\u0105 du\u017co bardziej zr\u00f3\u017cnicowane ni\u017c ps\u00f3w rasowych, co r\u00f3wnie\u017c ma wp\u0142yw na ich odporno\u015b\u0107 i d\u0142ugo\u015b\u0107 \u017cycia.<\/p>\n\n\n\n<p>Rekordzistami psiego wieku s\u0105 rasy chihuahua, shih tzu, pudel miniaturowy oraz pinczer miniaturowy. Nasze niewielkie pupile mog\u0105 do\u017cy\u0107 do nawet 20 lat. Natomiast du\u017ce psy \u017cyj\u0105 \u015brednio 9-14 lat. To i tak niezbyt d\u0142ugo zwa\u017cywszy na fakt, \u017ce s\u0105 to nasi najlepsi przyjaciele. Warto zatem cieszy\u0107 si\u0119 ka\u017cd\u0105 wsp\u00f3lnie sp\u0119dzon\u0105 chwil\u0105.<\/p>\n\n\n\n<figure class=\"wp-block-image size-large is-resized\"><img decoding=\"async\" data-src=\"https:\/\/gazetaregionalna.com\/wp-content\/uploads\/2022\/09\/wiek_psa8-1024x683.jpg\" alt=\"wiek psa\" class=\"wp-image-93856 lazyload\" width=\"696\" height=\"464\" data-srcset=\"https:\/\/gazetaregionalna.com\/wp-content\/uploads\/2022\/09\/wiek_psa8-1024x683.jpg 1024w, https:\/\/gazetaregionalna.com\/wp-content\/uploads\/2022\/09\/wiek_psa8-300x200.jpg 300w, https:\/\/gazetaregionalna.com\/wp-content\/uploads\/2022\/09\/wiek_psa8-768x512.jpg 768w, https:\/\/gazetaregionalna.com\/wp-content\/uploads\/2022\/09\/wiek_psa8-1536x1024.jpg 1536w, https:\/\/gazetaregionalna.com\/wp-content\/uploads\/2022\/09\/wiek_psa8-2048x1365.jpg 2048w, https:\/\/gazetaregionalna.com\/wp-content\/uploads\/2022\/09\/wiek_psa8-696x464.jpg 696w, https:\/\/gazetaregionalna.com\/wp-content\/uploads\/2022\/09\/wiek_psa8-1068x712.jpg 1068w, https:\/\/gazetaregionalna.com\/wp-content\/uploads\/2022\/09\/wiek_psa8-1920x1280.jpg 1920w, https:\/\/gazetaregionalna.com\/wp-content\/uploads\/2022\/09\/wiek_psa8-630x420.jpg 630w, https:\/\/gazetaregionalna.com\/wp-content\/uploads\/2022\/09\/wiek_psa8-scaled.jpg 1600w\" data-sizes=\"(max-width: 696px) 100vw, 696px\" src=\"data:image\/svg+xml;base64,PHN2ZyB3aWR0aD0iMSIgaGVpZ2h0PSIxIiB4bWxucz0iaHR0cDovL3d3dy53My5vcmcvMjAwMC9zdmciPjwvc3ZnPg==\" style=\"--smush-placeholder-width: 696px; --smush-placeholder-aspect-ratio: 696\/464;\" \/><figcaption>Jak obliczy\u0107 wiek psa?<\/figcaption><\/figure>\n\n\n\n<p><strong>Red.<\/strong><\/p>\n","protected":false},"excerpt":{"rendered":"<p>Wiek psa to kluczowa kwestia zar\u00f3wno pod wzgl\u0119dem zdrowotnym, jak r\u00f3wnie\u017c pod k\u0105tem wychowania i odpowiedniego traktowania zwierz\u0119cia. Do niedawna twierdzono, \u017ce przeliczanie wieku<\/p>\n","protected":false},"author":26,"featured_media":93850,"comment_status":"closed","ping_status":"open","sticky":false,"template":"","format":"standard","meta":{"_monsterinsights_skip_tracking":false,"_monsterinsights_sitenote_active":false,"_monsterinsights_sitenote_note":"","_monsterinsights_sitenote_category":0,"_uf_show_specific_survey":0,"_uf_disable_surveys":false,"footnotes":""},"categories":[94,41,97],"tags":[5188,6433,5189,6436,6435],"class_list":["post-93754","post","type-post","status-publish","format-standard","has-post-thumbnail","hentry","category-polecane","category-edukacja","category-rodzina","tag-kot","tag-przyjaciel-czlowieka","tag-pupil","tag-zwierze-w-domu","tag-zwierzeta-domowe"],"_links":{"self":[{"href":"https:\/\/gazetaregionalna.com\/index.php?rest_route=\/wp\/v2\/posts\/93754","targetHints":{"allow":["GET"]}}],"collection":[{"href":"https:\/\/gazetaregionalna.com\/index.php?rest_route=\/wp\/v2\/posts"}],"about":[{"href":"https:\/\/gazetaregionalna.com\/index.php?rest_route=\/wp\/v2\/types\/post"}],"author":[{"embeddable":true,"href":"https:\/\/gazetaregionalna.com\/index.php?rest_route=\/wp\/v2\/users\/26"}],"replies":[{"embeddable":true,"href":"https:\/\/gazetaregionalna.com\/index.php?rest_route=%2Fwp%2Fv2%2Fcomments&post=93754"}],"version-history":[{"count":6,"href":"https:\/\/gazetaregionalna.com\/index.php?rest_route=\/wp\/v2\/posts\/93754\/revisions"}],"predecessor-version":[{"id":94602,"href":"https:\/\/gazetaregionalna.com\/index.php?rest_route=\/wp\/v2\/posts\/93754\/revisions\/94602"}],"wp:featuredmedia":[{"embeddable":true,"href":"https:\/\/gazetaregionalna.com\/index.php?rest_route=\/wp\/v2\/media\/93850"}],"wp:attachment":[{"href":"https:\/\/gazetaregionalna.com\/index.php?rest_route=%2Fwp%2Fv2%2Fmedia&parent=93754"}],"wp:term":[{"taxonomy":"category","embeddable":true,"href":"https:\/\/gazetaregionalna.com\/index.php?rest_route=%2Fwp%2Fv2%2Fcategories&post=93754"},{"taxonomy":"post_tag","embeddable":true,"href":"https:\/\/gazetaregionalna.com\/index.php?rest_route=%2Fwp%2Fv2%2Ftags&post=93754"}],"curies":[{"name":"wp","href":"https:\/\/api.w.org\/{rel}","templated":true}]}}