{"id":93707,"date":"2022-09-27T12:35:22","date_gmt":"2022-09-27T12:35:22","guid":{"rendered":"https:\/\/gazetaregionalna.com\/?p=93707"},"modified":"2022-09-27T12:35:23","modified_gmt":"2022-09-27T12:35:23","slug":"myszkow-na-rowerze-przez-suliszowice","status":"publish","type":"post","link":"https:\/\/gazetaregionalna.com\/?p=93707","title":{"rendered":"Myszk\u00f3w &#8211; Na rowerze przez Suliszowice"},"content":{"rendered":"\n<h2 class=\"wp-block-heading\">Ju\u017c wiadomo, jak je\u017adzi\u0107 po nowej drodze rowerowej przez Suliszowice. Nowe oznaczenie poziome oraz pionowe jest ju\u017c gotowe.<\/h2>\n\n\n\n<p><strong>Zako\u0144czono ostatni etap prac<\/strong> przy budowie drogi rowerowej w Suliszowicach. Inwestycja jest przygotowywana do odbioru.\u00a0Powsta\u0142o miejsce przystankowe przy le\u015bnicz\u00f3wce.<\/p>\n\n\n\n<p><em>\u201eZwracam si\u0119 z pro\u015bb\u0105 do kierowc\u00f3w i rowerzyst\u00f3w o przestrzeganie znak\u00f3w. Wzajemny szacunek uczestnik\u00f3w ruch pozwoli na bezpieczne korzystanie z infrastruktury\u201d<\/em> \u2013 powiedzia\u0142 burmistrz Miasta i Gminy \u017barki Klemens Podlejski.<\/p>\n\n\n\n<p>Prace w Suliszowicach, kt\u00f3re by\u0142y realizowane w tym roku s\u0105 cz\u0119\u015bci\u0105 wi\u0119kszego zdania w partnerstwie z Gmin\u0105 Olsztyn. <strong>W ubieg\u0142ym roku powsta\u0142a droga rowerowa mi\u0119dzy Jaroszowem, a Suliszowicami<\/strong>. <strong>W tym roku prace wykonano w Suliszowicach\u00a0 do granic z Gmin\u0105 Olsztyn<\/strong>. <em>\u2013\u201e \u0141\u0105cznie wybudowali\u015bmy 4,6 km trasy\u201e<\/em>\u2013 dodaje burmistrz. Prace na odcinku Suliszowice-Krasawa-Zr\u0119bice s\u0105 w trakcie. <strong>W gminie Olsztyn postanie 5,6 km drogi rowerowej<\/strong>.<\/p>\n\n\n\n<p>Inwestycja zosta\u0142a wsp\u00f3\u0142finansowana ze \u015brodk\u00f3w unijnych w ramach Regionalnego Programu Operacyjnego, \u015brodk\u00f3w Samorz\u0105du Gminy \u017barki i Olsztyn.<\/p>\n\n\n\n<figure class=\"wp-block-gallery columns-5 is-cropped wp-block-gallery-1 is-layout-flex wp-block-gallery-is-layout-flex\"><ul class=\"blocks-gallery-grid\"><li class=\"blocks-gallery-item\"><figure><a href=\"https:\/\/gazetaregionalna.com\/wp-content\/uploads\/2022\/09\/1-40.jpg\"><img decoding=\"async\" width=\"1000\" height=\"750\" data-src=\"https:\/\/gazetaregionalna.com\/wp-content\/uploads\/2022\/09\/1-40.jpg\" alt=\"\" data-id=\"93708\" data-full-url=\"https:\/\/gazetaregionalna.com\/wp-content\/uploads\/2022\/09\/1-40.jpg\" data-link=\"https:\/\/gazetaregionalna.com\/?attachment_id=93708\" class=\"wp-image-93708 lazyload\" data-srcset=\"https:\/\/gazetaregionalna.com\/wp-content\/uploads\/2022\/09\/1-40.jpg 1000w, https:\/\/gazetaregionalna.com\/wp-content\/uploads\/2022\/09\/1-40-300x225.jpg 300w, https:\/\/gazetaregionalna.com\/wp-content\/uploads\/2022\/09\/1-40-768x576.jpg 768w, https:\/\/gazetaregionalna.com\/wp-content\/uploads\/2022\/09\/1-40-696x522.jpg 696w, https:\/\/gazetaregionalna.com\/wp-content\/uploads\/2022\/09\/1-40-560x420.jpg 560w, https:\/\/gazetaregionalna.com\/wp-content\/uploads\/2022\/09\/1-40-80x60.jpg 80w, https:\/\/gazetaregionalna.com\/wp-content\/uploads\/2022\/09\/1-40-265x198.jpg 265w\" data-sizes=\"(max-width: 1000px) 100vw, 1000px\" src=\"data:image\/svg+xml;base64,PHN2ZyB3aWR0aD0iMSIgaGVpZ2h0PSIxIiB4bWxucz0iaHR0cDovL3d3dy53My5vcmcvMjAwMC9zdmciPjwvc3ZnPg==\" style=\"--smush-placeholder-width: 1000px; --smush-placeholder-aspect-ratio: 1000\/750;\" \/><\/a><\/figure><\/li><li class=\"blocks-gallery-item\"><figure><a href=\"https:\/\/gazetaregionalna.com\/wp-content\/uploads\/2022\/09\/2-30.jpg\"><img decoding=\"async\" width=\"1000\" height=\"750\" data-src=\"https:\/\/gazetaregionalna.com\/wp-content\/uploads\/2022\/09\/2-30.jpg\" alt=\"\" data-id=\"93709\" data-full-url=\"https:\/\/gazetaregionalna.com\/wp-content\/uploads\/2022\/09\/2-30.jpg\" data-link=\"https:\/\/gazetaregionalna.com\/?attachment_id=93709\" class=\"wp-image-93709 lazyload\" data-srcset=\"https:\/\/gazetaregionalna.com\/wp-content\/uploads\/2022\/09\/2-30.jpg 1000w, https:\/\/gazetaregionalna.com\/wp-content\/uploads\/2022\/09\/2-30-300x225.jpg 300w, https:\/\/gazetaregionalna.com\/wp-content\/uploads\/2022\/09\/2-30-768x576.jpg 768w, https:\/\/gazetaregionalna.com\/wp-content\/uploads\/2022\/09\/2-30-696x522.jpg 696w, https:\/\/gazetaregionalna.com\/wp-content\/uploads\/2022\/09\/2-30-560x420.jpg 560w, https:\/\/gazetaregionalna.com\/wp-content\/uploads\/2022\/09\/2-30-80x60.jpg 80w, https:\/\/gazetaregionalna.com\/wp-content\/uploads\/2022\/09\/2-30-265x198.jpg 265w\" data-sizes=\"(max-width: 1000px) 100vw, 1000px\" src=\"data:image\/svg+xml;base64,PHN2ZyB3aWR0aD0iMSIgaGVpZ2h0PSIxIiB4bWxucz0iaHR0cDovL3d3dy53My5vcmcvMjAwMC9zdmciPjwvc3ZnPg==\" style=\"--smush-placeholder-width: 1000px; --smush-placeholder-aspect-ratio: 1000\/750;\" \/><\/a><\/figure><\/li><li class=\"blocks-gallery-item\"><figure><a href=\"https:\/\/gazetaregionalna.com\/wp-content\/uploads\/2022\/09\/3-25.jpg\"><img decoding=\"async\" width=\"1000\" height=\"750\" data-src=\"https:\/\/gazetaregionalna.com\/wp-content\/uploads\/2022\/09\/3-25.jpg\" alt=\"\" data-id=\"93710\" data-full-url=\"https:\/\/gazetaregionalna.com\/wp-content\/uploads\/2022\/09\/3-25.jpg\" data-link=\"https:\/\/gazetaregionalna.com\/?attachment_id=93710\" class=\"wp-image-93710 lazyload\" data-srcset=\"https:\/\/gazetaregionalna.com\/wp-content\/uploads\/2022\/09\/3-25.jpg 1000w, https:\/\/gazetaregionalna.com\/wp-content\/uploads\/2022\/09\/3-25-300x225.jpg 300w, https:\/\/gazetaregionalna.com\/wp-content\/uploads\/2022\/09\/3-25-768x576.jpg 768w, https:\/\/gazetaregionalna.com\/wp-content\/uploads\/2022\/09\/3-25-696x522.jpg 696w, https:\/\/gazetaregionalna.com\/wp-content\/uploads\/2022\/09\/3-25-560x420.jpg 560w, https:\/\/gazetaregionalna.com\/wp-content\/uploads\/2022\/09\/3-25-80x60.jpg 80w, https:\/\/gazetaregionalna.com\/wp-content\/uploads\/2022\/09\/3-25-265x198.jpg 265w\" data-sizes=\"(max-width: 1000px) 100vw, 1000px\" src=\"data:image\/svg+xml;base64,PHN2ZyB3aWR0aD0iMSIgaGVpZ2h0PSIxIiB4bWxucz0iaHR0cDovL3d3dy53My5vcmcvMjAwMC9zdmciPjwvc3ZnPg==\" style=\"--smush-placeholder-width: 1000px; --smush-placeholder-aspect-ratio: 1000\/750;\" \/><\/a><\/figure><\/li><li class=\"blocks-gallery-item\"><figure><a href=\"https:\/\/gazetaregionalna.com\/wp-content\/uploads\/2022\/09\/4-20.jpg\"><img decoding=\"async\" width=\"747\" height=\"1000\" data-src=\"https:\/\/gazetaregionalna.com\/wp-content\/uploads\/2022\/09\/4-20.jpg\" alt=\"\" data-id=\"93711\" data-full-url=\"https:\/\/gazetaregionalna.com\/wp-content\/uploads\/2022\/09\/4-20.jpg\" data-link=\"https:\/\/gazetaregionalna.com\/?attachment_id=93711\" class=\"wp-image-93711 lazyload\" data-srcset=\"https:\/\/gazetaregionalna.com\/wp-content\/uploads\/2022\/09\/4-20.jpg 747w, https:\/\/gazetaregionalna.com\/wp-content\/uploads\/2022\/09\/4-20-224x300.jpg 224w, https:\/\/gazetaregionalna.com\/wp-content\/uploads\/2022\/09\/4-20-696x932.jpg 696w, https:\/\/gazetaregionalna.com\/wp-content\/uploads\/2022\/09\/4-20-314x420.jpg 314w\" data-sizes=\"(max-width: 747px) 100vw, 747px\" src=\"data:image\/svg+xml;base64,PHN2ZyB3aWR0aD0iMSIgaGVpZ2h0PSIxIiB4bWxucz0iaHR0cDovL3d3dy53My5vcmcvMjAwMC9zdmciPjwvc3ZnPg==\" style=\"--smush-placeholder-width: 747px; --smush-placeholder-aspect-ratio: 747\/1000;\" \/><\/a><\/figure><\/li><li class=\"blocks-gallery-item\"><figure><a href=\"https:\/\/gazetaregionalna.com\/wp-content\/uploads\/2022\/09\/5-15.jpg\"><img decoding=\"async\" width=\"747\" height=\"1000\" data-src=\"https:\/\/gazetaregionalna.com\/wp-content\/uploads\/2022\/09\/5-15.jpg\" alt=\"\" data-id=\"93712\" data-full-url=\"https:\/\/gazetaregionalna.com\/wp-content\/uploads\/2022\/09\/5-15.jpg\" data-link=\"https:\/\/gazetaregionalna.com\/?attachment_id=93712\" class=\"wp-image-93712 lazyload\" data-srcset=\"https:\/\/gazetaregionalna.com\/wp-content\/uploads\/2022\/09\/5-15.jpg 747w, https:\/\/gazetaregionalna.com\/wp-content\/uploads\/2022\/09\/5-15-224x300.jpg 224w, https:\/\/gazetaregionalna.com\/wp-content\/uploads\/2022\/09\/5-15-696x932.jpg 696w, https:\/\/gazetaregionalna.com\/wp-content\/uploads\/2022\/09\/5-15-314x420.jpg 314w\" data-sizes=\"(max-width: 747px) 100vw, 747px\" src=\"data:image\/svg+xml;base64,PHN2ZyB3aWR0aD0iMSIgaGVpZ2h0PSIxIiB4bWxucz0iaHR0cDovL3d3dy53My5vcmcvMjAwMC9zdmciPjwvc3ZnPg==\" style=\"--smush-placeholder-width: 747px; --smush-placeholder-aspect-ratio: 747\/1000;\" \/><\/a><\/figure><\/li><li class=\"blocks-gallery-item\"><figure><a href=\"https:\/\/gazetaregionalna.com\/wp-content\/uploads\/2022\/09\/6-13.jpg\"><img decoding=\"async\" width=\"1000\" height=\"750\" data-src=\"https:\/\/gazetaregionalna.com\/wp-content\/uploads\/2022\/09\/6-13.jpg\" alt=\"\" data-id=\"93713\" data-full-url=\"https:\/\/gazetaregionalna.com\/wp-content\/uploads\/2022\/09\/6-13.jpg\" data-link=\"https:\/\/gazetaregionalna.com\/?attachment_id=93713\" class=\"wp-image-93713 lazyload\" data-srcset=\"https:\/\/gazetaregionalna.com\/wp-content\/uploads\/2022\/09\/6-13.jpg 1000w, https:\/\/gazetaregionalna.com\/wp-content\/uploads\/2022\/09\/6-13-300x225.jpg 300w, https:\/\/gazetaregionalna.com\/wp-content\/uploads\/2022\/09\/6-13-768x576.jpg 768w, https:\/\/gazetaregionalna.com\/wp-content\/uploads\/2022\/09\/6-13-696x522.jpg 696w, https:\/\/gazetaregionalna.com\/wp-content\/uploads\/2022\/09\/6-13-560x420.jpg 560w, https:\/\/gazetaregionalna.com\/wp-content\/uploads\/2022\/09\/6-13-80x60.jpg 80w, https:\/\/gazetaregionalna.com\/wp-content\/uploads\/2022\/09\/6-13-265x198.jpg 265w\" data-sizes=\"(max-width: 1000px) 100vw, 1000px\" src=\"data:image\/svg+xml;base64,PHN2ZyB3aWR0aD0iMSIgaGVpZ2h0PSIxIiB4bWxucz0iaHR0cDovL3d3dy53My5vcmcvMjAwMC9zdmciPjwvc3ZnPg==\" style=\"--smush-placeholder-width: 1000px; --smush-placeholder-aspect-ratio: 1000\/750;\" \/><\/a><\/figure><\/li><li class=\"blocks-gallery-item\"><figure><a href=\"https:\/\/gazetaregionalna.com\/wp-content\/uploads\/2022\/09\/7-11.jpg\"><img decoding=\"async\" width=\"1000\" height=\"750\" data-src=\"https:\/\/gazetaregionalna.com\/wp-content\/uploads\/2022\/09\/7-11.jpg\" alt=\"\" data-id=\"93714\" data-full-url=\"https:\/\/gazetaregionalna.com\/wp-content\/uploads\/2022\/09\/7-11.jpg\" data-link=\"https:\/\/gazetaregionalna.com\/?attachment_id=93714\" class=\"wp-image-93714 lazyload\" data-srcset=\"https:\/\/gazetaregionalna.com\/wp-content\/uploads\/2022\/09\/7-11.jpg 1000w, https:\/\/gazetaregionalna.com\/wp-content\/uploads\/2022\/09\/7-11-300x225.jpg 300w, https:\/\/gazetaregionalna.com\/wp-content\/uploads\/2022\/09\/7-11-768x576.jpg 768w, https:\/\/gazetaregionalna.com\/wp-content\/uploads\/2022\/09\/7-11-696x522.jpg 696w, https:\/\/gazetaregionalna.com\/wp-content\/uploads\/2022\/09\/7-11-560x420.jpg 560w, https:\/\/gazetaregionalna.com\/wp-content\/uploads\/2022\/09\/7-11-80x60.jpg 80w, https:\/\/gazetaregionalna.com\/wp-content\/uploads\/2022\/09\/7-11-265x198.jpg 265w\" data-sizes=\"(max-width: 1000px) 100vw, 1000px\" src=\"data:image\/svg+xml;base64,PHN2ZyB3aWR0aD0iMSIgaGVpZ2h0PSIxIiB4bWxucz0iaHR0cDovL3d3dy53My5vcmcvMjAwMC9zdmciPjwvc3ZnPg==\" style=\"--smush-placeholder-width: 1000px; --smush-placeholder-aspect-ratio: 1000\/750;\" \/><\/a><\/figure><\/li><li class=\"blocks-gallery-item\"><figure><a href=\"https:\/\/gazetaregionalna.com\/wp-content\/uploads\/2022\/09\/8-11.jpg\"><img decoding=\"async\" width=\"1000\" height=\"750\" data-src=\"https:\/\/gazetaregionalna.com\/wp-content\/uploads\/2022\/09\/8-11.jpg\" alt=\"\" data-id=\"93716\" data-full-url=\"https:\/\/gazetaregionalna.com\/wp-content\/uploads\/2022\/09\/8-11.jpg\" data-link=\"https:\/\/gazetaregionalna.com\/?attachment_id=93716\" class=\"wp-image-93716 lazyload\" data-srcset=\"https:\/\/gazetaregionalna.com\/wp-content\/uploads\/2022\/09\/8-11.jpg 1000w, https:\/\/gazetaregionalna.com\/wp-content\/uploads\/2022\/09\/8-11-300x225.jpg 300w, https:\/\/gazetaregionalna.com\/wp-content\/uploads\/2022\/09\/8-11-768x576.jpg 768w, https:\/\/gazetaregionalna.com\/wp-content\/uploads\/2022\/09\/8-11-696x522.jpg 696w, https:\/\/gazetaregionalna.com\/wp-content\/uploads\/2022\/09\/8-11-560x420.jpg 560w, https:\/\/gazetaregionalna.com\/wp-content\/uploads\/2022\/09\/8-11-80x60.jpg 80w, https:\/\/gazetaregionalna.com\/wp-content\/uploads\/2022\/09\/8-11-265x198.jpg 265w\" data-sizes=\"(max-width: 1000px) 100vw, 1000px\" src=\"data:image\/svg+xml;base64,PHN2ZyB3aWR0aD0iMSIgaGVpZ2h0PSIxIiB4bWxucz0iaHR0cDovL3d3dy53My5vcmcvMjAwMC9zdmciPjwvc3ZnPg==\" style=\"--smush-placeholder-width: 1000px; --smush-placeholder-aspect-ratio: 1000\/750;\" \/><\/a><\/figure><\/li><li class=\"blocks-gallery-item\"><figure><a href=\"https:\/\/gazetaregionalna.com\/wp-content\/uploads\/2022\/09\/9-10.jpg\"><img decoding=\"async\" width=\"1000\" height=\"750\" data-src=\"https:\/\/gazetaregionalna.com\/wp-content\/uploads\/2022\/09\/9-10.jpg\" alt=\"\" data-id=\"93717\" data-full-url=\"https:\/\/gazetaregionalna.com\/wp-content\/uploads\/2022\/09\/9-10.jpg\" data-link=\"https:\/\/gazetaregionalna.com\/?attachment_id=93717\" class=\"wp-image-93717 lazyload\" data-srcset=\"https:\/\/gazetaregionalna.com\/wp-content\/uploads\/2022\/09\/9-10.jpg 1000w, https:\/\/gazetaregionalna.com\/wp-content\/uploads\/2022\/09\/9-10-300x225.jpg 300w, https:\/\/gazetaregionalna.com\/wp-content\/uploads\/2022\/09\/9-10-768x576.jpg 768w, https:\/\/gazetaregionalna.com\/wp-content\/uploads\/2022\/09\/9-10-696x522.jpg 696w, https:\/\/gazetaregionalna.com\/wp-content\/uploads\/2022\/09\/9-10-560x420.jpg 560w, https:\/\/gazetaregionalna.com\/wp-content\/uploads\/2022\/09\/9-10-80x60.jpg 80w, https:\/\/gazetaregionalna.com\/wp-content\/uploads\/2022\/09\/9-10-265x198.jpg 265w\" data-sizes=\"(max-width: 1000px) 100vw, 1000px\" src=\"data:image\/svg+xml;base64,PHN2ZyB3aWR0aD0iMSIgaGVpZ2h0PSIxIiB4bWxucz0iaHR0cDovL3d3dy53My5vcmcvMjAwMC9zdmciPjwvc3ZnPg==\" style=\"--smush-placeholder-width: 1000px; --smush-placeholder-aspect-ratio: 1000\/750;\" \/><\/a><\/figure><\/li><li class=\"blocks-gallery-item\"><figure><a href=\"https:\/\/gazetaregionalna.com\/wp-content\/uploads\/2022\/09\/11-7.jpg\"><img decoding=\"async\" width=\"747\" height=\"1000\" data-src=\"https:\/\/gazetaregionalna.com\/wp-content\/uploads\/2022\/09\/11-7.jpg\" alt=\"\" data-id=\"93718\" data-full-url=\"https:\/\/gazetaregionalna.com\/wp-content\/uploads\/2022\/09\/11-7.jpg\" data-link=\"https:\/\/gazetaregionalna.com\/?attachment_id=93718\" class=\"wp-image-93718 lazyload\" data-srcset=\"https:\/\/gazetaregionalna.com\/wp-content\/uploads\/2022\/09\/11-7.jpg 747w, https:\/\/gazetaregionalna.com\/wp-content\/uploads\/2022\/09\/11-7-224x300.jpg 224w, https:\/\/gazetaregionalna.com\/wp-content\/uploads\/2022\/09\/11-7-696x932.jpg 696w, https:\/\/gazetaregionalna.com\/wp-content\/uploads\/2022\/09\/11-7-314x420.jpg 314w\" data-sizes=\"(max-width: 747px) 100vw, 747px\" src=\"data:image\/svg+xml;base64,PHN2ZyB3aWR0aD0iMSIgaGVpZ2h0PSIxIiB4bWxucz0iaHR0cDovL3d3dy53My5vcmcvMjAwMC9zdmciPjwvc3ZnPg==\" style=\"--smush-placeholder-width: 747px; --smush-placeholder-aspect-ratio: 747\/1000;\" \/><\/a><\/figure><\/li><li class=\"blocks-gallery-item\"><figure><a href=\"https:\/\/gazetaregionalna.com\/wp-content\/uploads\/2022\/09\/12-7.jpg\"><img decoding=\"async\" width=\"747\" height=\"1000\" data-src=\"https:\/\/gazetaregionalna.com\/wp-content\/uploads\/2022\/09\/12-7.jpg\" alt=\"\" data-id=\"93719\" data-full-url=\"https:\/\/gazetaregionalna.com\/wp-content\/uploads\/2022\/09\/12-7.jpg\" data-link=\"https:\/\/gazetaregionalna.com\/?attachment_id=93719\" class=\"wp-image-93719 lazyload\" data-srcset=\"https:\/\/gazetaregionalna.com\/wp-content\/uploads\/2022\/09\/12-7.jpg 747w, https:\/\/gazetaregionalna.com\/wp-content\/uploads\/2022\/09\/12-7-224x300.jpg 224w, https:\/\/gazetaregionalna.com\/wp-content\/uploads\/2022\/09\/12-7-696x932.jpg 696w, https:\/\/gazetaregionalna.com\/wp-content\/uploads\/2022\/09\/12-7-314x420.jpg 314w\" data-sizes=\"(max-width: 747px) 100vw, 747px\" src=\"data:image\/svg+xml;base64,PHN2ZyB3aWR0aD0iMSIgaGVpZ2h0PSIxIiB4bWxucz0iaHR0cDovL3d3dy53My5vcmcvMjAwMC9zdmciPjwvc3ZnPg==\" style=\"--smush-placeholder-width: 747px; --smush-placeholder-aspect-ratio: 747\/1000;\" \/><\/a><\/figure><\/li><li class=\"blocks-gallery-item\"><figure><a href=\"https:\/\/gazetaregionalna.com\/wp-content\/uploads\/2022\/09\/13-7.jpg\"><img decoding=\"async\" width=\"1000\" height=\"750\" data-src=\"https:\/\/gazetaregionalna.com\/wp-content\/uploads\/2022\/09\/13-7.jpg\" alt=\"\" data-id=\"93720\" data-full-url=\"https:\/\/gazetaregionalna.com\/wp-content\/uploads\/2022\/09\/13-7.jpg\" data-link=\"https:\/\/gazetaregionalna.com\/?attachment_id=93720\" class=\"wp-image-93720 lazyload\" data-srcset=\"https:\/\/gazetaregionalna.com\/wp-content\/uploads\/2022\/09\/13-7.jpg 1000w, https:\/\/gazetaregionalna.com\/wp-content\/uploads\/2022\/09\/13-7-300x225.jpg 300w, https:\/\/gazetaregionalna.com\/wp-content\/uploads\/2022\/09\/13-7-768x576.jpg 768w, https:\/\/gazetaregionalna.com\/wp-content\/uploads\/2022\/09\/13-7-696x522.jpg 696w, https:\/\/gazetaregionalna.com\/wp-content\/uploads\/2022\/09\/13-7-560x420.jpg 560w, https:\/\/gazetaregionalna.com\/wp-content\/uploads\/2022\/09\/13-7-80x60.jpg 80w, https:\/\/gazetaregionalna.com\/wp-content\/uploads\/2022\/09\/13-7-265x198.jpg 265w\" data-sizes=\"(max-width: 1000px) 100vw, 1000px\" src=\"data:image\/svg+xml;base64,PHN2ZyB3aWR0aD0iMSIgaGVpZ2h0PSIxIiB4bWxucz0iaHR0cDovL3d3dy53My5vcmcvMjAwMC9zdmciPjwvc3ZnPg==\" style=\"--smush-placeholder-width: 1000px; --smush-placeholder-aspect-ratio: 1000\/750;\" \/><\/a><\/figure><\/li><li class=\"blocks-gallery-item\"><figure><a href=\"https:\/\/gazetaregionalna.com\/wp-content\/uploads\/2022\/09\/14-6.jpg\"><img decoding=\"async\" width=\"747\" height=\"1000\" data-src=\"https:\/\/gazetaregionalna.com\/wp-content\/uploads\/2022\/09\/14-6.jpg\" alt=\"\" data-id=\"93721\" data-full-url=\"https:\/\/gazetaregionalna.com\/wp-content\/uploads\/2022\/09\/14-6.jpg\" data-link=\"https:\/\/gazetaregionalna.com\/?attachment_id=93721\" class=\"wp-image-93721 lazyload\" data-srcset=\"https:\/\/gazetaregionalna.com\/wp-content\/uploads\/2022\/09\/14-6.jpg 747w, https:\/\/gazetaregionalna.com\/wp-content\/uploads\/2022\/09\/14-6-224x300.jpg 224w, https:\/\/gazetaregionalna.com\/wp-content\/uploads\/2022\/09\/14-6-696x932.jpg 696w, https:\/\/gazetaregionalna.com\/wp-content\/uploads\/2022\/09\/14-6-314x420.jpg 314w\" data-sizes=\"(max-width: 747px) 100vw, 747px\" src=\"data:image\/svg+xml;base64,PHN2ZyB3aWR0aD0iMSIgaGVpZ2h0PSIxIiB4bWxucz0iaHR0cDovL3d3dy53My5vcmcvMjAwMC9zdmciPjwvc3ZnPg==\" style=\"--smush-placeholder-width: 747px; --smush-placeholder-aspect-ratio: 747\/1000;\" \/><\/a><\/figure><\/li><li class=\"blocks-gallery-item\"><figure><a href=\"https:\/\/gazetaregionalna.com\/wp-content\/uploads\/2022\/09\/15-6.jpg\"><img decoding=\"async\" width=\"1000\" height=\"750\" data-src=\"https:\/\/gazetaregionalna.com\/wp-content\/uploads\/2022\/09\/15-6.jpg\" alt=\"\" data-id=\"93722\" data-full-url=\"https:\/\/gazetaregionalna.com\/wp-content\/uploads\/2022\/09\/15-6.jpg\" data-link=\"https:\/\/gazetaregionalna.com\/?attachment_id=93722\" class=\"wp-image-93722 lazyload\" data-srcset=\"https:\/\/gazetaregionalna.com\/wp-content\/uploads\/2022\/09\/15-6.jpg 1000w, https:\/\/gazetaregionalna.com\/wp-content\/uploads\/2022\/09\/15-6-300x225.jpg 300w, https:\/\/gazetaregionalna.com\/wp-content\/uploads\/2022\/09\/15-6-768x576.jpg 768w, https:\/\/gazetaregionalna.com\/wp-content\/uploads\/2022\/09\/15-6-696x522.jpg 696w, https:\/\/gazetaregionalna.com\/wp-content\/uploads\/2022\/09\/15-6-560x420.jpg 560w, https:\/\/gazetaregionalna.com\/wp-content\/uploads\/2022\/09\/15-6-80x60.jpg 80w, https:\/\/gazetaregionalna.com\/wp-content\/uploads\/2022\/09\/15-6-265x198.jpg 265w\" data-sizes=\"(max-width: 1000px) 100vw, 1000px\" src=\"data:image\/svg+xml;base64,PHN2ZyB3aWR0aD0iMSIgaGVpZ2h0PSIxIiB4bWxucz0iaHR0cDovL3d3dy53My5vcmcvMjAwMC9zdmciPjwvc3ZnPg==\" style=\"--smush-placeholder-width: 1000px; --smush-placeholder-aspect-ratio: 1000\/750;\" \/><\/a><\/figure><\/li><\/ul><figcaption class=\"blocks-gallery-caption\">fot. UMiG w \u017barkach <\/figcaption><\/figure>\n\n\n\n<p><strong>K KIK <\/strong><\/p>\n","protected":false},"excerpt":{"rendered":"<p>Ju\u017c wiadomo, jak je\u017adzi\u0107 po nowej drodze rowerowej przez Suliszowice. Nowe oznaczenie poziome oraz pionowe jest ju\u017c gotowe. Zako\u0144czono ostatni etap prac przy budowie<\/p>\n","protected":false},"author":21,"featured_media":93715,"comment_status":"closed","ping_status":"open","sticky":false,"template":"","format":"standard","meta":{"_monsterinsights_skip_tracking":false,"_monsterinsights_sitenote_active":false,"_monsterinsights_sitenote_note":"","_monsterinsights_sitenote_category":0,"_uf_show_specific_survey":0,"_uf_disable_surveys":false,"footnotes":""},"categories":[2,26,4],"tags":[171,6420,6421,5086],"class_list":["post-93707","post","type-post","status-publish","format-standard","has-post-thumbnail","hentry","category-wiadomosci","category-myszkow","category-region","tag-myszkow","tag-nowa-droga-rowerowa","tag-oznaczenia-pionowe-i-poziome","tag-suliszowice"],"_links":{"self":[{"href":"https:\/\/gazetaregionalna.com\/index.php?rest_route=\/wp\/v2\/posts\/93707","targetHints":{"allow":["GET"]}}],"collection":[{"href":"https:\/\/gazetaregionalna.com\/index.php?rest_route=\/wp\/v2\/posts"}],"about":[{"href":"https:\/\/gazetaregionalna.com\/index.php?rest_route=\/wp\/v2\/types\/post"}],"author":[{"embeddable":true,"href":"https:\/\/gazetaregionalna.com\/index.php?rest_route=\/wp\/v2\/users\/21"}],"replies":[{"embeddable":true,"href":"https:\/\/gazetaregionalna.com\/index.php?rest_route=%2Fwp%2Fv2%2Fcomments&post=93707"}],"version-history":[{"count":1,"href":"https:\/\/gazetaregionalna.com\/index.php?rest_route=\/wp\/v2\/posts\/93707\/revisions"}],"predecessor-version":[{"id":93723,"href":"https:\/\/gazetaregionalna.com\/index.php?rest_route=\/wp\/v2\/posts\/93707\/revisions\/93723"}],"wp:featuredmedia":[{"embeddable":true,"href":"https:\/\/gazetaregionalna.com\/index.php?rest_route=\/wp\/v2\/media\/93715"}],"wp:attachment":[{"href":"https:\/\/gazetaregionalna.com\/index.php?rest_route=%2Fwp%2Fv2%2Fmedia&parent=93707"}],"wp:term":[{"taxonomy":"category","embeddable":true,"href":"https:\/\/gazetaregionalna.com\/index.php?rest_route=%2Fwp%2Fv2%2Fcategories&post=93707"},{"taxonomy":"post_tag","embeddable":true,"href":"https:\/\/gazetaregionalna.com\/index.php?rest_route=%2Fwp%2Fv2%2Ftags&post=93707"}],"curies":[{"name":"wp","href":"https:\/\/api.w.org\/{rel}","templated":true}]}}