{"id":9361,"date":"2020-01-16T12:23:36","date_gmt":"2020-01-16T12:23:36","guid":{"rendered":"https:\/\/gazetaregionalna.com\/?p=9361"},"modified":"2020-01-16T12:23:39","modified_gmt":"2020-01-16T12:23:39","slug":"koncert-noworoczny-na-bis","status":"publish","type":"post","link":"https:\/\/gazetaregionalna.com\/?p=9361","title":{"rendered":"\u201eKoncert noworoczny\u201d na bis"},"content":{"rendered":"\n<p>\nJak\nco roku mieszka\u0144cy Lubli\u0144ca przywitali kolejny rok uczestnicz\u0105c w\nKoncercie Noworocznym. Koncert po raz kolejny cieszy\u0142 si\u0119 du\u017cym\nzainteresowanie widz\u00f3w. Z tego wzgl\u0119du samorz\u0105d Lubli\u0144ca\nzdecydowa\u0142 o jego powt\u00f3rzeniu.<br>\nW\npi\u0105tek 7 lutego w Miejskim Domu Kultury odb\u0119dzie si\u0119 \u201eKoncert\nNoworoczny Bis\u201d.<br>\nJak\nzapowiadaj\u0105 organizatorzy wydarzenia, je\u015bli mieszka\u0144cy Lubli\u0144ca\nznowu t\u0142umnie stawi\u0105 si\u0119 po wej\u015bci\u00f3wki \u2013 Miejska M\u0142odzie\u017cowa\nOrkiestra D\u0119ta zagra koncert dwukrotnie.<br>\nBezp\u0142atne\nwej\u015bci\u00f3wki b\u0119d\u0105 dost\u0119pne 3 lutego 2020 r.<br>\nDecyzj\u0105\nburmistrza, cz\u0119\u015b\u0107 wej\u015bci\u00f3wek b\u0119dzie dystrybuowana w MDK-u, a\ncz\u0119\u015b\u0107 za po\u015brednictwem strony internetowej\n(www.bilety.mdk.lubliniec.pl) \u2013 tak, by umo\u017cliwi\u0107 zdobycie\nbilet\u00f3w tym osobom, kt\u00f3re fizycznie nie s\u0105 w stanie dotrze\u0107 do\nMiejskiego Domu Kultury.<br>\nW\nobydw\u00f3ch przypadkach bilety b\u0119d\u0105 dost\u0119pne od godziny 16.<br>\n(\u0179r\u00f3d\u0142o:\nUM Lubliniec, fot.\nDaniel Dmitriew)<\/p>\n","protected":false},"excerpt":{"rendered":"<p>Jak co roku mieszka\u0144cy Lubli\u0144ca przywitali kolejny rok uczestnicz\u0105c w Koncercie Noworocznym. Koncert po raz kolejny cieszy\u0142 si\u0119 du\u017cym zainteresowanie widz\u00f3w. Z tego wzgl\u0119du<\/p>\n","protected":false},"author":7,"featured_media":9362,"comment_status":"open","ping_status":"open","sticky":false,"template":"","format":"standard","meta":{"_monsterinsights_skip_tracking":false,"_monsterinsights_sitenote_active":false,"_monsterinsights_sitenote_note":"","_monsterinsights_sitenote_category":0,"_uf_show_specific_survey":0,"_uf_disable_surveys":false,"footnotes":""},"categories":[12,25,94,2,13],"tags":[],"class_list":["post-9361","post","type-post","status-publish","format-standard","has-post-thumbnail","hentry","category-kultura-i-rozrywka","category-lubliniec","category-polecane","category-wiadomosci","category-wydarzenia"],"_links":{"self":[{"href":"https:\/\/gazetaregionalna.com\/index.php?rest_route=\/wp\/v2\/posts\/9361","targetHints":{"allow":["GET"]}}],"collection":[{"href":"https:\/\/gazetaregionalna.com\/index.php?rest_route=\/wp\/v2\/posts"}],"about":[{"href":"https:\/\/gazetaregionalna.com\/index.php?rest_route=\/wp\/v2\/types\/post"}],"author":[{"embeddable":true,"href":"https:\/\/gazetaregionalna.com\/index.php?rest_route=\/wp\/v2\/users\/7"}],"replies":[{"embeddable":true,"href":"https:\/\/gazetaregionalna.com\/index.php?rest_route=%2Fwp%2Fv2%2Fcomments&post=9361"}],"version-history":[{"count":1,"href":"https:\/\/gazetaregionalna.com\/index.php?rest_route=\/wp\/v2\/posts\/9361\/revisions"}],"predecessor-version":[{"id":9363,"href":"https:\/\/gazetaregionalna.com\/index.php?rest_route=\/wp\/v2\/posts\/9361\/revisions\/9363"}],"wp:featuredmedia":[{"embeddable":true,"href":"https:\/\/gazetaregionalna.com\/index.php?rest_route=\/wp\/v2\/media\/9362"}],"wp:attachment":[{"href":"https:\/\/gazetaregionalna.com\/index.php?rest_route=%2Fwp%2Fv2%2Fmedia&parent=9361"}],"wp:term":[{"taxonomy":"category","embeddable":true,"href":"https:\/\/gazetaregionalna.com\/index.php?rest_route=%2Fwp%2Fv2%2Fcategories&post=9361"},{"taxonomy":"post_tag","embeddable":true,"href":"https:\/\/gazetaregionalna.com\/index.php?rest_route=%2Fwp%2Fv2%2Ftags&post=9361"}],"curies":[{"name":"wp","href":"https:\/\/api.w.org\/{rel}","templated":true}]}}