{"id":9349,"date":"2020-01-16T09:58:59","date_gmt":"2020-01-16T09:58:59","guid":{"rendered":"https:\/\/gazetaregionalna.com\/?p=9349"},"modified":"2020-01-16T09:59:42","modified_gmt":"2020-01-16T09:59:42","slug":"zaplacisz-znacznie-wiecej-za-wywoz-odpadow","status":"publish","type":"post","link":"https:\/\/gazetaregionalna.com\/?p=9349","title":{"rendered":"Nie segregujesz \u015bmieci? Zap\u0142acisz znacznie wi\u0119cej"},"content":{"rendered":"\n<h2 class=\"wp-block-heading\">W 2020 r. za wyw\u00f3z \u015bmieci zap\u0142acimy znacznie wi\u0119cej, nawet kilkadziesi\u0105t lub kilkaset procent, zw\u0142aszcza gdy ich nie posegregujemy. Selektywna zbi\u00f3rka odpad\u00f3w dzi\u015b to ju\u017c nie tylko dba\u0142o\u015b\u0107 o \u015brodowisko, ale tak\u017ce w\u0142asny rachunek ekonomiczny. Warto zatem wiedzie\u0107, jak we w\u0142a\u015bciwy spos\u00f3b pozbywa\u0107 si\u0119 \u015bmieci.<\/h2>\n\n\n\n<p><br> Z regulacji Unii Europejskiej wynika, \u017ce od 2020 roku do ponownego przetworzenia ma trafia\u0107 co najmniej 50 proc. odpad\u00f3w pochodz\u0105cych z gospodarstw domowych \u2013 \u201eprzynajmniej takich jak papier, metal, plastik i szk\u0142o\u201d. Przepisy dotycz\u0105 kraj\u00f3w cz\u0142onkowskich, w tym Polski. Jednak\u017ce, wed\u0142ug danych G\u0142\u00f3wnego Urz\u0119du Statystycznego, jeszcze w 2018 roku poziom selektywnie zebranych \u015bmieci z naszych dom\u00f3w i mieszka\u0144 wynosi\u0142 zaledwie 31,8 proc. <br> Pr\u00f3ba realizacji ambitnego celu jest wspomagana przez dzia\u0142ania pa\u0144stwa. W lipcu 2017 roku zacz\u0105\u0142 obowi\u0105zywa\u0107 Jednolity System Segregacji Odpad\u00f3w. Zgodnie z jego zasadami, \u015bmieci dzielone s\u0105 na cztery g\u0142\u00f3wne grupy (frakcje): papier, metale i tworzywa sztuczne, szk\u0142o oraz bio. Pojemnik\u00f3w przeznaczonych na odpady mo\u017ce by\u0107 jednak wi\u0119cej \u2013 dopuszcza si\u0119 selekcj\u0119 szk\u0142a na bezbarwne i kolorowe. To, co nie mo\u017ce zosta\u0107 przyporz\u0105dkowane do \u017cadnej z grup, musi trafi\u0107 do pojemnika z odpadami zmieszanymi. <br> Co do czego, czyli jak wyrzuca\u0107 \u015bmieci<br> Cz\u0119\u015b\u0107 os\u00f3b nie segreguje \u015bmieci, b\u0142\u0119dnie uwa\u017caj\u0105c, \u017ce jest to k\u0142opotliwa czynno\u015b\u0107. Tymczasem, wystarczy stosowa\u0107 si\u0119 do jednej, g\u0142\u00f3wnej zasady podzia\u0142u \u2013 nale\u017cy oddziela\u0107 surowce nadaj\u0105ce si\u0119 do powt\u00f3rnego wykorzystania od tych, kt\u00f3re powinny trafi\u0107 do utylizacji.<br> W przypadku metali i tworzyw sztucznych, recyklingowi podlegaj\u0105 przede wszystkim opakowania wielomateria\u0142owe (np. kartony po napojach), plastikowe butelki i torby, zakr\u0119tki, opakowania po \u015brodkach czysto\u015bci i kosmetykach czy puszki po \u017cywno\u015bci. Z kolei jako papier nale\u017cy kwalifikowa\u0107 opakowania z kartonu i tektury, a tak\u017ce szeroko rozumian\u0105 makulatur\u0119 \u2013 gazety, czasopisma, zadrukowane kartki czy ulotki. Trzeba natomiast pami\u0119ta\u0107, by nie wrzuca\u0107 do pojemnik\u00f3w na papier r\u0119cznik\u00f3w papierowych, papieru powleczonego foli\u0105 lub po prostu mocno zabrudzonego (np. t\u0142uszczem).<br> W kontek\u015bcie segregowania szk\u0142a sprawa jest jeszcze prostsza \u2013 kosze przeznaczone s\u0105 na butelki i s\u0142oiki po napojach oraz \u017cywno\u015bci, a tak\u017ce pojemniki po kosmetykach (je\u017celi nie s\u0105 trwale po\u0142\u0105czone z innymi surowcami). Co wa\u017cne, wyrzucane odpady nie musz\u0105 by\u0107 umyte, gdy\u017c i tak w sortowni s\u0105 poddawane takiemu procesowi. Do przetworzenia nie nadaj\u0105 si\u0119 wyroby porcelanowe, lustra czy szyby okienne. Odpady biodegradowalne to z kolei resztki jedzenia, ga\u0142\u0119zie, kwiaty i niezaimpregnowane drewno. Nie nale\u017cy jednak wrzuca\u0107 do tego rodzaju pojemnik\u00f3w np. ko\u015bci i odchod\u00f3w zwierz\u0105t oraz p\u0142yt wi\u00f3rowych.<br> \u2013 To, czego nie wolno umieszcza\u0107 w koszach czterech g\u0142\u00f3wnych frakcji, z regu\u0142y powinno znale\u017a\u0107 si\u0119 w pojemnikach na odpady zmieszane. Nie mo\u017cna jednak zapomnie\u0107 o konieczno\u015bci odr\u0119bnej utylizacji odpad\u00f3w niebezpiecznych, takich jak zu\u017cyte baterie, \u015bwietl\u00f3wki i sprz\u0119t AGD\/RTV czy lekarstwa po up\u0142ywie daty wa\u017cno\u015bci. Tego typu rzeczy mog\u0105 zosta\u0107 oddane w specjalnie wyznaczonych miejscach  (sklepy i apteki), a tak\u017ce gminnych Punktach Selektywnego Zbierania Odpad\u00f3w Komunalnych \u2013 t\u0142umaczy Dawid Okr\u00f3j z Amest Sp. z o.o.<br> W przypadku braku pewno\u015bci, co do w\u0142a\u015bciwego przeznaczenia danego odpadu, warto odwiedzi\u0107 stron\u0119 internetow\u0105 Ministerstwa Klimatu, na kt\u00f3rej znajduj\u0105 si\u0119 szczeg\u00f3\u0142owe wytyczne dotycz\u0105ce segregacji.  <br> Segregacja bez tajemnic<br> Wed\u0142ug obowi\u0105zuj\u0105cych wytycznych, pojemnik ka\u017cdej frakcji odpad\u00f3w musi mie\u0107 inny kolor. W tym aspekcie nie ma miejsca na dowolno\u015b\u0107: papier (niebieski), metale i tworzywa sztuczne (\u017c\u00f3\u0142ty), szk\u0142o (zielony, a je\u017celi osobno zbierane jest szk\u0142o bezbarwne, taki kube\u0142 musi mie\u0107 kolor bia\u0142y), bio (br\u0105zowy). Termin, jaki samorz\u0105dy maj\u0105 na wymian\u0119 pojemnik\u00f3w, to 30 czerwca 2022 roku. \u2013 Jednolity System Segregacji Odpad\u00f3w pomo\u017ce we w\u0142a\u015bciwym segregowaniu \u015bmieci, a to niezwykle istotne, by ich jak najwi\u0119ksza ilo\u015b\u0107 trafia\u0142a do recyklingu. Dzi\u0119ki temu mo\u017cliwe jest powt\u00f3rne, bezpieczne wykorzystanie surowc\u00f3w, kt\u00f3re w inny spos\u00f3b nie tylko zosta\u0142yby zmarnowane, ale tak\u017ce stanowi\u0142yby problem pod k\u0105stem ochrony \u015brodowiska. Trzeba bowiem pami\u0119ta\u0107, \u017ce i tak cz\u0119\u015b\u0107 \u015bmieci nie nadaje si\u0119 do odzysku i musi znale\u017a\u0107 si\u0119 na sk\u0142adowisku odpad\u00f3w lub zosta\u0107 zutylizowana w spalarni \u2013 przypomina Dawid Okr\u00f3j z Amest Sp. z o.o. <\/p>\n","protected":false},"excerpt":{"rendered":"<p>W 2020 r. za wyw\u00f3z \u015bmieci zap\u0142acimy znacznie wi\u0119cej, nawet kilkadziesi\u0105t lub kilkaset procent, zw\u0142aszcza gdy ich nie posegregujemy. Selektywna zbi\u00f3rka odpad\u00f3w dzi\u015b to<\/p>\n","protected":false},"author":7,"featured_media":9350,"comment_status":"open","ping_status":"open","sticky":false,"template":"","format":"standard","meta":{"_monsterinsights_skip_tracking":false,"_monsterinsights_sitenote_active":false,"_monsterinsights_sitenote_note":"","_monsterinsights_sitenote_category":0,"_uf_show_specific_survey":0,"_uf_disable_surveys":false,"footnotes":""},"categories":[3,41,29,94,2],"tags":[],"class_list":["post-9349","post","type-post","status-publish","format-standard","has-post-thumbnail","hentry","category-czestochowa-informacje","category-edukacja","category-ekologia","category-polecane","category-wiadomosci"],"_links":{"self":[{"href":"https:\/\/gazetaregionalna.com\/index.php?rest_route=\/wp\/v2\/posts\/9349","targetHints":{"allow":["GET"]}}],"collection":[{"href":"https:\/\/gazetaregionalna.com\/index.php?rest_route=\/wp\/v2\/posts"}],"about":[{"href":"https:\/\/gazetaregionalna.com\/index.php?rest_route=\/wp\/v2\/types\/post"}],"author":[{"embeddable":true,"href":"https:\/\/gazetaregionalna.com\/index.php?rest_route=\/wp\/v2\/users\/7"}],"replies":[{"embeddable":true,"href":"https:\/\/gazetaregionalna.com\/index.php?rest_route=%2Fwp%2Fv2%2Fcomments&post=9349"}],"version-history":[{"count":2,"href":"https:\/\/gazetaregionalna.com\/index.php?rest_route=\/wp\/v2\/posts\/9349\/revisions"}],"predecessor-version":[{"id":9352,"href":"https:\/\/gazetaregionalna.com\/index.php?rest_route=\/wp\/v2\/posts\/9349\/revisions\/9352"}],"wp:featuredmedia":[{"embeddable":true,"href":"https:\/\/gazetaregionalna.com\/index.php?rest_route=\/wp\/v2\/media\/9350"}],"wp:attachment":[{"href":"https:\/\/gazetaregionalna.com\/index.php?rest_route=%2Fwp%2Fv2%2Fmedia&parent=9349"}],"wp:term":[{"taxonomy":"category","embeddable":true,"href":"https:\/\/gazetaregionalna.com\/index.php?rest_route=%2Fwp%2Fv2%2Fcategories&post=9349"},{"taxonomy":"post_tag","embeddable":true,"href":"https:\/\/gazetaregionalna.com\/index.php?rest_route=%2Fwp%2Fv2%2Ftags&post=9349"}],"curies":[{"name":"wp","href":"https:\/\/api.w.org\/{rel}","templated":true}]}}