{"id":93439,"date":"2022-09-24T09:20:42","date_gmt":"2022-09-24T09:20:42","guid":{"rendered":"https:\/\/gazetaregionalna.com\/?p=93439"},"modified":"2022-09-24T09:21:47","modified_gmt":"2022-09-24T09:21:47","slug":"wielki-koncert-charytatywny-petarda","status":"publish","type":"post","link":"https:\/\/gazetaregionalna.com\/?p=93439","title":{"rendered":"Wielki Koncert Charytatywny &#8222;Petarda&#8221; w K\u0142obucku. 24 wrze\u015bnia wyst\u0105pi\u0105 m.in. Luxtorpeda i Dr Misio"},"content":{"rendered":"\n<h2 class=\"wp-block-heading\">W sobot\u0119, 24 wrze\u015bnia w Miejskim O\u015brodku Kultury w K\u0142obucku odb\u0119dzie si\u0119 Wielki Koncert Charytatywny &#8222;Petarda&#8221;. W ramach trzeciej ods\u0142ony imprezy wyst\u0105pi\u0105 zespo\u0142y: Luxtorpeda, Dr Misio, Enter Praise i EL.PANK.EL.<\/h2>\n\n\n\n<p>Wielki koncert charytatywny &#8222;Petarda&#8221; odb\u0119dzie si\u0119 ju\u017c po raz trzeci. Warto doda\u0107, \u017ce to impreza organizowana (dotychczas pod r\u00f3\u017cnymi nazwami) przez komitet spo\u0142eczny &#8222;Lepsze jutro&#8221;. Ca\u0142y doch\u00f3d ze sprzeda\u017cy bilet\u00f3w-cegie\u0142ek przeznaczony jest dla beneficjent\u00f3w koncertu. W tym roku jest to Stowarzyszenie &#8222;Mila i Przyjaciele&#8221;, kt\u00f3re dzia\u0142a na rzecz dzieci oraz os\u00f3b niepe\u0142nosprawnych i autystycznych. Bilety-cegie\u0142ki (w cenie min. 100 z\u0142) mo\u017cna by\u0142o naby\u0107 osobi\u015bcie w biurze AUF PROFIT (Rynek im. Jana Paw\u0142a II nr 11 w K\u0142obucku) lub telefonicznie 503 134 154.<\/p>\n\n\n\n<figure class=\"wp-block-image size-large\"><img decoding=\"async\" width=\"1024\" height=\"725\" data-src=\"https:\/\/gazetaregionalna.com\/wp-content\/uploads\/2022\/09\/308016763_588342036418488_2714103719229408137_n-1024x725.jpg\" alt=\"\" class=\"wp-image-93444 lazyload\" data-srcset=\"https:\/\/gazetaregionalna.com\/wp-content\/uploads\/2022\/09\/308016763_588342036418488_2714103719229408137_n-1024x725.jpg 1024w, https:\/\/gazetaregionalna.com\/wp-content\/uploads\/2022\/09\/308016763_588342036418488_2714103719229408137_n-300x212.jpg 300w, https:\/\/gazetaregionalna.com\/wp-content\/uploads\/2022\/09\/308016763_588342036418488_2714103719229408137_n-768x544.jpg 768w, https:\/\/gazetaregionalna.com\/wp-content\/uploads\/2022\/09\/308016763_588342036418488_2714103719229408137_n-1536x1088.jpg 1536w, https:\/\/gazetaregionalna.com\/wp-content\/uploads\/2022\/09\/308016763_588342036418488_2714103719229408137_n-696x493.jpg 696w, https:\/\/gazetaregionalna.com\/wp-content\/uploads\/2022\/09\/308016763_588342036418488_2714103719229408137_n-1068x756.jpg 1068w, https:\/\/gazetaregionalna.com\/wp-content\/uploads\/2022\/09\/308016763_588342036418488_2714103719229408137_n-1920x1359.jpg 1920w, https:\/\/gazetaregionalna.com\/wp-content\/uploads\/2022\/09\/308016763_588342036418488_2714103719229408137_n-593x420.jpg 593w, https:\/\/gazetaregionalna.com\/wp-content\/uploads\/2022\/09\/308016763_588342036418488_2714103719229408137_n-100x70.jpg 100w, https:\/\/gazetaregionalna.com\/wp-content\/uploads\/2022\/09\/308016763_588342036418488_2714103719229408137_n-scaled.jpg 1600w\" data-sizes=\"(max-width: 1024px) 100vw, 1024px\" src=\"data:image\/svg+xml;base64,PHN2ZyB3aWR0aD0iMSIgaGVpZ2h0PSIxIiB4bWxucz0iaHR0cDovL3d3dy53My5vcmcvMjAwMC9zdmciPjwvc3ZnPg==\" style=\"--smush-placeholder-width: 1024px; --smush-placeholder-aspect-ratio: 1024\/725;\" \/><figcaption>R\u0119kawica z autografem Rados\u0142awa Majdana (fot. Facebook)<\/figcaption><\/figure>\n\n\n\n<p>Sama impreza odb\u0119dzie si\u0119 w Miejskim O\u015brodku Kultury w K\u0142obucku w sobot\u0119 24 wrze\u015bnia. Start o godz. 18. Wyst\u0105pi\u0105: Luxtorpeda, Dr Misio, Enter Praise i EL.PANK.EL. <\/p>\n\n\n\n<p>W programie nie braknie te\u017c licytacji fant\u00f3w. B\u0119dzie mo\u017cna powalczy\u0107 m.in. o r\u0119kawic\u0119 z autografem Rados\u0142awa Majdana, oryginaln\u0105 pi\u0142k\u0119 Bundesligi z autografem \u0141ukasza Piszczka, koszulk\u0119 dru\u017cyny Rak\u00f3w Cz\u0119stochowy z autografami zawodnik\u00f3w czy komplet gad\u017cet\u00f3w podpisanych przez Jerzego Owsiaka.<\/p>\n\n\n\n<p>Szczeg\u00f3\u0142y: <a href=\"https:\/\/www.facebook.com\/koncertpetarda\" target=\"_blank\" rel=\"noopener\">www.facebook.com\/koncertpetarda<\/a>.<\/p>\n\n\n\n<p><strong>ZS<\/strong><\/p>\n","protected":false},"excerpt":{"rendered":"<p>W sobot\u0119, 24 wrze\u015bnia w Miejskim O\u015brodku Kultury w K\u0142obucku odb\u0119dzie si\u0119 Wielki Koncert Charytatywny &#8222;Petarda&#8221;. W ramach trzeciej ods\u0142ony imprezy wyst\u0105pi\u0105 zespo\u0142y: Luxtorpeda,<\/p>\n","protected":false},"author":18,"featured_media":93443,"comment_status":"closed","ping_status":"open","sticky":false,"template":"","format":"standard","meta":{"_monsterinsights_skip_tracking":false,"_monsterinsights_sitenote_active":false,"_monsterinsights_sitenote_note":"","_monsterinsights_sitenote_category":0,"_uf_show_specific_survey":0,"_uf_disable_surveys":false,"footnotes":""},"categories":[12,27,4,2],"tags":[6392,299,280,6391,2438],"class_list":["post-93439","post","type-post","status-publish","format-standard","has-post-thumbnail","hentry","category-kultura-i-rozrywka","category-klobuck-informacje","category-region","category-wiadomosci","tag-dr-misio","tag-koncert-charytatywny","tag-klobuck","tag-luxtorpeda","tag-miejski-osrodek-kultury-w-klobucku"],"_links":{"self":[{"href":"https:\/\/gazetaregionalna.com\/index.php?rest_route=\/wp\/v2\/posts\/93439","targetHints":{"allow":["GET"]}}],"collection":[{"href":"https:\/\/gazetaregionalna.com\/index.php?rest_route=\/wp\/v2\/posts"}],"about":[{"href":"https:\/\/gazetaregionalna.com\/index.php?rest_route=\/wp\/v2\/types\/post"}],"author":[{"embeddable":true,"href":"https:\/\/gazetaregionalna.com\/index.php?rest_route=\/wp\/v2\/users\/18"}],"replies":[{"embeddable":true,"href":"https:\/\/gazetaregionalna.com\/index.php?rest_route=%2Fwp%2Fv2%2Fcomments&post=93439"}],"version-history":[{"count":3,"href":"https:\/\/gazetaregionalna.com\/index.php?rest_route=\/wp\/v2\/posts\/93439\/revisions"}],"predecessor-version":[{"id":93445,"href":"https:\/\/gazetaregionalna.com\/index.php?rest_route=\/wp\/v2\/posts\/93439\/revisions\/93445"}],"wp:featuredmedia":[{"embeddable":true,"href":"https:\/\/gazetaregionalna.com\/index.php?rest_route=\/wp\/v2\/media\/93443"}],"wp:attachment":[{"href":"https:\/\/gazetaregionalna.com\/index.php?rest_route=%2Fwp%2Fv2%2Fmedia&parent=93439"}],"wp:term":[{"taxonomy":"category","embeddable":true,"href":"https:\/\/gazetaregionalna.com\/index.php?rest_route=%2Fwp%2Fv2%2Fcategories&post=93439"},{"taxonomy":"post_tag","embeddable":true,"href":"https:\/\/gazetaregionalna.com\/index.php?rest_route=%2Fwp%2Fv2%2Ftags&post=93439"}],"curies":[{"name":"wp","href":"https:\/\/api.w.org\/{rel}","templated":true}]}}