{"id":93243,"date":"2022-09-22T18:49:51","date_gmt":"2022-09-22T18:49:51","guid":{"rendered":"https:\/\/gazetaregionalna.com\/?p=93243"},"modified":"2022-09-22T18:49:52","modified_gmt":"2022-09-22T18:49:52","slug":"czy-zuzlowcy-wlokniarza-zaloza-w-sobote-brazowe-medale-w-pge-ekstralidze","status":"publish","type":"post","link":"https:\/\/gazetaregionalna.com\/?p=93243","title":{"rendered":"Czy \u017cu\u017clowcy W\u0142\u00f3kniarza za\u0142o\u017c\u0105 w sobot\u0119 br\u0105zowe medale w PGE Ekstralidze?"},"content":{"rendered":"\n<p>Sezon w PGE Ekstralidze dobiega ko\u0144ca. W sobot\u0119 w Cz\u0119stochowie odb\u0119dzie si\u0119 rewan\u017cowe spotkanie o br\u0105zowy medal. W pierwszym meczu \u017cu\u017clowcy zielona-energia.com W\u0142\u00f3kniarz przegrali 44:46, ale w rewan\u017cu b\u0119dzie faworytem&#8230;<\/p>\n\n\n\n<p>\u017bu\u017clowcy zielona-energia.com W\u0142\u00f3kniarz po rundzie zasadniczej PGE Ekstraligi zaj\u0119li drugie miejsce tu\u017c za Motorem Lublin. Dlatego wielu kibic\u00f3w oczekiwa\u0142o, \u017ce cz\u0119stochowskie \u201eLwy\u201d pojad\u0105 w wielkim finale i by\u0107 mo\u017ce odbior\u0105 faworyzowanemu Motorowi z\u0142oto. Takie zap\u0119dy nie by\u0142y bezpodstawne, bo W\u0142\u00f3kniarz jako jedyny w rundzie zasadniczej wygra\u0142 z Motorem i to za 3 punkty!<\/p>\n\n\n\n<p>Cz\u0119stochowianie mieli w p\u00f3\u0142finale du\u017ce szanse. W Gorzowie prowadzili ju\u017c ze Stal\u0105 8 punktami, ale mecz zako\u0144czy\u0142 si\u0119 remisem 45:45. W rewan\u017cu W\u0142\u00f3kniarz by\u0142 faworytem, ale przegra\u0142 u siebie 42:48 i teraz jedzie tylko o br\u0105zowy medal. Cho\u0107 i tak jest lepiej ni\u017c w ostatnich sezonach, gdzie cz\u0119stochowskiego klubu brakowa\u0142o w czo\u0142owej czw\u00f3rce&#8230;<\/p>\n\n\n\n<p>W pierwszym pojedynku o br\u0105zowy medal cz\u0119stochowianie przegrali w Grodzie Kopernika 44:46. Tym razem zabrak\u0142o punkt\u00f3w lider\u00f3w: Leona Madsena i Fredrika Lindgrena. We dw\u00f3ch zdobyli \u0142\u0105cznie&#8230; 10 punkt\u00f3w. W Toruniu najlepiej punktowali Kacper Woryna (11 punkt\u00f3w), Jakub Mi\u015bkowiak (10 punkt\u00f3w) i Bartosz Smekta\u0142a (8 punkt\u00f3w).<\/p>\n\n\n\n<p>O meczu w Toruniu trzeba jednak zapomnie\u0107 i skoncentrowa\u0107 si\u0119 na rewan\u017c w Cz\u0119stochowie, bo przed cz\u0119stochowskimi kibicami nast\u0105pi dekoracja i wr\u0119czenie medali. Dla niekt\u00f3rych zawodnik\u00f3w mo\u017ce to te\u017c by\u0107 ostatni wyst\u0119p w barwach W\u0142\u00f3kniarza. Dlatego b\u0119d\u0105 mie\u0107 okazj\u0119 do dobrego po\u017cegnania si\u0119 z cz\u0119stochowsk\u0105 publiczno\u015bci\u0105.<\/p>\n\n\n\n<p>Mecz W\u0142\u00f3kniarza z Apatorem odb\u0119dzie si\u0119 w sobot\u0119 o godz. 19:15. W niedziel\u0119 o godz. 19:15 odb\u0119dzie si\u0119 rewan\u017c mi\u0119dzy Motorem Lublin i Stal\u0105 Gorz\u00f3w. W pierwszym spotkaniu Stal pokona\u0142a Motor 51:39 i ma du\u017c\u0105 szans\u0119 na obron\u0119 tej zaliczki i zdobycie mistrzostwa Polski.<\/p>\n\n\n\n<p>Dzia\u0142acze W\u0142\u00f3kniarza zach\u0119caj\u0105 do zakupu bilet\u00f3w na \u201ema\u0142y fina\u0142\u201d z Apatorem. To ostatnie ekstraligowe \u015bciganie w tym sezonie w Cz\u0119stochowie.<\/p>\n\n\n\n<p><strong>AK<\/strong>, fot: <strong>AK<\/strong><\/p>\n\n\n\n<p><strong>Awizowane sk\u0142ady:<\/strong><\/p>\n\n\n\n<p><strong>zielona-energia.com W\u0142\u00f3kniarz Cz\u0119stochowa<\/strong><strong>9.<\/strong><strong> Leon Madsen<br><\/strong><strong>10.<\/strong><strong> Bartosz Smekta\u0142a<br><\/strong><strong>11.<\/strong><strong> Kacper Woryna<br><\/strong><strong>12.<\/strong><strong> Jonas Jeppesen<br><\/strong><strong>13.<\/strong><strong> Fredrik Lindgren<br><\/strong><strong>14.<\/strong><strong> Mateusz \u015awidnicki<br><\/strong><strong>15.<\/strong><strong> Jakub Mi\u015bkowiak<br><\/strong><strong>16.<\/strong><\/p>\n\n\n\n<p><strong>For Nature Solutions Apator Toru\u0144<\/strong><br><strong>1.<\/strong> Patryk Dudek<br><strong>2.<\/strong> Jack Holder<br><strong>3.<\/strong> Pawe\u0142 Przedpe\u0142ski<br><strong>4.<\/strong> Z\/Z<br><strong>5.<\/strong> Robert Lambert<br><strong>6.<\/strong> Krzysztof Lewandowski<br><strong>7.<\/strong> Mateusz Affelt<br><strong>8.<\/strong><\/p>\n\n\n\n<figure class=\"wp-block-image size-large\"><img decoding=\"async\" width=\"1024\" height=\"683\" data-src=\"https:\/\/gazetaregionalna.com\/wp-content\/uploads\/2022\/06\/CKM-Torun-3-1024x683.jpg\" alt=\"\" class=\"wp-image-82842 lazyload\" data-srcset=\"https:\/\/gazetaregionalna.com\/wp-content\/uploads\/2022\/06\/CKM-Torun-3-1024x683.jpg 1024w, https:\/\/gazetaregionalna.com\/wp-content\/uploads\/2022\/06\/CKM-Torun-3-300x200.jpg 300w, https:\/\/gazetaregionalna.com\/wp-content\/uploads\/2022\/06\/CKM-Torun-3-768x512.jpg 768w, https:\/\/gazetaregionalna.com\/wp-content\/uploads\/2022\/06\/CKM-Torun-3-1536x1024.jpg 1536w, https:\/\/gazetaregionalna.com\/wp-content\/uploads\/2022\/06\/CKM-Torun-3-2048x1365.jpg 2048w, https:\/\/gazetaregionalna.com\/wp-content\/uploads\/2022\/06\/CKM-Torun-3-696x464.jpg 696w, https:\/\/gazetaregionalna.com\/wp-content\/uploads\/2022\/06\/CKM-Torun-3-1068x712.jpg 1068w, https:\/\/gazetaregionalna.com\/wp-content\/uploads\/2022\/06\/CKM-Torun-3-1920x1280.jpg 1920w, https:\/\/gazetaregionalna.com\/wp-content\/uploads\/2022\/06\/CKM-Torun-3-630x420.jpg 630w, https:\/\/gazetaregionalna.com\/wp-content\/uploads\/2022\/06\/CKM-Torun-3-scaled.jpg 1600w\" data-sizes=\"(max-width: 1024px) 100vw, 1024px\" src=\"data:image\/svg+xml;base64,PHN2ZyB3aWR0aD0iMSIgaGVpZ2h0PSIxIiB4bWxucz0iaHR0cDovL3d3dy53My5vcmcvMjAwMC9zdmciPjwvc3ZnPg==\" style=\"--smush-placeholder-width: 1024px; --smush-placeholder-aspect-ratio: 1024\/683;\" \/><\/figure>\n\n\n\n<figure class=\"wp-block-image size-large\"><img decoding=\"async\" width=\"750\" height=\"330\" data-src=\"https:\/\/gazetaregionalna.com\/wp-content\/uploads\/2022\/06\/Wlokniarz-Torun.jpg\" alt=\"\" class=\"wp-image-83887 lazyload\" data-srcset=\"https:\/\/gazetaregionalna.com\/wp-content\/uploads\/2022\/06\/Wlokniarz-Torun.jpg 750w, https:\/\/gazetaregionalna.com\/wp-content\/uploads\/2022\/06\/Wlokniarz-Torun-300x132.jpg 300w, https:\/\/gazetaregionalna.com\/wp-content\/uploads\/2022\/06\/Wlokniarz-Torun-696x306.jpg 696w\" data-sizes=\"(max-width: 750px) 100vw, 750px\" src=\"data:image\/svg+xml;base64,PHN2ZyB3aWR0aD0iMSIgaGVpZ2h0PSIxIiB4bWxucz0iaHR0cDovL3d3dy53My5vcmcvMjAwMC9zdmciPjwvc3ZnPg==\" style=\"--smush-placeholder-width: 750px; --smush-placeholder-aspect-ratio: 750\/330;\" \/><\/figure>\n\n\n\n<figure class=\"wp-block-image size-large\"><img decoding=\"async\" width=\"1024\" height=\"683\" data-src=\"https:\/\/gazetaregionalna.com\/wp-content\/uploads\/2022\/06\/CKM-Torun-12-1024x683.jpg\" alt=\"\" class=\"wp-image-82851 lazyload\" data-srcset=\"https:\/\/gazetaregionalna.com\/wp-content\/uploads\/2022\/06\/CKM-Torun-12-1024x683.jpg 1024w, https:\/\/gazetaregionalna.com\/wp-content\/uploads\/2022\/06\/CKM-Torun-12-300x200.jpg 300w, https:\/\/gazetaregionalna.com\/wp-content\/uploads\/2022\/06\/CKM-Torun-12-768x512.jpg 768w, https:\/\/gazetaregionalna.com\/wp-content\/uploads\/2022\/06\/CKM-Torun-12-1536x1024.jpg 1536w, https:\/\/gazetaregionalna.com\/wp-content\/uploads\/2022\/06\/CKM-Torun-12-2048x1365.jpg 2048w, https:\/\/gazetaregionalna.com\/wp-content\/uploads\/2022\/06\/CKM-Torun-12-696x464.jpg 696w, https:\/\/gazetaregionalna.com\/wp-content\/uploads\/2022\/06\/CKM-Torun-12-1068x712.jpg 1068w, https:\/\/gazetaregionalna.com\/wp-content\/uploads\/2022\/06\/CKM-Torun-12-1920x1280.jpg 1920w, https:\/\/gazetaregionalna.com\/wp-content\/uploads\/2022\/06\/CKM-Torun-12-630x420.jpg 630w, https:\/\/gazetaregionalna.com\/wp-content\/uploads\/2022\/06\/CKM-Torun-12-scaled.jpg 1600w\" data-sizes=\"(max-width: 1024px) 100vw, 1024px\" src=\"data:image\/svg+xml;base64,PHN2ZyB3aWR0aD0iMSIgaGVpZ2h0PSIxIiB4bWxucz0iaHR0cDovL3d3dy53My5vcmcvMjAwMC9zdmciPjwvc3ZnPg==\" style=\"--smush-placeholder-width: 1024px; --smush-placeholder-aspect-ratio: 1024\/683;\" \/><\/figure>\n\n\n\n<figure class=\"wp-block-image size-large\"><img decoding=\"async\" width=\"300\" height=\"250\" data-src=\"https:\/\/gazetaregionalna.com\/wp-content\/uploads\/2022\/04\/DMK-3.jpg\" alt=\"\" class=\"wp-image-77211 lazyload\" src=\"data:image\/svg+xml;base64,PHN2ZyB3aWR0aD0iMSIgaGVpZ2h0PSIxIiB4bWxucz0iaHR0cDovL3d3dy53My5vcmcvMjAwMC9zdmciPjwvc3ZnPg==\" style=\"--smush-placeholder-width: 300px; --smush-placeholder-aspect-ratio: 300\/250;\"><\/figure>\n","protected":false},"excerpt":{"rendered":"<p>Sezon w PGE Ekstralidze dobiega ko\u0144ca. W sobot\u0119 w Cz\u0119stochowie odb\u0119dzie si\u0119 rewan\u017cowe spotkanie o br\u0105zowy medal. W pierwszym meczu \u017cu\u017clowcy zielona-energia.com W\u0142\u00f3kniarz przegrali<\/p>\n","protected":false},"author":15,"featured_media":82842,"comment_status":"closed","ping_status":"open","sticky":false,"template":"","format":"standard","meta":{"_monsterinsights_skip_tracking":false,"_monsterinsights_sitenote_active":false,"_monsterinsights_sitenote_note":"","_monsterinsights_sitenote_category":0,"_uf_show_specific_survey":0,"_uf_disable_surveys":false,"footnotes":""},"categories":[94,5,7],"tags":[],"class_list":["post-93243","post","type-post","status-publish","format-standard","has-post-thumbnail","hentry","category-polecane","category-sport","category-zuzel"],"_links":{"self":[{"href":"https:\/\/gazetaregionalna.com\/index.php?rest_route=\/wp\/v2\/posts\/93243","targetHints":{"allow":["GET"]}}],"collection":[{"href":"https:\/\/gazetaregionalna.com\/index.php?rest_route=\/wp\/v2\/posts"}],"about":[{"href":"https:\/\/gazetaregionalna.com\/index.php?rest_route=\/wp\/v2\/types\/post"}],"author":[{"embeddable":true,"href":"https:\/\/gazetaregionalna.com\/index.php?rest_route=\/wp\/v2\/users\/15"}],"replies":[{"embeddable":true,"href":"https:\/\/gazetaregionalna.com\/index.php?rest_route=%2Fwp%2Fv2%2Fcomments&post=93243"}],"version-history":[{"count":1,"href":"https:\/\/gazetaregionalna.com\/index.php?rest_route=\/wp\/v2\/posts\/93243\/revisions"}],"predecessor-version":[{"id":93244,"href":"https:\/\/gazetaregionalna.com\/index.php?rest_route=\/wp\/v2\/posts\/93243\/revisions\/93244"}],"wp:featuredmedia":[{"embeddable":true,"href":"https:\/\/gazetaregionalna.com\/index.php?rest_route=\/wp\/v2\/media\/82842"}],"wp:attachment":[{"href":"https:\/\/gazetaregionalna.com\/index.php?rest_route=%2Fwp%2Fv2%2Fmedia&parent=93243"}],"wp:term":[{"taxonomy":"category","embeddable":true,"href":"https:\/\/gazetaregionalna.com\/index.php?rest_route=%2Fwp%2Fv2%2Fcategories&post=93243"},{"taxonomy":"post_tag","embeddable":true,"href":"https:\/\/gazetaregionalna.com\/index.php?rest_route=%2Fwp%2Fv2%2Ftags&post=93243"}],"curies":[{"name":"wp","href":"https:\/\/api.w.org\/{rel}","templated":true}]}}