{"id":93178,"date":"2022-09-22T08:45:17","date_gmt":"2022-09-22T08:45:17","guid":{"rendered":"https:\/\/gazetaregionalna.com\/?p=93178"},"modified":"2022-09-22T08:45:18","modified_gmt":"2022-09-22T08:45:18","slug":"myszkow-mezczyzna-odpowie-za-zniszczenie-mienia","status":"publish","type":"post","link":"https:\/\/gazetaregionalna.com\/?p=93178","title":{"rendered":"Myszk\u00f3w &#8211; M\u0119\u017cczyzna odpowie za zniszczenie mienia"},"content":{"rendered":"\n<h2 class=\"wp-block-heading\">Myszkowscy kryminalni zatrzymali 34-letniego wandala. M\u0119\u017cczyzna zniszczy\u0142 elementy wyposa\u017cenia pokoju hotelowego.<\/h2>\n\n\n\n<p><strong>Warto\u015b\u0107 strat zosta\u0142a oszacowana na 1800 z\u0142<\/strong>. <strong>Za zniszczenie mienia grozi kara do 5 lat pozbawienia wolno\u015bci.<\/strong><\/p>\n\n\n\n<p>Do Komendy Powiatowej Policji w Myszkowie wp\u0142yn\u0119\u0142o zg\u0142oszenie dotycz\u0105ce zniszczenia wyposa\u017cenia pokoju hotelowego. <strong>Sprawca mi\u0119dzy innymi podpali\u0142 okienne zas\u0142ony, zniszczy\u0142 telewizor, nadpali\u0142 po\u015bciel, materac a tak\u017ce dywan<\/strong>.<\/p>\n\n\n\n<p><strong>Straty zosta\u0142y oszacowane na kwot\u0119 1800 z\u0142otych<\/strong>. Policjanci b\u0142yskawicznie ustalili, \u017ce sprawc\u0105 jest 34-latek bez sta\u0142ego miejsca zamieszkania. Zatrzymanie go by\u0142o tylko kwesti\u0105 czasu. Tropy zaprowadzi\u0142y myszkowskich \u015bledczych do jednego z mieszka\u0144 na terenie Zawiercia.<\/p>\n\n\n\n<p>Dzisiaj 34-latek <strong>zosta\u0142<\/strong> tam <strong>zatrzymany<\/strong>. Podczas przes\u0142uchania <strong>przyzna\u0142 si\u0119 do zarzucanego mu czynu zniszczenia mienia<\/strong>. <strong>Grozi mu nawet 5 lat pozbawienia wolno\u015bci<\/strong>.<\/p>\n\n\n\n<figure class=\"wp-block-image size-large\"><img decoding=\"async\" width=\"1024\" height=\"558\" data-src=\"https:\/\/gazetaregionalna.com\/wp-content\/uploads\/2022\/09\/1-33-1024x558.jpg\" alt=\"\" class=\"wp-image-93179 lazyload\" data-srcset=\"https:\/\/gazetaregionalna.com\/wp-content\/uploads\/2022\/09\/1-33-1024x558.jpg 1024w, https:\/\/gazetaregionalna.com\/wp-content\/uploads\/2022\/09\/1-33-300x164.jpg 300w, https:\/\/gazetaregionalna.com\/wp-content\/uploads\/2022\/09\/1-33-768x419.jpg 768w, https:\/\/gazetaregionalna.com\/wp-content\/uploads\/2022\/09\/1-33-696x379.jpg 696w, https:\/\/gazetaregionalna.com\/wp-content\/uploads\/2022\/09\/1-33-1068x582.jpg 1068w, https:\/\/gazetaregionalna.com\/wp-content\/uploads\/2022\/09\/1-33-771x420.jpg 771w, https:\/\/gazetaregionalna.com\/wp-content\/uploads\/2022\/09\/1-33.jpg 1200w\" data-sizes=\"(max-width: 1024px) 100vw, 1024px\" src=\"data:image\/svg+xml;base64,PHN2ZyB3aWR0aD0iMSIgaGVpZ2h0PSIxIiB4bWxucz0iaHR0cDovL3d3dy53My5vcmcvMjAwMC9zdmciPjwvc3ZnPg==\" style=\"--smush-placeholder-width: 1024px; --smush-placeholder-aspect-ratio: 1024\/558;\" \/><\/figure>\n\n\n\n<p><strong>K KIK <\/strong><\/p>\n","protected":false},"excerpt":{"rendered":"<p>Myszkowscy kryminalni zatrzymali 34-letniego wandala. M\u0119\u017cczyzna zniszczy\u0142 elementy wyposa\u017cenia pokoju hotelowego. Warto\u015b\u0107 strat zosta\u0142a oszacowana na 1800 z\u0142. Za zniszczenie mienia grozi kara do<\/p>\n","protected":false},"author":21,"featured_media":70747,"comment_status":"closed","ping_status":"open","sticky":false,"template":"","format":"standard","meta":{"_monsterinsights_skip_tracking":false,"_monsterinsights_sitenote_active":false,"_monsterinsights_sitenote_note":"","_monsterinsights_sitenote_category":0,"_uf_show_specific_survey":0,"_uf_disable_surveys":false,"footnotes":""},"categories":[2,26,4],"tags":[6345,171,6346,103,6344],"class_list":["post-93178","post","type-post","status-publish","format-standard","has-post-thumbnail","hentry","category-wiadomosci","category-myszkow","category-region","tag-kara-pozbawienia-wolnosci","tag-myszkow","tag-nawet-5-lat","tag-policja","tag-zniszczenie-mienia"],"_links":{"self":[{"href":"https:\/\/gazetaregionalna.com\/index.php?rest_route=\/wp\/v2\/posts\/93178","targetHints":{"allow":["GET"]}}],"collection":[{"href":"https:\/\/gazetaregionalna.com\/index.php?rest_route=\/wp\/v2\/posts"}],"about":[{"href":"https:\/\/gazetaregionalna.com\/index.php?rest_route=\/wp\/v2\/types\/post"}],"author":[{"embeddable":true,"href":"https:\/\/gazetaregionalna.com\/index.php?rest_route=\/wp\/v2\/users\/21"}],"replies":[{"embeddable":true,"href":"https:\/\/gazetaregionalna.com\/index.php?rest_route=%2Fwp%2Fv2%2Fcomments&post=93178"}],"version-history":[{"count":1,"href":"https:\/\/gazetaregionalna.com\/index.php?rest_route=\/wp\/v2\/posts\/93178\/revisions"}],"predecessor-version":[{"id":93180,"href":"https:\/\/gazetaregionalna.com\/index.php?rest_route=\/wp\/v2\/posts\/93178\/revisions\/93180"}],"wp:featuredmedia":[{"embeddable":true,"href":"https:\/\/gazetaregionalna.com\/index.php?rest_route=\/wp\/v2\/media\/70747"}],"wp:attachment":[{"href":"https:\/\/gazetaregionalna.com\/index.php?rest_route=%2Fwp%2Fv2%2Fmedia&parent=93178"}],"wp:term":[{"taxonomy":"category","embeddable":true,"href":"https:\/\/gazetaregionalna.com\/index.php?rest_route=%2Fwp%2Fv2%2Fcategories&post=93178"},{"taxonomy":"post_tag","embeddable":true,"href":"https:\/\/gazetaregionalna.com\/index.php?rest_route=%2Fwp%2Fv2%2Ftags&post=93178"}],"curies":[{"name":"wp","href":"https:\/\/api.w.org\/{rel}","templated":true}]}}