{"id":92989,"date":"2022-09-20T14:23:36","date_gmt":"2022-09-20T14:23:36","guid":{"rendered":"https:\/\/gazetaregionalna.com\/?p=92989"},"modified":"2022-09-20T14:23:36","modified_gmt":"2022-09-20T14:23:36","slug":"norwid-czestochowa-zorganizowal-4-memorial-im-janusza-sikorskiego","status":"publish","type":"post","link":"https:\/\/gazetaregionalna.com\/?p=92989","title":{"rendered":"Norwid Cz\u0119stochowa zorganizowa\u0142 4. Memoria\u0142 im. Janusza Sikorskiego"},"content":{"rendered":"\n<p>Cztery m\u0142odzie\u017cowe dru\u017cyny zagra\u0142y w weekend w Memoriale im. Janusza Sikorskiego. Wygrali siatkarze Akademii Talent\u00f3w Jastrz\u0119bski W\u0119giel.<\/p>\n\n\n\n<p>W turnieju zagrali siatkarze: Akademii Talent\u00f3w Jastrz\u0119bski W\u0119giel, Hutnika Krak\u00f3w, Metro Warszawa i Hemarpol Norwid Cz\u0119stochowa.<\/p>\n\n\n\n<p>W sobotnich p\u00f3\u0142fina\u0142ach Hemarpol Norwid pokona\u0142 3:0 Hutnika Krak\u00f3w, a AT Jastrz\u0119bski w\u0119giel wygra\u0142a 3:1 z KS Metro Warszawa.<\/p>\n\n\n\n<p>W meczu o 3. miejsce Metro okaza\u0142o si\u0119 lepsze od Hutnika i wygra\u0142o 3:2. W wielkim finale AT JW pokona\u0142a Hemarpol Norwid 3:0.<\/p>\n\n\n\n<p>AK, fot: materia\u0142y prasowe klubu<\/p>\n\n\n\n<figure class=\"wp-block-image size-large\"><img decoding=\"async\" width=\"800\" height=\"445\" data-src=\"https:\/\/gazetaregionalna.com\/wp-content\/uploads\/2022\/09\/Janusz-Sikorski-fot-ksnorwidczestochowapl.jpg\" alt=\"\" class=\"wp-image-92480 lazyload\" data-srcset=\"https:\/\/gazetaregionalna.com\/wp-content\/uploads\/2022\/09\/Janusz-Sikorski-fot-ksnorwidczestochowapl.jpg 800w, https:\/\/gazetaregionalna.com\/wp-content\/uploads\/2022\/09\/Janusz-Sikorski-fot-ksnorwidczestochowapl-300x167.jpg 300w, https:\/\/gazetaregionalna.com\/wp-content\/uploads\/2022\/09\/Janusz-Sikorski-fot-ksnorwidczestochowapl-768x427.jpg 768w, https:\/\/gazetaregionalna.com\/wp-content\/uploads\/2022\/09\/Janusz-Sikorski-fot-ksnorwidczestochowapl-696x387.jpg 696w, https:\/\/gazetaregionalna.com\/wp-content\/uploads\/2022\/09\/Janusz-Sikorski-fot-ksnorwidczestochowapl-755x420.jpg 755w\" data-sizes=\"(max-width: 800px) 100vw, 800px\" src=\"data:image\/svg+xml;base64,PHN2ZyB3aWR0aD0iMSIgaGVpZ2h0PSIxIiB4bWxucz0iaHR0cDovL3d3dy53My5vcmcvMjAwMC9zdmciPjwvc3ZnPg==\" style=\"--smush-placeholder-width: 800px; --smush-placeholder-aspect-ratio: 800\/445;\" \/><\/figure>\n\n\n\n<figure class=\"wp-block-image size-large\"><img decoding=\"async\" width=\"300\" height=\"250\" data-src=\"https:\/\/gazetaregionalna.com\/wp-content\/uploads\/2022\/04\/DMK-9.jpg\" alt=\"\" class=\"wp-image-77216 lazyload\" src=\"data:image\/svg+xml;base64,PHN2ZyB3aWR0aD0iMSIgaGVpZ2h0PSIxIiB4bWxucz0iaHR0cDovL3d3dy53My5vcmcvMjAwMC9zdmciPjwvc3ZnPg==\" style=\"--smush-placeholder-width: 300px; --smush-placeholder-aspect-ratio: 300\/250;\"><\/figure>\n","protected":false},"excerpt":{"rendered":"<p>Cztery m\u0142odzie\u017cowe dru\u017cyny zagra\u0142y w weekend w Memoriale im. Janusza Sikorskiego. Wygrali siatkarze Akademii Talent\u00f3w Jastrz\u0119bski W\u0119giel. W turnieju zagrali siatkarze: Akademii Talent\u00f3w Jastrz\u0119bski<\/p>\n","protected":false},"author":15,"featured_media":92480,"comment_status":"closed","ping_status":"open","sticky":false,"template":"","format":"standard","meta":{"_monsterinsights_skip_tracking":false,"_monsterinsights_sitenote_active":false,"_monsterinsights_sitenote_note":"","_monsterinsights_sitenote_category":0,"_uf_show_specific_survey":0,"_uf_disable_surveys":false,"footnotes":""},"categories":[5,8],"tags":[],"class_list":["post-92989","post","type-post","status-publish","format-standard","has-post-thumbnail","hentry","category-sport","category-siatkowka"],"_links":{"self":[{"href":"https:\/\/gazetaregionalna.com\/index.php?rest_route=\/wp\/v2\/posts\/92989","targetHints":{"allow":["GET"]}}],"collection":[{"href":"https:\/\/gazetaregionalna.com\/index.php?rest_route=\/wp\/v2\/posts"}],"about":[{"href":"https:\/\/gazetaregionalna.com\/index.php?rest_route=\/wp\/v2\/types\/post"}],"author":[{"embeddable":true,"href":"https:\/\/gazetaregionalna.com\/index.php?rest_route=\/wp\/v2\/users\/15"}],"replies":[{"embeddable":true,"href":"https:\/\/gazetaregionalna.com\/index.php?rest_route=%2Fwp%2Fv2%2Fcomments&post=92989"}],"version-history":[{"count":1,"href":"https:\/\/gazetaregionalna.com\/index.php?rest_route=\/wp\/v2\/posts\/92989\/revisions"}],"predecessor-version":[{"id":92990,"href":"https:\/\/gazetaregionalna.com\/index.php?rest_route=\/wp\/v2\/posts\/92989\/revisions\/92990"}],"wp:featuredmedia":[{"embeddable":true,"href":"https:\/\/gazetaregionalna.com\/index.php?rest_route=\/wp\/v2\/media\/92480"}],"wp:attachment":[{"href":"https:\/\/gazetaregionalna.com\/index.php?rest_route=%2Fwp%2Fv2%2Fmedia&parent=92989"}],"wp:term":[{"taxonomy":"category","embeddable":true,"href":"https:\/\/gazetaregionalna.com\/index.php?rest_route=%2Fwp%2Fv2%2Fcategories&post=92989"},{"taxonomy":"post_tag","embeddable":true,"href":"https:\/\/gazetaregionalna.com\/index.php?rest_route=%2Fwp%2Fv2%2Ftags&post=92989"}],"curies":[{"name":"wp","href":"https:\/\/api.w.org\/{rel}","templated":true}]}}