{"id":92784,"date":"2022-09-19T10:26:19","date_gmt":"2022-09-19T10:26:19","guid":{"rendered":"https:\/\/gazetaregionalna.com\/?p=92784"},"modified":"2022-09-19T10:26:20","modified_gmt":"2022-09-19T10:26:20","slug":"116-tys-mieszkancow-czestochowy-przekazalo-swoj-1","status":"publish","type":"post","link":"https:\/\/gazetaregionalna.com\/?p=92784","title":{"rendered":"116 tys. mieszka\u0144c\u00f3w Cz\u0119stochowy przekaza\u0142o sw\u00f3j 1%"},"content":{"rendered":"\n<p><strong>Ponad 9,5 mln z\u0142 przekazali dzi\u0119ki swojemu 1% rozliczaj\u0105cy si\u0119 w mie\u015bcie podatnicy na rzecz organizacji po\u017cytku publicznego. Prawie 2,5 mln z\u0142 trafi\u0142o do cz\u0119stochowskich ngo.<\/strong><\/p>\n\n\n\n<p>Na rzecz organizacji po\u017cytku publicznego sw\u00f3j 1% przekaza\u0142o ponad 116 tys. os\u00f3b rozliczaj\u0105cych si\u0119 w Cz\u0119stochowie. 27 tys. cz\u0119stochowian przekaza\u0142o 2 495 627 ,00 z\u0142. (128 425,00 wi\u0119cej ni\u017c rok temu) rodzimym stowarzyszeniom, klubom i fundacjom.<\/p>\n\n\n\n<p>Od pocz\u0105tku roku, a\u017c do momentu rozliczenia si\u0119 z fiskusem, cz\u0119stochowski samorz\u0105d zach\u0119ca\u0142 do przekazywania 1% podatku dochodowego na rzecz lokalnych organizacji po\u017cytku publicznego (OPP).<\/p>\n\n\n\n<p>Dzi\u0119ki prowadzonej kampanii \u201eZOSTAW 1 % W CZ\u0118STOCHOWIE\u201d mieszka\u0144cy naszego miasta mogli zapozna\u0107 si\u0119 z ofert\u0105 lokalnych organizacji pozarz\u0105dowych, dowiedzie\u0107 si\u0119 w jakich dziedzinach \u017cycia dzia\u0142aj\u0105 i jakie s\u0105 efekty ich pracy.<br><br>Organizacje po\u017cytku publicznego, kt\u00f3rym rozliczaj\u0105cy si\u0119 w naszym mie\u015bcie przekazali najwi\u0119cej \u015brodk\u00f3w w ramach 1% to: Fundacja dzieciom ,,Zd\u0105\u017cy\u0107 z Pomoc\u0105\u201d, Fundacja studencka ,,M\u0142odzi-M\u0142odym\u201d, Fundacja Siepomaga, Towarzystwo opieki nad zwierz\u0119tami w Polsce oddzia\u0142 w Cz\u0119stochowie, Stowarzyszenie opieki hospicyjnej ziemi Cz\u0119stochowskiej oraz Avalon bezpo\u015brednia pomoc niepe\u0142nosprawnym.<br><br>Organizacje po\u017cytku publicznego posiadaj\u0105ce siedzib\u0119 w Cz\u0119stochowie, kt\u00f3rym przekazano najwi\u0119cej \u015brodk\u00f3w w ramach 1% to: Fundacja studencka ,,M\u0142odzi-M\u0142odym\u201d, Fundacja ,,Z\u0142ota gwiazda\u201d, Fundacja Maxima Dzieciom, Fundacja ,,Walcz\u0119 z SM\u201d, Stowarzyszenie opieki hospicyjnej ziemi cz\u0119stochowskiej oraz Caritas Archidiecezji Cz\u0119stochowskiej.<\/p>\n\n\n\n<p>S\u0105 ju\u017c wyniki Bud\u017cetu Obywatelskiego. Aby zobaczy\u0107, jakie projekty zdoby\u0142y najwi\u0119cej punkt\u00f3w od mieszka\u0144c\u00f3w Cz\u0119stochowy, kliknij <a href=\"https:\/\/gazetaregionalna.com\/wyniki-ix-edycji-czestochowskiego-budzetu-obywatelskiego\/\">tutaj<\/a>.<\/p>\n\n\n\n<p>LN\/UM Cz\u0119stochowy<\/p>\n","protected":false},"excerpt":{"rendered":"<p>Ponad 9,5 mln z\u0142 przekazali dzi\u0119ki swojemu 1% rozliczaj\u0105cy si\u0119 w mie\u015bcie podatnicy na rzecz organizacji po\u017cytku publicznego. Prawie 2,5 mln z\u0142 trafi\u0142o do<\/p>\n","protected":false},"author":26,"featured_media":9814,"comment_status":"closed","ping_status":"open","sticky":false,"template":"","format":"standard","meta":{"_monsterinsights_skip_tracking":false,"_monsterinsights_sitenote_active":false,"_monsterinsights_sitenote_note":"","_monsterinsights_sitenote_category":0,"_uf_show_specific_survey":0,"_uf_disable_surveys":false,"footnotes":""},"categories":[3,94,2],"tags":[6286,6288,6289,6287,1818],"class_list":["post-92784","post","type-post","status-publish","format-standard","has-post-thumbnail","hentry","category-czestochowa-informacje","category-polecane","category-wiadomosci","tag-6286","tag-fiskus","tag-fundacje-spoleczne","tag-organizacje-pozytku-publicznego","tag-urzad-skarbowy"],"_links":{"self":[{"href":"https:\/\/gazetaregionalna.com\/index.php?rest_route=\/wp\/v2\/posts\/92784","targetHints":{"allow":["GET"]}}],"collection":[{"href":"https:\/\/gazetaregionalna.com\/index.php?rest_route=\/wp\/v2\/posts"}],"about":[{"href":"https:\/\/gazetaregionalna.com\/index.php?rest_route=\/wp\/v2\/types\/post"}],"author":[{"embeddable":true,"href":"https:\/\/gazetaregionalna.com\/index.php?rest_route=\/wp\/v2\/users\/26"}],"replies":[{"embeddable":true,"href":"https:\/\/gazetaregionalna.com\/index.php?rest_route=%2Fwp%2Fv2%2Fcomments&post=92784"}],"version-history":[{"count":1,"href":"https:\/\/gazetaregionalna.com\/index.php?rest_route=\/wp\/v2\/posts\/92784\/revisions"}],"predecessor-version":[{"id":92785,"href":"https:\/\/gazetaregionalna.com\/index.php?rest_route=\/wp\/v2\/posts\/92784\/revisions\/92785"}],"wp:featuredmedia":[{"embeddable":true,"href":"https:\/\/gazetaregionalna.com\/index.php?rest_route=\/wp\/v2\/media\/9814"}],"wp:attachment":[{"href":"https:\/\/gazetaregionalna.com\/index.php?rest_route=%2Fwp%2Fv2%2Fmedia&parent=92784"}],"wp:term":[{"taxonomy":"category","embeddable":true,"href":"https:\/\/gazetaregionalna.com\/index.php?rest_route=%2Fwp%2Fv2%2Fcategories&post=92784"},{"taxonomy":"post_tag","embeddable":true,"href":"https:\/\/gazetaregionalna.com\/index.php?rest_route=%2Fwp%2Fv2%2Ftags&post=92784"}],"curies":[{"name":"wp","href":"https:\/\/api.w.org\/{rel}","templated":true}]}}