{"id":9274,"date":"2020-01-13T07:38:24","date_gmt":"2020-01-13T07:38:24","guid":{"rendered":"https:\/\/gazetaregionalna.com\/?p=9274"},"modified":"2020-01-13T07:38:27","modified_gmt":"2020-01-13T07:38:27","slug":"oddaj-choinke-nie-zasmiecaj-miasta","status":"publish","type":"post","link":"https:\/\/gazetaregionalna.com\/2020\/01\/13\/oddaj-choinke-nie-zasmiecaj-miasta\/","title":{"rendered":"Oddaj choink\u0119, nie za\u015bmiecaj miasta"},"content":{"rendered":"\n<p> Co zrobi\u0107 z naturaln\u0105 choink\u0105? Samorz\u0105d Myszkowa ma rozwi\u0105zanie. Uschni\u0119te drzewka bo\u017conarodzeniowe mo\u017cna bezp\u0142atnie odda\u0107, aby nie za\u015bmieca\u0142y niepotrzebne punkt\u00f3w na odpady komunalne.<br> <br> Uschni\u0119t\u0105 choink\u0119 ka\u017cdy mieszkaniec miasta Myszkowa mo\u017ce bezp\u0142atnie odda\u0107 do Punktu Selektywnej Zbi\u00f3rki Odpad\u00f3w Komunalnych (PSZOK) na terenie sp\u00f3\u0142ki\u00a0SANiKO\u00a0przy ul. Prusa 70 w Myszkowie w ka\u017cdy poniedzia\u0142ek i \u015brod\u0119 od godziny 7:00 do 17:00 oraz w soboty od 8:00 do 14:00.<br> Ponadto, jak informuj\u0105 w\u0142adze miasta, sp\u00f3\u0142ka\u00a0SANiKO\u00a0przez trzy kolejne poniedzia\u0142ki: 20 i 27 stycznia oraz 3 lutego b\u0119dzie zbiera\u0142a uschni\u0119te choinki na myszkowskich osiedlach.<br> Aby zbi\u00f3rka choinek przebiega\u0142a sprawnie, a opadaj\u0105ce z drzewek ig\u0142y nie za\u015bmieca\u0142y terenu, myszkowski samorz\u0105d prosi mieszka\u0144c\u00f3w miasta o pozostawianie choinek obok altan \u015bmietnikowych w soboty poprzedzaj\u0105ce ich poniedzia\u0142kowy odbi\u00f3r lub odwo\u017cenie bezpo\u015brednio do\u00a0PSZOK-u.<br> Przed odstawieniem do\u00a0PSZOK-u\u00a0lub wystawieniem drzewka przy \u015bmietniku, z choinki nale\u017cy zdj\u0105\u0107 wszystkie ozdoby oraz inne elementy plastikowe, metalowe, szklane i papierowe.<br> Myszkowianie mog\u0105 z ekologiczny i wygodny spos\u00f3b pozby\u0107 si\u0119 tak\u017ce choinek w doniczkach. Mo\u017cna je r\u00f3wnie\u017c odda\u0107 do\u00a0PSZOK-u\u00a0lub zadzwoni\u0107 pod nr tel. 34 313 26 82 w. 161, 171, 157 i wskaza\u0107 adres ich odbioru. Choinki w doniczce b\u0119d\u0105 odbierane spod wskazanego adresu spod bloku (przy altanach \u015bmietnikowych lub klatki) lub spod zg\u0142oszonej posesji jednorodzinnej\u00a017, 24\u00a0oraz 31 stycznia.<br> Jak informuje Urz\u0105d Miasta, uschni\u0119te\u00a0drzewka zostan\u0105 por\u0105bane, a powsta\u0142e wi\u00f3ry zostan\u0105 wykorzystane do podsypywania ro\u015blin rosn\u0105cych w mie\u015bcie. Choinki z doniczek zostan\u0105 natomiast przesadzone do gruntu.<br> <br> <\/p>\n","protected":false},"excerpt":{"rendered":"<p>Co zrobi\u0107 z naturaln\u0105 choink\u0105? Samorz\u0105d Myszkowa ma rozwi\u0105zanie. Uschni\u0119te drzewka bo\u017conarodzeniowe mo\u017cna bezp\u0142atnie odda\u0107, aby nie za\u015bmieca\u0142y niepotrzebne punkt\u00f3w na odpady komunalne. Uschni\u0119t\u0105<\/p>\n","protected":false},"author":7,"featured_media":9275,"comment_status":"open","ping_status":"open","sticky":false,"template":"","format":"standard","meta":{"_monsterinsights_skip_tracking":false,"_monsterinsights_sitenote_active":false,"_monsterinsights_sitenote_note":"","_monsterinsights_sitenote_category":0,"_uf_show_specific_survey":0,"_uf_disable_surveys":false,"footnotes":""},"categories":[29,26,94,2],"tags":[],"class_list":["post-9274","post","type-post","status-publish","format-standard","has-post-thumbnail","hentry","category-ekologia","category-myszkow","category-polecane","category-wiadomosci"],"_links":{"self":[{"href":"https:\/\/gazetaregionalna.com\/wp-json\/wp\/v2\/posts\/9274","targetHints":{"allow":["GET"]}}],"collection":[{"href":"https:\/\/gazetaregionalna.com\/wp-json\/wp\/v2\/posts"}],"about":[{"href":"https:\/\/gazetaregionalna.com\/wp-json\/wp\/v2\/types\/post"}],"author":[{"embeddable":true,"href":"https:\/\/gazetaregionalna.com\/wp-json\/wp\/v2\/users\/7"}],"replies":[{"embeddable":true,"href":"https:\/\/gazetaregionalna.com\/wp-json\/wp\/v2\/comments?post=9274"}],"version-history":[{"count":1,"href":"https:\/\/gazetaregionalna.com\/wp-json\/wp\/v2\/posts\/9274\/revisions"}],"predecessor-version":[{"id":9276,"href":"https:\/\/gazetaregionalna.com\/wp-json\/wp\/v2\/posts\/9274\/revisions\/9276"}],"wp:featuredmedia":[{"embeddable":true,"href":"https:\/\/gazetaregionalna.com\/wp-json\/wp\/v2\/media\/9275"}],"wp:attachment":[{"href":"https:\/\/gazetaregionalna.com\/wp-json\/wp\/v2\/media?parent=9274"}],"wp:term":[{"taxonomy":"category","embeddable":true,"href":"https:\/\/gazetaregionalna.com\/wp-json\/wp\/v2\/categories?post=9274"},{"taxonomy":"post_tag","embeddable":true,"href":"https:\/\/gazetaregionalna.com\/wp-json\/wp\/v2\/tags?post=9274"}],"curies":[{"name":"wp","href":"https:\/\/api.w.org\/{rel}","templated":true}]}}