{"id":9255,"date":"2020-01-10T10:18:07","date_gmt":"2020-01-10T10:18:07","guid":{"rendered":"https:\/\/gazetaregionalna.com\/?p=9255"},"modified":"2020-01-10T10:18:10","modified_gmt":"2020-01-10T10:18:10","slug":"rozpoczac-nowy-rok-od-zwyciestwa","status":"publish","type":"post","link":"https:\/\/gazetaregionalna.com\/?p=9255","title":{"rendered":"Rozpocz\u0105\u0107 nowy rok od zwyci\u0119stwa"},"content":{"rendered":"\n<p>Siatkarze Eco-Team AZS-u 2020 Stolzle Cz\u0119stochowa w najbli\u017csz\u0105 niedziel\u0119 (12.01) rozegraj\u0105 pierwszy mecz w rozgrywkach II ligi w nowym roku. Podopieczni Wojciecha Pudo w Hali Sportowej &#8222;Cz\u0119stochowa&#8221; b\u0119d\u0105 podejmowa\u0107 MKS Bzur\u0119 Ozork\u00f3w. <br>\nNiedzielny mecz zapowiada si\u0119 niezwykle emocjonuj\u0105co, bowiem po dw\u00f3ch stronach siatki stan\u0105 dru\u017cyny, kt\u00f3re s\u0105 s\u0105siadami w tabeli i dzieli ich zaledwie jeden punkt na korzy\u015b\u0107 cz\u0119stochowian. Do ko\u0144ca rundy zasadniczej pozosta\u0142o ju\u017c tylko pi\u0119\u0107 kolejek, zatem ka\u017cdy punkt b\u0119dzie na wag\u0119 z\u0142ota. W II lidze, grupy III, gdzie wyst\u0119puje dru\u017cyna spod Jasnej G\u00f3ry rywalizuje osiem zespo\u0142\u00f3w. Po cz\u0119\u015bci zasadniczej cztery najlepsze dru\u017cyny awansuj\u0105 do play-off\u00f3w, pozosta\u0142e b\u0119d\u0105 walczy\u0107 o utrzymanie. Siatkarze AZS-u 2020, kt\u00f3rzy zajmuj\u0105 obecnie 7. miejsce, trac\u0105 dwa &#8222;oczka&#8221; do czwartej lokaty. <\/p>\n\n\n\n<ul class=\"wp-block-list\"><li>Licz\u0119 na dobry wynik, ale przede wszystkim na dobr\u0105 gr\u0119. Forma na treningach ro\u015bnie, ca\u0142y czas pracujemy nad elementami, kt\u00f3re do tej pory nie wychodzi\u0142y, ale teraz wygl\u0105da to znacznie lepiej, dlatego licz\u0119 na dobr\u0105 postaw\u0119 naszej dru\u017cyny &#8211; zapowiada trener Wojciech Pudo. <br>\nW zespole z Ozorkowa podobnie jak w ekipie AZS-u 2020 wyst\u0119puje wielu m\u0142odych siatkarzy. W\u015br\u00f3d nich znajduje si\u0119 mi\u0119dzy innymi Konrad Pieszka, kt\u00f3ry jeszcze w sezonie 2018\/2019 si\u0119ga\u0142 z cz\u0119stochowskim klubem po wicemistrzostwo Polski junior\u00f3w. <br>\nW pierwszej rundzie w spotkaniu, kt\u00f3re odby\u0142o si\u0119 w Ozorkowie cz\u0119stochowianie wygrali 3:1. Pocz\u0105tek niedzielnego starcia o godzinie 16.00. Wst\u0119p na mecz dla kibic\u00f3w jest bezp\u0142atny. <br>\n(AZS 2020)<\/li><\/ul>\n","protected":false},"excerpt":{"rendered":"<p>Siatkarze Eco-Team AZS-u 2020 Stolzle Cz\u0119stochowa w najbli\u017csz\u0105 niedziel\u0119 (12.01) rozegraj\u0105 pierwszy mecz w rozgrywkach II ligi w nowym roku. Podopieczni Wojciecha Pudo w<\/p>\n","protected":false},"author":7,"featured_media":9256,"comment_status":"open","ping_status":"open","sticky":false,"template":"","format":"standard","meta":{"_monsterinsights_skip_tracking":false,"_monsterinsights_sitenote_active":false,"_monsterinsights_sitenote_note":"","_monsterinsights_sitenote_category":0,"_uf_show_specific_survey":0,"_uf_disable_surveys":false,"footnotes":""},"categories":[3,94,8,5,2],"tags":[],"class_list":["post-9255","post","type-post","status-publish","format-standard","has-post-thumbnail","hentry","category-czestochowa-informacje","category-polecane","category-siatkowka","category-sport","category-wiadomosci"],"_links":{"self":[{"href":"https:\/\/gazetaregionalna.com\/index.php?rest_route=\/wp\/v2\/posts\/9255","targetHints":{"allow":["GET"]}}],"collection":[{"href":"https:\/\/gazetaregionalna.com\/index.php?rest_route=\/wp\/v2\/posts"}],"about":[{"href":"https:\/\/gazetaregionalna.com\/index.php?rest_route=\/wp\/v2\/types\/post"}],"author":[{"embeddable":true,"href":"https:\/\/gazetaregionalna.com\/index.php?rest_route=\/wp\/v2\/users\/7"}],"replies":[{"embeddable":true,"href":"https:\/\/gazetaregionalna.com\/index.php?rest_route=%2Fwp%2Fv2%2Fcomments&post=9255"}],"version-history":[{"count":1,"href":"https:\/\/gazetaregionalna.com\/index.php?rest_route=\/wp\/v2\/posts\/9255\/revisions"}],"predecessor-version":[{"id":9257,"href":"https:\/\/gazetaregionalna.com\/index.php?rest_route=\/wp\/v2\/posts\/9255\/revisions\/9257"}],"wp:featuredmedia":[{"embeddable":true,"href":"https:\/\/gazetaregionalna.com\/index.php?rest_route=\/wp\/v2\/media\/9256"}],"wp:attachment":[{"href":"https:\/\/gazetaregionalna.com\/index.php?rest_route=%2Fwp%2Fv2%2Fmedia&parent=9255"}],"wp:term":[{"taxonomy":"category","embeddable":true,"href":"https:\/\/gazetaregionalna.com\/index.php?rest_route=%2Fwp%2Fv2%2Fcategories&post=9255"},{"taxonomy":"post_tag","embeddable":true,"href":"https:\/\/gazetaregionalna.com\/index.php?rest_route=%2Fwp%2Fv2%2Ftags&post=9255"}],"curies":[{"name":"wp","href":"https:\/\/api.w.org\/{rel}","templated":true}]}}