{"id":9252,"date":"2020-01-10T09:09:15","date_gmt":"2020-01-10T09:09:15","guid":{"rendered":"https:\/\/gazetaregionalna.com\/?p=9252"},"modified":"2020-01-10T09:09:17","modified_gmt":"2020-01-10T09:09:17","slug":"wystawa-fotografii-w-rok-u","status":"publish","type":"post","link":"https:\/\/gazetaregionalna.com\/?p=9252","title":{"rendered":"Wystawa fotografii w ROK-u"},"content":{"rendered":"\n<p>\nRegionalny\nO\u015brodek Kultury w Cz\u0119stochowie zaprasza na otwarcie wystawy\nfotografii Janusza St\u0119pnia, Krzysztofa Polaka i Konrada Janssena\n&#8222;SCH\u00d6NBRUNN 2019&#8221;<br>\nWernisa\u017c\nwystawy odb\u0119dzie si\u0119 13 stycznia 2020 r. o godz. 19.00 w Galerii\nFOTOPOBUDKA Regionalnego O\u015brodka Kultury w Cz\u0119stochowie\n(ul.Ogi\u0144skiego 13a).<br>\nWst\u0119p\nwolny.<\/p>\n","protected":false},"excerpt":{"rendered":"<p>Regionalny O\u015brodek Kultury w Cz\u0119stochowie zaprasza na otwarcie wystawy fotografii Janusza St\u0119pnia, Krzysztofa Polaka i Konrada Janssena &#8222;SCH\u00d6NBRUNN 2019&#8221; Wernisa\u017c wystawy odb\u0119dzie si\u0119 13<\/p>\n","protected":false},"author":7,"featured_media":9253,"comment_status":"open","ping_status":"open","sticky":false,"template":"","format":"standard","meta":{"_monsterinsights_skip_tracking":false,"_monsterinsights_sitenote_active":false,"_monsterinsights_sitenote_note":"","_monsterinsights_sitenote_category":0,"_uf_show_specific_survey":0,"_uf_disable_surveys":false,"footnotes":""},"categories":[3,12,94,2,13],"tags":[],"class_list":["post-9252","post","type-post","status-publish","format-standard","has-post-thumbnail","hentry","category-czestochowa-informacje","category-kultura-i-rozrywka","category-polecane","category-wiadomosci","category-wydarzenia"],"_links":{"self":[{"href":"https:\/\/gazetaregionalna.com\/index.php?rest_route=\/wp\/v2\/posts\/9252","targetHints":{"allow":["GET"]}}],"collection":[{"href":"https:\/\/gazetaregionalna.com\/index.php?rest_route=\/wp\/v2\/posts"}],"about":[{"href":"https:\/\/gazetaregionalna.com\/index.php?rest_route=\/wp\/v2\/types\/post"}],"author":[{"embeddable":true,"href":"https:\/\/gazetaregionalna.com\/index.php?rest_route=\/wp\/v2\/users\/7"}],"replies":[{"embeddable":true,"href":"https:\/\/gazetaregionalna.com\/index.php?rest_route=%2Fwp%2Fv2%2Fcomments&post=9252"}],"version-history":[{"count":1,"href":"https:\/\/gazetaregionalna.com\/index.php?rest_route=\/wp\/v2\/posts\/9252\/revisions"}],"predecessor-version":[{"id":9254,"href":"https:\/\/gazetaregionalna.com\/index.php?rest_route=\/wp\/v2\/posts\/9252\/revisions\/9254"}],"wp:featuredmedia":[{"embeddable":true,"href":"https:\/\/gazetaregionalna.com\/index.php?rest_route=\/wp\/v2\/media\/9253"}],"wp:attachment":[{"href":"https:\/\/gazetaregionalna.com\/index.php?rest_route=%2Fwp%2Fv2%2Fmedia&parent=9252"}],"wp:term":[{"taxonomy":"category","embeddable":true,"href":"https:\/\/gazetaregionalna.com\/index.php?rest_route=%2Fwp%2Fv2%2Fcategories&post=9252"},{"taxonomy":"post_tag","embeddable":true,"href":"https:\/\/gazetaregionalna.com\/index.php?rest_route=%2Fwp%2Fv2%2Ftags&post=9252"}],"curies":[{"name":"wp","href":"https:\/\/api.w.org\/{rel}","templated":true}]}}