{"id":92496,"date":"2022-09-15T14:38:06","date_gmt":"2022-09-15T14:38:06","guid":{"rendered":"https:\/\/gazetaregionalna.com\/?p=92496"},"modified":"2022-09-15T14:38:06","modified_gmt":"2022-09-15T14:38:06","slug":"w-czestochowie-odbedzie-sie-miedzynarodowy-siatkarski-turniej-tauron-dystrybucja-volleyball-talents-cup-boys-u-19","status":"publish","type":"post","link":"https:\/\/gazetaregionalna.com\/?p=92496","title":{"rendered":"W Cz\u0119stochowie odb\u0119dzie si\u0119 mi\u0119dzynarodowy siatkarski turniej Tauron Dystrybucja Volleyball Talents Cup Boys U-19"},"content":{"rendered":"\n<p>W sobot\u0119 i w niedziel\u0119 w Hali Sportowej Cz\u0119stochowa przy ul. \u017bu\u017clowej 4 odb\u0119dzie si\u0119 organizowany przez Eco-Team AZS Stoelzle Cz\u0119stochowa mi\u0119dzynarodowy siatkarski turniej dla junior\u00f3w Tauron Dystrybucja Volleyball Talents Cup Boys U-19.<\/p>\n\n\n\n<p>W dwudniowym turnieju w HSC zagra 8 dru\u017cyn. 4 polskie i 4 z Europy. B\u0119d\u0105 to: Pallavolo Diavoli Rosa Brugherio z W\u0142och, VC Olimpia Berlin z Niemiec, OK Vojvodina Nowy Sad z Serbii i Stredna Sportova Skola Trencin ze S\u0142owacji. Z polskich dru\u017cyn zaprezentuj\u0105 si\u0119: NLO SMS PZPS Spa\u0142a, Trefl Gda\u0144sk, KS Metro Warszawa i gospodarze Eco-Team AZS Stoelzle Cz\u0119stochowa.<\/p>\n\n\n\n<p>Dru\u017cyny zagraj\u0105 w sobot\u0119 w dw\u00f3ch grupach A i B, a w niedziel\u0119 odb\u0119d\u0105 si\u0119 p\u00f3\u0142fina\u0142y, fina\u0142y i mecze o miejsca 5. i 7.<\/p>\n\n\n\n<p>AK, fot: materia\u0142y Eco-Team AZS Stoelzle Cz\u0119stochowa <\/p>\n\n\n\n<p>Program turnieju:<\/p>\n\n\n\n<p>Sobota: grupa A<\/p>\n\n\n\n<p>godz. 9:30 Eco-Team AZS Stoelzle Cz\u0119stochowa \u2013 Trefl Gda\u0144sk<\/p>\n\n\n\n<p>godz. 11:15 OK Vojvodina Nowy Sad \u2013 Olimpia Berlin<\/p>\n\n\n\n<p>godz. 13:00 Eco-Team AZS Stoelzle Cz\u0119stochowa \u2013 Olimpia Berlin<\/p>\n\n\n\n<p>godz. 14:45 Trefl Gda\u0144sk \u2013 Vojvodina Nowy Sad<\/p>\n\n\n\n<p>godz. 16:30 Olimpia Berlin \u2013 Trefl Gda\u0144sk<\/p>\n\n\n\n<p>godz. 18:15 Vojvodina Nowy Sad \u2013 Eco-Team AZS Stoelzle Cz\u0119stochowa<\/p>\n\n\n\n<p>grupa B<\/p>\n\n\n\n<p>godz. 9:30 Diavoli Rosa \u2013 Metro Warszawa<\/p>\n\n\n\n<p>godz. 11:15 SMS PZPS Spa\u0142a \u2013 SSSTrencin<\/p>\n\n\n\n<p>godz. 13:00 Diavoli Rosa \u2013 SSS Trencin<\/p>\n\n\n\n<p>godz. 14:45 Metro Warszawa \u2013 SMS Spa\u0142a<\/p>\n\n\n\n<p>godz. 16:30 SSS trencin \u2013 Metro Warszawa<\/p>\n\n\n\n<p>godz. 18:15 SMS PZPS Spa\u0142a \u2013 Diavolo Rosa<\/p>\n\n\n\n<p>Niedziela:<\/p>\n\n\n\n<p>godz. 9:30 mecze p\u00f3\u0142fina\u0142owe o miejsca 1.-4. i 5.-8.<\/p>\n\n\n\n<p>godz. 12:00 mecze o miejsce 3., 5. i 7.<\/p>\n\n\n\n<p>godz. 15:00 Fina\u0142<\/p>\n\n\n\n<p>godz. 16:30: Zako\u0144czenie turnieju<\/p>\n\n\n\n<figure class=\"wp-block-image size-large\"><img decoding=\"async\" width=\"728\" height=\"1024\" data-src=\"https:\/\/gazetaregionalna.com\/wp-content\/uploads\/2022\/09\/Talent-Cup-19-728x1024.jpg\" alt=\"\" class=\"wp-image-92497 lazyload\" data-srcset=\"https:\/\/gazetaregionalna.com\/wp-content\/uploads\/2022\/09\/Talent-Cup-19-728x1024.jpg 728w, https:\/\/gazetaregionalna.com\/wp-content\/uploads\/2022\/09\/Talent-Cup-19-213x300.jpg 213w, https:\/\/gazetaregionalna.com\/wp-content\/uploads\/2022\/09\/Talent-Cup-19-768x1080.jpg 768w, https:\/\/gazetaregionalna.com\/wp-content\/uploads\/2022\/09\/Talent-Cup-19-1092x1536.jpg 1092w, https:\/\/gazetaregionalna.com\/wp-content\/uploads\/2022\/09\/Talent-Cup-19-696x979.jpg 696w, https:\/\/gazetaregionalna.com\/wp-content\/uploads\/2022\/09\/Talent-Cup-19-1068x1502.jpg 1068w, https:\/\/gazetaregionalna.com\/wp-content\/uploads\/2022\/09\/Talent-Cup-19-299x420.jpg 299w, https:\/\/gazetaregionalna.com\/wp-content\/uploads\/2022\/09\/Talent-Cup-19-scaled.jpg 1138w\" data-sizes=\"(max-width: 728px) 100vw, 728px\" src=\"data:image\/svg+xml;base64,PHN2ZyB3aWR0aD0iMSIgaGVpZ2h0PSIxIiB4bWxucz0iaHR0cDovL3d3dy53My5vcmcvMjAwMC9zdmciPjwvc3ZnPg==\" style=\"--smush-placeholder-width: 728px; --smush-placeholder-aspect-ratio: 728\/1024;\" \/><\/figure>\n\n\n\n<figure class=\"wp-block-image size-large\"><img decoding=\"async\" width=\"300\" height=\"250\" data-src=\"https:\/\/gazetaregionalna.com\/wp-content\/uploads\/2022\/04\/DMK-7.jpg\" alt=\"\" class=\"wp-image-77214 lazyload\" src=\"data:image\/svg+xml;base64,PHN2ZyB3aWR0aD0iMSIgaGVpZ2h0PSIxIiB4bWxucz0iaHR0cDovL3d3dy53My5vcmcvMjAwMC9zdmciPjwvc3ZnPg==\" style=\"--smush-placeholder-width: 300px; --smush-placeholder-aspect-ratio: 300\/250;\"><\/figure>\n","protected":false},"excerpt":{"rendered":"<p>W sobot\u0119 i w niedziel\u0119 w Hali Sportowej Cz\u0119stochowa przy ul. \u017bu\u017clowej 4 odb\u0119dzie si\u0119 organizowany przez Eco-Team AZS Stoelzle Cz\u0119stochowa mi\u0119dzynarodowy siatkarski turniej<\/p>\n","protected":false},"author":15,"featured_media":92497,"comment_status":"closed","ping_status":"open","sticky":false,"template":"","format":"standard","meta":{"_monsterinsights_skip_tracking":false,"_monsterinsights_sitenote_active":false,"_monsterinsights_sitenote_note":"","_monsterinsights_sitenote_category":0,"_uf_show_specific_survey":0,"_uf_disable_surveys":false,"footnotes":""},"categories":[5,8],"tags":[],"class_list":["post-92496","post","type-post","status-publish","format-standard","has-post-thumbnail","hentry","category-sport","category-siatkowka"],"_links":{"self":[{"href":"https:\/\/gazetaregionalna.com\/index.php?rest_route=\/wp\/v2\/posts\/92496","targetHints":{"allow":["GET"]}}],"collection":[{"href":"https:\/\/gazetaregionalna.com\/index.php?rest_route=\/wp\/v2\/posts"}],"about":[{"href":"https:\/\/gazetaregionalna.com\/index.php?rest_route=\/wp\/v2\/types\/post"}],"author":[{"embeddable":true,"href":"https:\/\/gazetaregionalna.com\/index.php?rest_route=\/wp\/v2\/users\/15"}],"replies":[{"embeddable":true,"href":"https:\/\/gazetaregionalna.com\/index.php?rest_route=%2Fwp%2Fv2%2Fcomments&post=92496"}],"version-history":[{"count":1,"href":"https:\/\/gazetaregionalna.com\/index.php?rest_route=\/wp\/v2\/posts\/92496\/revisions"}],"predecessor-version":[{"id":92498,"href":"https:\/\/gazetaregionalna.com\/index.php?rest_route=\/wp\/v2\/posts\/92496\/revisions\/92498"}],"wp:featuredmedia":[{"embeddable":true,"href":"https:\/\/gazetaregionalna.com\/index.php?rest_route=\/wp\/v2\/media\/92497"}],"wp:attachment":[{"href":"https:\/\/gazetaregionalna.com\/index.php?rest_route=%2Fwp%2Fv2%2Fmedia&parent=92496"}],"wp:term":[{"taxonomy":"category","embeddable":true,"href":"https:\/\/gazetaregionalna.com\/index.php?rest_route=%2Fwp%2Fv2%2Fcategories&post=92496"},{"taxonomy":"post_tag","embeddable":true,"href":"https:\/\/gazetaregionalna.com\/index.php?rest_route=%2Fwp%2Fv2%2Ftags&post=92496"}],"curies":[{"name":"wp","href":"https:\/\/api.w.org\/{rel}","templated":true}]}}