{"id":92474,"date":"2022-09-15T12:52:14","date_gmt":"2022-09-15T12:52:14","guid":{"rendered":"https:\/\/gazetaregionalna.com\/?p=92474"},"modified":"2022-09-15T12:52:15","modified_gmt":"2022-09-15T12:52:15","slug":"poraj-konkurs-barwy-jesieni-na-jurze-dla-dzieci-ze-szkol-podstawowych","status":"publish","type":"post","link":"https:\/\/gazetaregionalna.com\/?p=92474","title":{"rendered":"Poraj &#8211; Konkurs Barwy Jesieni na Jurze dla dzieci ze szk\u00f3\u0142 podstawowych"},"content":{"rendered":"\n<h2 class=\"wp-block-heading\">Urz\u0105d Gminy w Poraju zaprasza dzieci ze szk\u00f3\u0142 podstawowych do udzia\u0142u w IX Mi\u0119dzypowiatowym Konkursie Plastycznym dla Dzieci pt.: \u201eBarwy Jesieni na Jurze\u201d.<\/h2>\n\n\n\n<p>Na prace dzieci czekaj\u0105 ze <strong>szk\u00f3\u0142 podstawowych z powiat\u00f3w:<\/strong> <strong>myszkowskiego<\/strong>, <strong>zawiercia\u0144skiego<\/strong>, <strong>k\u0142obuckiego<\/strong>, <strong>cz\u0119stochowskiego <\/strong>i <strong>lublinieckiego<\/strong>. Obserwujcie pi\u0119kn\u0105 jesie\u0144 za oknami i poka\u017ccie jej barwy na Waszych pracach.<\/p>\n\n\n\n<p>Regulamin i karta zg\u0142osze\u0144 <a href=\"http:\/\/gokporaj.pl\/16956-2\/\" target=\"_blank\" rel=\"noopener\">TUTAJ<\/a> .<\/p>\n\n\n\n<figure class=\"wp-block-image size-large\"><img decoding=\"async\" width=\"318\" height=\"470\" data-src=\"https:\/\/gazetaregionalna.com\/wp-content\/uploads\/2022\/09\/1-17.png\" alt=\"\" class=\"wp-image-92475 lazyload\" data-srcset=\"https:\/\/gazetaregionalna.com\/wp-content\/uploads\/2022\/09\/1-17.png 318w, https:\/\/gazetaregionalna.com\/wp-content\/uploads\/2022\/09\/1-17-203x300.png 203w, https:\/\/gazetaregionalna.com\/wp-content\/uploads\/2022\/09\/1-17-284x420.png 284w\" data-sizes=\"(max-width: 318px) 100vw, 318px\" src=\"data:image\/svg+xml;base64,PHN2ZyB3aWR0aD0iMSIgaGVpZ2h0PSIxIiB4bWxucz0iaHR0cDovL3d3dy53My5vcmcvMjAwMC9zdmciPjwvc3ZnPg==\" style=\"--smush-placeholder-width: 318px; --smush-placeholder-aspect-ratio: 318\/470;\" \/><figcaption>mat. UG w Poraju <\/figcaption><\/figure>\n\n\n\n<p><strong>K KIK<\/strong> <\/p>\n","protected":false},"excerpt":{"rendered":"<p>Urz\u0105d Gminy w Poraju zaprasza dzieci ze szk\u00f3\u0142 podstawowych do udzia\u0142u w IX Mi\u0119dzypowiatowym Konkursie Plastycznym dla Dzieci pt.: \u201eBarwy Jesieni na Jurze\u201d. Na<\/p>\n","protected":false},"author":21,"featured_media":92476,"comment_status":"closed","ping_status":"open","sticky":false,"template":"","format":"standard","meta":{"_monsterinsights_skip_tracking":false,"_monsterinsights_sitenote_active":false,"_monsterinsights_sitenote_note":"","_monsterinsights_sitenote_category":0,"_uf_show_specific_survey":0,"_uf_disable_surveys":false,"footnotes":""},"categories":[2,26,4],"tags":[6237,1134,89,4368,561],"class_list":["post-92474","post","type-post","status-publish","format-standard","has-post-thumbnail","hentry","category-wiadomosci","category-myszkow","category-region","tag-barwy-jesieni-na-jurze","tag-dzieci","tag-konkurs","tag-podstawowka","tag-poraj"],"_links":{"self":[{"href":"https:\/\/gazetaregionalna.com\/index.php?rest_route=\/wp\/v2\/posts\/92474","targetHints":{"allow":["GET"]}}],"collection":[{"href":"https:\/\/gazetaregionalna.com\/index.php?rest_route=\/wp\/v2\/posts"}],"about":[{"href":"https:\/\/gazetaregionalna.com\/index.php?rest_route=\/wp\/v2\/types\/post"}],"author":[{"embeddable":true,"href":"https:\/\/gazetaregionalna.com\/index.php?rest_route=\/wp\/v2\/users\/21"}],"replies":[{"embeddable":true,"href":"https:\/\/gazetaregionalna.com\/index.php?rest_route=%2Fwp%2Fv2%2Fcomments&post=92474"}],"version-history":[{"count":1,"href":"https:\/\/gazetaregionalna.com\/index.php?rest_route=\/wp\/v2\/posts\/92474\/revisions"}],"predecessor-version":[{"id":92477,"href":"https:\/\/gazetaregionalna.com\/index.php?rest_route=\/wp\/v2\/posts\/92474\/revisions\/92477"}],"wp:featuredmedia":[{"embeddable":true,"href":"https:\/\/gazetaregionalna.com\/index.php?rest_route=\/wp\/v2\/media\/92476"}],"wp:attachment":[{"href":"https:\/\/gazetaregionalna.com\/index.php?rest_route=%2Fwp%2Fv2%2Fmedia&parent=92474"}],"wp:term":[{"taxonomy":"category","embeddable":true,"href":"https:\/\/gazetaregionalna.com\/index.php?rest_route=%2Fwp%2Fv2%2Fcategories&post=92474"},{"taxonomy":"post_tag","embeddable":true,"href":"https:\/\/gazetaregionalna.com\/index.php?rest_route=%2Fwp%2Fv2%2Ftags&post=92474"}],"curies":[{"name":"wp","href":"https:\/\/api.w.org\/{rel}","templated":true}]}}