{"id":92456,"date":"2022-09-15T12:36:35","date_gmt":"2022-09-15T12:36:35","guid":{"rendered":"https:\/\/gazetaregionalna.com\/?p=92456"},"modified":"2022-09-15T12:36:36","modified_gmt":"2022-09-15T12:36:36","slug":"otwarcie-kuchni-w-przedszkolu-gminnym-nr-2-w-klobucku","status":"publish","type":"post","link":"https:\/\/gazetaregionalna.com\/?p=92456","title":{"rendered":"Otwarcie kuchni po remoncie w Przedszkolu Gminnym nr 2 w K\u0142obucku"},"content":{"rendered":"\n<h2 class=\"wp-block-heading\">14 wrze\u015bnia Burmistrz Jerzy Zakrzewski, Sekretarz Sylwia Pi\u0105tkowska oraz Radny Miros\u0142aw Cie\u015bla dokonali oficjalnego otwarcia bloku \u017cywieniowego w Przedszkolu Gminnym nr 2 w K\u0142obucku.<\/h2>\n\n\n\n<p>Do u\u017cytku <strong>zosta\u0142a oddana kuchnia<\/strong>, w kt\u00f3rej w<strong>ykonano prace remontowo-budowlane polegaj\u0105ce przede wszystkim na:<\/strong><\/p>\n\n\n\n<p>&#8211; wymianie bojlera oraz starych rur,<br>&#8211; wykonaniu prac elektrycznych,<br>&#8211; po\u0142o\u017ceniu nowych p\u0142ytek \u015bciennych oraz pod\u0142ogowych w kuchni i zmywalni,<br>&#8211; wykuciu i przygotowaniu otworu z kuchni do zmywalni pod szaf\u0119 przelotow\u0105,<br>&#8211; wymianie drzwi wej\u015bciowych do kuchni z okienkiem,<br>&#8211; zabudowie rur,<br>&#8211; pomalowaniu \u015bcian i sufitu.<\/p>\n\n\n\n<p>W kuchni zosta\u0142y zamontowane <strong>nowe sprz\u0119ty<\/strong> oraz <strong>meble ze stali nierdzewnej<\/strong>. \u00a0<\/p>\n\n\n\n<p>Koszt <strong>prac budowlanych<\/strong> wyni\u00f3s\u0142 <strong>59 810,00 z\u0142<\/strong> . Natomiast <strong>koszt urz\u0105dze\u0144<\/strong>, <strong>mebli <\/strong>oraz <strong>monta\u017c<\/strong> wyni\u00f3s\u0142 <strong>55 305,00 z\u0142<\/strong>.<\/p>\n\n\n\n<figure class=\"wp-block-gallery columns-3 is-cropped wp-block-gallery-1 is-layout-flex wp-block-gallery-is-layout-flex\"><ul class=\"blocks-gallery-grid\"><li class=\"blocks-gallery-item\"><figure><a href=\"https:\/\/gazetaregionalna.com\/wp-content\/uploads\/2022\/09\/1-22.jpg\"><img decoding=\"async\" width=\"800\" height=\"600\" data-src=\"https:\/\/gazetaregionalna.com\/wp-content\/uploads\/2022\/09\/1-22.jpg\" alt=\"\" data-id=\"92457\" data-full-url=\"https:\/\/gazetaregionalna.com\/wp-content\/uploads\/2022\/09\/1-22.jpg\" data-link=\"https:\/\/gazetaregionalna.com\/?attachment_id=92457\" class=\"wp-image-92457 lazyload\" data-srcset=\"https:\/\/gazetaregionalna.com\/wp-content\/uploads\/2022\/09\/1-22.jpg 800w, https:\/\/gazetaregionalna.com\/wp-content\/uploads\/2022\/09\/1-22-300x225.jpg 300w, https:\/\/gazetaregionalna.com\/wp-content\/uploads\/2022\/09\/1-22-768x576.jpg 768w, https:\/\/gazetaregionalna.com\/wp-content\/uploads\/2022\/09\/1-22-696x522.jpg 696w, https:\/\/gazetaregionalna.com\/wp-content\/uploads\/2022\/09\/1-22-560x420.jpg 560w, https:\/\/gazetaregionalna.com\/wp-content\/uploads\/2022\/09\/1-22-80x60.jpg 80w, https:\/\/gazetaregionalna.com\/wp-content\/uploads\/2022\/09\/1-22-265x198.jpg 265w\" data-sizes=\"(max-width: 800px) 100vw, 800px\" src=\"data:image\/svg+xml;base64,PHN2ZyB3aWR0aD0iMSIgaGVpZ2h0PSIxIiB4bWxucz0iaHR0cDovL3d3dy53My5vcmcvMjAwMC9zdmciPjwvc3ZnPg==\" style=\"--smush-placeholder-width: 800px; --smush-placeholder-aspect-ratio: 800\/600;\" \/><\/a><\/figure><\/li><li class=\"blocks-gallery-item\"><figure><a href=\"https:\/\/gazetaregionalna.com\/wp-content\/uploads\/2022\/09\/2-17.jpg\"><img decoding=\"async\" width=\"450\" height=\"600\" data-src=\"https:\/\/gazetaregionalna.com\/wp-content\/uploads\/2022\/09\/2-17.jpg\" alt=\"\" data-id=\"92458\" data-full-url=\"https:\/\/gazetaregionalna.com\/wp-content\/uploads\/2022\/09\/2-17.jpg\" data-link=\"https:\/\/gazetaregionalna.com\/?attachment_id=92458\" class=\"wp-image-92458 lazyload\" data-srcset=\"https:\/\/gazetaregionalna.com\/wp-content\/uploads\/2022\/09\/2-17.jpg 450w, https:\/\/gazetaregionalna.com\/wp-content\/uploads\/2022\/09\/2-17-225x300.jpg 225w, https:\/\/gazetaregionalna.com\/wp-content\/uploads\/2022\/09\/2-17-315x420.jpg 315w\" data-sizes=\"(max-width: 450px) 100vw, 450px\" src=\"data:image\/svg+xml;base64,PHN2ZyB3aWR0aD0iMSIgaGVpZ2h0PSIxIiB4bWxucz0iaHR0cDovL3d3dy53My5vcmcvMjAwMC9zdmciPjwvc3ZnPg==\" style=\"--smush-placeholder-width: 450px; --smush-placeholder-aspect-ratio: 450\/600;\" \/><\/a><\/figure><\/li><li class=\"blocks-gallery-item\"><figure><a href=\"https:\/\/gazetaregionalna.com\/wp-content\/uploads\/2022\/09\/3-16.jpg\"><img decoding=\"async\" width=\"800\" height=\"600\" data-src=\"https:\/\/gazetaregionalna.com\/wp-content\/uploads\/2022\/09\/3-16.jpg\" alt=\"\" data-id=\"92459\" data-full-url=\"https:\/\/gazetaregionalna.com\/wp-content\/uploads\/2022\/09\/3-16.jpg\" data-link=\"https:\/\/gazetaregionalna.com\/?attachment_id=92459\" class=\"wp-image-92459 lazyload\" data-srcset=\"https:\/\/gazetaregionalna.com\/wp-content\/uploads\/2022\/09\/3-16.jpg 800w, https:\/\/gazetaregionalna.com\/wp-content\/uploads\/2022\/09\/3-16-300x225.jpg 300w, https:\/\/gazetaregionalna.com\/wp-content\/uploads\/2022\/09\/3-16-768x576.jpg 768w, https:\/\/gazetaregionalna.com\/wp-content\/uploads\/2022\/09\/3-16-696x522.jpg 696w, https:\/\/gazetaregionalna.com\/wp-content\/uploads\/2022\/09\/3-16-560x420.jpg 560w, https:\/\/gazetaregionalna.com\/wp-content\/uploads\/2022\/09\/3-16-80x60.jpg 80w, https:\/\/gazetaregionalna.com\/wp-content\/uploads\/2022\/09\/3-16-265x198.jpg 265w\" data-sizes=\"(max-width: 800px) 100vw, 800px\" src=\"data:image\/svg+xml;base64,PHN2ZyB3aWR0aD0iMSIgaGVpZ2h0PSIxIiB4bWxucz0iaHR0cDovL3d3dy53My5vcmcvMjAwMC9zdmciPjwvc3ZnPg==\" style=\"--smush-placeholder-width: 800px; --smush-placeholder-aspect-ratio: 800\/600;\" \/><\/a><\/figure><\/li><li class=\"blocks-gallery-item\"><figure><a href=\"https:\/\/gazetaregionalna.com\/wp-content\/uploads\/2022\/09\/4-12.jpg\"><img decoding=\"async\" width=\"800\" height=\"600\" data-src=\"https:\/\/gazetaregionalna.com\/wp-content\/uploads\/2022\/09\/4-12.jpg\" alt=\"\" data-id=\"92460\" data-full-url=\"https:\/\/gazetaregionalna.com\/wp-content\/uploads\/2022\/09\/4-12.jpg\" data-link=\"https:\/\/gazetaregionalna.com\/?attachment_id=92460\" class=\"wp-image-92460 lazyload\" data-srcset=\"https:\/\/gazetaregionalna.com\/wp-content\/uploads\/2022\/09\/4-12.jpg 800w, https:\/\/gazetaregionalna.com\/wp-content\/uploads\/2022\/09\/4-12-300x225.jpg 300w, https:\/\/gazetaregionalna.com\/wp-content\/uploads\/2022\/09\/4-12-768x576.jpg 768w, https:\/\/gazetaregionalna.com\/wp-content\/uploads\/2022\/09\/4-12-696x522.jpg 696w, https:\/\/gazetaregionalna.com\/wp-content\/uploads\/2022\/09\/4-12-560x420.jpg 560w, https:\/\/gazetaregionalna.com\/wp-content\/uploads\/2022\/09\/4-12-80x60.jpg 80w, https:\/\/gazetaregionalna.com\/wp-content\/uploads\/2022\/09\/4-12-265x198.jpg 265w\" data-sizes=\"(max-width: 800px) 100vw, 800px\" src=\"data:image\/svg+xml;base64,PHN2ZyB3aWR0aD0iMSIgaGVpZ2h0PSIxIiB4bWxucz0iaHR0cDovL3d3dy53My5vcmcvMjAwMC9zdmciPjwvc3ZnPg==\" style=\"--smush-placeholder-width: 800px; --smush-placeholder-aspect-ratio: 800\/600;\" \/><\/a><\/figure><\/li><li class=\"blocks-gallery-item\"><figure><a href=\"https:\/\/gazetaregionalna.com\/wp-content\/uploads\/2022\/09\/5-11.jpg\"><img decoding=\"async\" width=\"450\" height=\"600\" data-src=\"https:\/\/gazetaregionalna.com\/wp-content\/uploads\/2022\/09\/5-11.jpg\" alt=\"\" data-id=\"92461\" data-full-url=\"https:\/\/gazetaregionalna.com\/wp-content\/uploads\/2022\/09\/5-11.jpg\" data-link=\"https:\/\/gazetaregionalna.com\/?attachment_id=92461\" class=\"wp-image-92461 lazyload\" data-srcset=\"https:\/\/gazetaregionalna.com\/wp-content\/uploads\/2022\/09\/5-11.jpg 450w, https:\/\/gazetaregionalna.com\/wp-content\/uploads\/2022\/09\/5-11-225x300.jpg 225w, https:\/\/gazetaregionalna.com\/wp-content\/uploads\/2022\/09\/5-11-315x420.jpg 315w\" data-sizes=\"(max-width: 450px) 100vw, 450px\" src=\"data:image\/svg+xml;base64,PHN2ZyB3aWR0aD0iMSIgaGVpZ2h0PSIxIiB4bWxucz0iaHR0cDovL3d3dy53My5vcmcvMjAwMC9zdmciPjwvc3ZnPg==\" style=\"--smush-placeholder-width: 450px; --smush-placeholder-aspect-ratio: 450\/600;\" \/><\/a><\/figure><\/li><li class=\"blocks-gallery-item\"><figure><a href=\"https:\/\/gazetaregionalna.com\/wp-content\/uploads\/2022\/09\/6-9.jpg\"><img decoding=\"async\" width=\"800\" height=\"600\" data-src=\"https:\/\/gazetaregionalna.com\/wp-content\/uploads\/2022\/09\/6-9.jpg\" alt=\"\" data-id=\"92462\" data-full-url=\"https:\/\/gazetaregionalna.com\/wp-content\/uploads\/2022\/09\/6-9.jpg\" data-link=\"https:\/\/gazetaregionalna.com\/?attachment_id=92462\" class=\"wp-image-92462 lazyload\" data-srcset=\"https:\/\/gazetaregionalna.com\/wp-content\/uploads\/2022\/09\/6-9.jpg 800w, https:\/\/gazetaregionalna.com\/wp-content\/uploads\/2022\/09\/6-9-300x225.jpg 300w, https:\/\/gazetaregionalna.com\/wp-content\/uploads\/2022\/09\/6-9-768x576.jpg 768w, https:\/\/gazetaregionalna.com\/wp-content\/uploads\/2022\/09\/6-9-696x522.jpg 696w, https:\/\/gazetaregionalna.com\/wp-content\/uploads\/2022\/09\/6-9-560x420.jpg 560w, https:\/\/gazetaregionalna.com\/wp-content\/uploads\/2022\/09\/6-9-80x60.jpg 80w, https:\/\/gazetaregionalna.com\/wp-content\/uploads\/2022\/09\/6-9-265x198.jpg 265w\" data-sizes=\"(max-width: 800px) 100vw, 800px\" src=\"data:image\/svg+xml;base64,PHN2ZyB3aWR0aD0iMSIgaGVpZ2h0PSIxIiB4bWxucz0iaHR0cDovL3d3dy53My5vcmcvMjAwMC9zdmciPjwvc3ZnPg==\" style=\"--smush-placeholder-width: 800px; --smush-placeholder-aspect-ratio: 800\/600;\" \/><\/a><\/figure><\/li><li class=\"blocks-gallery-item\"><figure><a href=\"https:\/\/gazetaregionalna.com\/wp-content\/uploads\/2022\/09\/7-7.jpg\"><img decoding=\"async\" width=\"450\" height=\"600\" data-src=\"https:\/\/gazetaregionalna.com\/wp-content\/uploads\/2022\/09\/7-7.jpg\" alt=\"\" data-id=\"92463\" data-full-url=\"https:\/\/gazetaregionalna.com\/wp-content\/uploads\/2022\/09\/7-7.jpg\" data-link=\"https:\/\/gazetaregionalna.com\/?attachment_id=92463\" class=\"wp-image-92463 lazyload\" data-srcset=\"https:\/\/gazetaregionalna.com\/wp-content\/uploads\/2022\/09\/7-7.jpg 450w, https:\/\/gazetaregionalna.com\/wp-content\/uploads\/2022\/09\/7-7-225x300.jpg 225w, https:\/\/gazetaregionalna.com\/wp-content\/uploads\/2022\/09\/7-7-315x420.jpg 315w\" data-sizes=\"(max-width: 450px) 100vw, 450px\" src=\"data:image\/svg+xml;base64,PHN2ZyB3aWR0aD0iMSIgaGVpZ2h0PSIxIiB4bWxucz0iaHR0cDovL3d3dy53My5vcmcvMjAwMC9zdmciPjwvc3ZnPg==\" style=\"--smush-placeholder-width: 450px; --smush-placeholder-aspect-ratio: 450\/600;\" \/><\/a><\/figure><\/li><li class=\"blocks-gallery-item\"><figure><a href=\"https:\/\/gazetaregionalna.com\/wp-content\/uploads\/2022\/09\/8-7.jpg\"><img decoding=\"async\" width=\"450\" height=\"600\" data-src=\"https:\/\/gazetaregionalna.com\/wp-content\/uploads\/2022\/09\/8-7.jpg\" alt=\"\" data-id=\"92464\" data-full-url=\"https:\/\/gazetaregionalna.com\/wp-content\/uploads\/2022\/09\/8-7.jpg\" data-link=\"https:\/\/gazetaregionalna.com\/?attachment_id=92464\" class=\"wp-image-92464 lazyload\" data-srcset=\"https:\/\/gazetaregionalna.com\/wp-content\/uploads\/2022\/09\/8-7.jpg 450w, https:\/\/gazetaregionalna.com\/wp-content\/uploads\/2022\/09\/8-7-225x300.jpg 225w, https:\/\/gazetaregionalna.com\/wp-content\/uploads\/2022\/09\/8-7-315x420.jpg 315w\" data-sizes=\"(max-width: 450px) 100vw, 450px\" src=\"data:image\/svg+xml;base64,PHN2ZyB3aWR0aD0iMSIgaGVpZ2h0PSIxIiB4bWxucz0iaHR0cDovL3d3dy53My5vcmcvMjAwMC9zdmciPjwvc3ZnPg==\" style=\"--smush-placeholder-width: 450px; --smush-placeholder-aspect-ratio: 450\/600;\" \/><\/a><\/figure><\/li><li class=\"blocks-gallery-item\"><figure><a href=\"https:\/\/gazetaregionalna.com\/wp-content\/uploads\/2022\/09\/9-6.jpg\"><img decoding=\"async\" width=\"450\" height=\"600\" data-src=\"https:\/\/gazetaregionalna.com\/wp-content\/uploads\/2022\/09\/9-6.jpg\" alt=\"\" data-id=\"92466\" data-full-url=\"https:\/\/gazetaregionalna.com\/wp-content\/uploads\/2022\/09\/9-6.jpg\" data-link=\"https:\/\/gazetaregionalna.com\/?attachment_id=92466\" class=\"wp-image-92466 lazyload\" data-srcset=\"https:\/\/gazetaregionalna.com\/wp-content\/uploads\/2022\/09\/9-6.jpg 450w, https:\/\/gazetaregionalna.com\/wp-content\/uploads\/2022\/09\/9-6-225x300.jpg 225w, https:\/\/gazetaregionalna.com\/wp-content\/uploads\/2022\/09\/9-6-315x420.jpg 315w\" data-sizes=\"(max-width: 450px) 100vw, 450px\" src=\"data:image\/svg+xml;base64,PHN2ZyB3aWR0aD0iMSIgaGVpZ2h0PSIxIiB4bWxucz0iaHR0cDovL3d3dy53My5vcmcvMjAwMC9zdmciPjwvc3ZnPg==\" style=\"--smush-placeholder-width: 450px; --smush-placeholder-aspect-ratio: 450\/600;\" \/><\/a><\/figure><\/li><li class=\"blocks-gallery-item\"><figure><a href=\"https:\/\/gazetaregionalna.com\/wp-content\/uploads\/2022\/09\/10-5.jpg\"><img decoding=\"async\" width=\"450\" height=\"600\" data-src=\"https:\/\/gazetaregionalna.com\/wp-content\/uploads\/2022\/09\/10-5.jpg\" alt=\"\" data-id=\"92467\" data-full-url=\"https:\/\/gazetaregionalna.com\/wp-content\/uploads\/2022\/09\/10-5.jpg\" data-link=\"https:\/\/gazetaregionalna.com\/?attachment_id=92467\" class=\"wp-image-92467 lazyload\" data-srcset=\"https:\/\/gazetaregionalna.com\/wp-content\/uploads\/2022\/09\/10-5.jpg 450w, https:\/\/gazetaregionalna.com\/wp-content\/uploads\/2022\/09\/10-5-225x300.jpg 225w, https:\/\/gazetaregionalna.com\/wp-content\/uploads\/2022\/09\/10-5-315x420.jpg 315w\" data-sizes=\"(max-width: 450px) 100vw, 450px\" src=\"data:image\/svg+xml;base64,PHN2ZyB3aWR0aD0iMSIgaGVpZ2h0PSIxIiB4bWxucz0iaHR0cDovL3d3dy53My5vcmcvMjAwMC9zdmciPjwvc3ZnPg==\" style=\"--smush-placeholder-width: 450px; --smush-placeholder-aspect-ratio: 450\/600;\" \/><\/a><\/figure><\/li><li class=\"blocks-gallery-item\"><figure><a href=\"https:\/\/gazetaregionalna.com\/wp-content\/uploads\/2022\/09\/11-4.jpg\"><img decoding=\"async\" width=\"450\" height=\"600\" data-src=\"https:\/\/gazetaregionalna.com\/wp-content\/uploads\/2022\/09\/11-4.jpg\" alt=\"\" data-id=\"92468\" data-full-url=\"https:\/\/gazetaregionalna.com\/wp-content\/uploads\/2022\/09\/11-4.jpg\" data-link=\"https:\/\/gazetaregionalna.com\/?attachment_id=92468\" class=\"wp-image-92468 lazyload\" data-srcset=\"https:\/\/gazetaregionalna.com\/wp-content\/uploads\/2022\/09\/11-4.jpg 450w, https:\/\/gazetaregionalna.com\/wp-content\/uploads\/2022\/09\/11-4-225x300.jpg 225w, https:\/\/gazetaregionalna.com\/wp-content\/uploads\/2022\/09\/11-4-315x420.jpg 315w\" data-sizes=\"(max-width: 450px) 100vw, 450px\" src=\"data:image\/svg+xml;base64,PHN2ZyB3aWR0aD0iMSIgaGVpZ2h0PSIxIiB4bWxucz0iaHR0cDovL3d3dy53My5vcmcvMjAwMC9zdmciPjwvc3ZnPg==\" style=\"--smush-placeholder-width: 450px; --smush-placeholder-aspect-ratio: 450\/600;\" \/><\/a><\/figure><\/li><li class=\"blocks-gallery-item\"><figure><a href=\"https:\/\/gazetaregionalna.com\/wp-content\/uploads\/2022\/09\/12-4.jpg\"><img decoding=\"async\" width=\"450\" height=\"600\" data-src=\"https:\/\/gazetaregionalna.com\/wp-content\/uploads\/2022\/09\/12-4.jpg\" alt=\"\" data-id=\"92469\" data-full-url=\"https:\/\/gazetaregionalna.com\/wp-content\/uploads\/2022\/09\/12-4.jpg\" data-link=\"https:\/\/gazetaregionalna.com\/?attachment_id=92469\" class=\"wp-image-92469 lazyload\" data-srcset=\"https:\/\/gazetaregionalna.com\/wp-content\/uploads\/2022\/09\/12-4.jpg 450w, https:\/\/gazetaregionalna.com\/wp-content\/uploads\/2022\/09\/12-4-225x300.jpg 225w, https:\/\/gazetaregionalna.com\/wp-content\/uploads\/2022\/09\/12-4-315x420.jpg 315w\" data-sizes=\"(max-width: 450px) 100vw, 450px\" src=\"data:image\/svg+xml;base64,PHN2ZyB3aWR0aD0iMSIgaGVpZ2h0PSIxIiB4bWxucz0iaHR0cDovL3d3dy53My5vcmcvMjAwMC9zdmciPjwvc3ZnPg==\" style=\"--smush-placeholder-width: 450px; --smush-placeholder-aspect-ratio: 450\/600;\" \/><\/a><\/figure><\/li><li class=\"blocks-gallery-item\"><figure><a href=\"https:\/\/gazetaregionalna.com\/wp-content\/uploads\/2022\/09\/13-4.jpg\"><img decoding=\"async\" width=\"450\" height=\"600\" data-src=\"https:\/\/gazetaregionalna.com\/wp-content\/uploads\/2022\/09\/13-4.jpg\" alt=\"\" data-id=\"92470\" data-full-url=\"https:\/\/gazetaregionalna.com\/wp-content\/uploads\/2022\/09\/13-4.jpg\" data-link=\"https:\/\/gazetaregionalna.com\/?attachment_id=92470\" class=\"wp-image-92470 lazyload\" data-srcset=\"https:\/\/gazetaregionalna.com\/wp-content\/uploads\/2022\/09\/13-4.jpg 450w, https:\/\/gazetaregionalna.com\/wp-content\/uploads\/2022\/09\/13-4-225x300.jpg 225w, https:\/\/gazetaregionalna.com\/wp-content\/uploads\/2022\/09\/13-4-315x420.jpg 315w\" data-sizes=\"(max-width: 450px) 100vw, 450px\" src=\"data:image\/svg+xml;base64,PHN2ZyB3aWR0aD0iMSIgaGVpZ2h0PSIxIiB4bWxucz0iaHR0cDovL3d3dy53My5vcmcvMjAwMC9zdmciPjwvc3ZnPg==\" style=\"--smush-placeholder-width: 450px; --smush-placeholder-aspect-ratio: 450\/600;\" \/><\/a><\/figure><\/li><li class=\"blocks-gallery-item\"><figure><a href=\"https:\/\/gazetaregionalna.com\/wp-content\/uploads\/2022\/09\/14-3.jpg\"><img decoding=\"async\" width=\"450\" height=\"600\" data-src=\"https:\/\/gazetaregionalna.com\/wp-content\/uploads\/2022\/09\/14-3.jpg\" alt=\"\" data-id=\"92471\" data-full-url=\"https:\/\/gazetaregionalna.com\/wp-content\/uploads\/2022\/09\/14-3.jpg\" data-link=\"https:\/\/gazetaregionalna.com\/?attachment_id=92471\" class=\"wp-image-92471 lazyload\" data-srcset=\"https:\/\/gazetaregionalna.com\/wp-content\/uploads\/2022\/09\/14-3.jpg 450w, https:\/\/gazetaregionalna.com\/wp-content\/uploads\/2022\/09\/14-3-225x300.jpg 225w, https:\/\/gazetaregionalna.com\/wp-content\/uploads\/2022\/09\/14-3-315x420.jpg 315w\" data-sizes=\"(max-width: 450px) 100vw, 450px\" src=\"data:image\/svg+xml;base64,PHN2ZyB3aWR0aD0iMSIgaGVpZ2h0PSIxIiB4bWxucz0iaHR0cDovL3d3dy53My5vcmcvMjAwMC9zdmciPjwvc3ZnPg==\" style=\"--smush-placeholder-width: 450px; --smush-placeholder-aspect-ratio: 450\/600;\" \/><\/a><\/figure><\/li><li class=\"blocks-gallery-item\"><figure><a href=\"https:\/\/gazetaregionalna.com\/wp-content\/uploads\/2022\/09\/16-3.jpg\"><img decoding=\"async\" width=\"800\" height=\"600\" data-src=\"https:\/\/gazetaregionalna.com\/wp-content\/uploads\/2022\/09\/16-3.jpg\" alt=\"\" data-id=\"92472\" data-full-url=\"https:\/\/gazetaregionalna.com\/wp-content\/uploads\/2022\/09\/16-3.jpg\" data-link=\"https:\/\/gazetaregionalna.com\/?attachment_id=92472\" class=\"wp-image-92472 lazyload\" data-srcset=\"https:\/\/gazetaregionalna.com\/wp-content\/uploads\/2022\/09\/16-3.jpg 800w, https:\/\/gazetaregionalna.com\/wp-content\/uploads\/2022\/09\/16-3-300x225.jpg 300w, https:\/\/gazetaregionalna.com\/wp-content\/uploads\/2022\/09\/16-3-768x576.jpg 768w, https:\/\/gazetaregionalna.com\/wp-content\/uploads\/2022\/09\/16-3-696x522.jpg 696w, https:\/\/gazetaregionalna.com\/wp-content\/uploads\/2022\/09\/16-3-560x420.jpg 560w, https:\/\/gazetaregionalna.com\/wp-content\/uploads\/2022\/09\/16-3-80x60.jpg 80w, https:\/\/gazetaregionalna.com\/wp-content\/uploads\/2022\/09\/16-3-265x198.jpg 265w\" data-sizes=\"(max-width: 800px) 100vw, 800px\" src=\"data:image\/svg+xml;base64,PHN2ZyB3aWR0aD0iMSIgaGVpZ2h0PSIxIiB4bWxucz0iaHR0cDovL3d3dy53My5vcmcvMjAwMC9zdmciPjwvc3ZnPg==\" style=\"--smush-placeholder-width: 800px; --smush-placeholder-aspect-ratio: 800\/600;\" \/><\/a><\/figure><\/li><\/ul><figcaption class=\"blocks-gallery-caption\">fot. UG w K\u0142obucku <\/figcaption><\/figure>\n\n\n\n<p><strong>K KIK <\/strong><\/p>\n","protected":false},"excerpt":{"rendered":"<p>14 wrze\u015bnia Burmistrz Jerzy Zakrzewski, Sekretarz Sylwia Pi\u0105tkowska oraz Radny Miros\u0142aw Cie\u015bla dokonali oficjalnego otwarcia bloku \u017cywieniowego w Przedszkolu Gminnym nr 2 w K\u0142obucku.<\/p>\n","protected":false},"author":21,"featured_media":92465,"comment_status":"closed","ping_status":"open","sticky":false,"template":"","format":"standard","meta":{"_monsterinsights_skip_tracking":false,"_monsterinsights_sitenote_active":false,"_monsterinsights_sitenote_note":"","_monsterinsights_sitenote_category":0,"_uf_show_specific_survey":0,"_uf_disable_surveys":false,"footnotes":""},"categories":[2,27],"tags":[280,6235,6234,6231,6233,92],"class_list":["post-92456","post","type-post","status-publish","format-standard","has-post-thumbnail","hentry","category-wiadomosci","category-klobuck-informacje","tag-klobuck","tag-nowe-meble","tag-nowe-sprzety","tag-otwarcie-kuchni","tag-przedszkole-gminne-nr-2","tag-remont"],"_links":{"self":[{"href":"https:\/\/gazetaregionalna.com\/index.php?rest_route=\/wp\/v2\/posts\/92456","targetHints":{"allow":["GET"]}}],"collection":[{"href":"https:\/\/gazetaregionalna.com\/index.php?rest_route=\/wp\/v2\/posts"}],"about":[{"href":"https:\/\/gazetaregionalna.com\/index.php?rest_route=\/wp\/v2\/types\/post"}],"author":[{"embeddable":true,"href":"https:\/\/gazetaregionalna.com\/index.php?rest_route=\/wp\/v2\/users\/21"}],"replies":[{"embeddable":true,"href":"https:\/\/gazetaregionalna.com\/index.php?rest_route=%2Fwp%2Fv2%2Fcomments&post=92456"}],"version-history":[{"count":1,"href":"https:\/\/gazetaregionalna.com\/index.php?rest_route=\/wp\/v2\/posts\/92456\/revisions"}],"predecessor-version":[{"id":92473,"href":"https:\/\/gazetaregionalna.com\/index.php?rest_route=\/wp\/v2\/posts\/92456\/revisions\/92473"}],"wp:featuredmedia":[{"embeddable":true,"href":"https:\/\/gazetaregionalna.com\/index.php?rest_route=\/wp\/v2\/media\/92465"}],"wp:attachment":[{"href":"https:\/\/gazetaregionalna.com\/index.php?rest_route=%2Fwp%2Fv2%2Fmedia&parent=92456"}],"wp:term":[{"taxonomy":"category","embeddable":true,"href":"https:\/\/gazetaregionalna.com\/index.php?rest_route=%2Fwp%2Fv2%2Fcategories&post=92456"},{"taxonomy":"post_tag","embeddable":true,"href":"https:\/\/gazetaregionalna.com\/index.php?rest_route=%2Fwp%2Fv2%2Ftags&post=92456"}],"curies":[{"name":"wp","href":"https:\/\/api.w.org\/{rel}","templated":true}]}}