{"id":923,"date":"2018-10-24T08:33:27","date_gmt":"2018-10-24T08:33:27","guid":{"rendered":"http:\/\/gazetaregionalna.com\/?p=923"},"modified":"2020-12-29T13:44:40","modified_gmt":"2020-12-29T13:44:40","slug":"jak-nie-urzadzac-domu","status":"publish","type":"post","link":"https:\/\/gazetaregionalna.com\/?p=923","title":{"rendered":"10 grzech\u00f3w w urz\u0105dzaniu wn\u0119trz, czyli jak nie urz\u0105dza\u0107 domu?"},"content":{"rendered":"\n<h4 class=\"wp-block-heading\"><strong>Powiedzenie m\u00f3wi: \u201epierwszy dom budujemy dla wroga, drugi dla przyjaciela, a dopiero trzeci dla siebie\u201d. Warto uczy\u0107 si\u0119 na b\u0142\u0119dach innych, szczeg\u00f3lnie \u017ce wn\u0119trzarskie grzechy ci\u0105gn\u0105 si\u0119 latami i cz\u0119sto miewaj\u0105 dotkliwy finansowy wymiar. Co ciekawe, niekt\u00f3re b\u0142\u0119dy w urz\u0105dzaniu wn\u0119trz maj\u0105 wyj\u0105tkow\u0105, polsk\u0105 specyfik\u0119.<\/strong> <strong>Tak wi\u0119c, jak nie urz\u0105dza\u0107 domu?<\/strong><\/h4>\n\n\n\n<p><strong>Brak konsekwencji <\/strong><\/p>\n\n\n\n<p>Najpowszechniejszym b\u0142\u0119dem pope\u0142nianym przy urz\u0105dzaniu wn\u0119trz jest brak\nkonsekwencji. A konsekwencja stylistyczna i materia\u0142owa to po\u0142owa sukcesu w\nprojektowaniu. Je\u017celi stawiasz na styl mid-century, trzymaj si\u0119 go. W ka\u017cdym\npomieszczeniu, w meblach i dodatkach. Je\u017celi wolisz klimaty industrialne b\u0105d\u017a\nkonsekwentny i nie dorzucaj do surowego, studyjnego wn\u0119trza willowej kuchni w\nstylu angielskim. To samo dotyczy materia\u0142\u00f3w wyko\u0144czeniowych. \u0141ugowany d\u0105b na\npod\u0142odze? \u0141upek w \u0142azience? Ciemne, kolonialne meble w salonie? &#8211; nie mieszaj\ntego razem. Takie to proste, a jednocze\u015bnie skomplikowane.<\/p>\n\n\n\n<figure class=\"wp-block-image size-large\"><img decoding=\"async\" width=\"900\" height=\"606\" data-src=\"https:\/\/gazetaregionalna.com\/wp-content\/uploads\/2020\/12\/jaskrawe-dominujace-kolory-we-wnetrzu.jpg\" alt=\"\" class=\"wp-image-30226 lazyload\" data-srcset=\"https:\/\/gazetaregionalna.com\/wp-content\/uploads\/2020\/12\/jaskrawe-dominujace-kolory-we-wnetrzu.jpg 900w, https:\/\/gazetaregionalna.com\/wp-content\/uploads\/2020\/12\/jaskrawe-dominujace-kolory-we-wnetrzu-300x202.jpg 300w, https:\/\/gazetaregionalna.com\/wp-content\/uploads\/2020\/12\/jaskrawe-dominujace-kolory-we-wnetrzu-768x517.jpg 768w, https:\/\/gazetaregionalna.com\/wp-content\/uploads\/2020\/12\/jaskrawe-dominujace-kolory-we-wnetrzu-696x469.jpg 696w, https:\/\/gazetaregionalna.com\/wp-content\/uploads\/2020\/12\/jaskrawe-dominujace-kolory-we-wnetrzu-624x420.jpg 624w\" data-sizes=\"(max-width: 900px) 100vw, 900px\" src=\"data:image\/svg+xml;base64,PHN2ZyB3aWR0aD0iMSIgaGVpZ2h0PSIxIiB4bWxucz0iaHR0cDovL3d3dy53My5vcmcvMjAwMC9zdmciPjwvc3ZnPg==\" style=\"--smush-placeholder-width: 900px; --smush-placeholder-aspect-ratio: 900\/606;\" \/><figcaption>Jak nie urz\u0105dza\u0107 domu<\/figcaption><\/figure>\n\n\n\n<p><strong>Aran\u017cacja \u2013 to potrzebne? <\/strong><\/p>\n\n\n\n<p>Ustawi\u0107 meble potrafi ka\u017cdy. Wstawi\u0107 mo\u017ce i tak, ale na pewno nie ustawi\u0107. Z\njakiego\u015b powodu, nawet niekt\u00f3rzy projektanci najch\u0119tniej wrzuciliby wszystko\npod \u015bciany. Bywa, \u017ce wn\u0119trze jest niewielkie i nie ma innego wyj\u015bcia. Ale ten\naran\u017cacyjny grzech niezwykle cz\u0119sto wyst\u0119puje te\u017c na du\u017cych powierzchniach.\nSzafka na RTV pod jedn\u0105 \u015bcian\u0105, sofy 10 metr\u00f3w dalej pod \u015bcian\u0105 przeciwleg\u0142\u0105.\nPomi\u0119dzy przycupnie czasami skromnie niewielki stolik. A przecie\u017c da si\u0119\ninaczej.. <\/p>\n\n\n\n<p><strong>Mi\u0142o\u015b\u0107 do be\u017cy<\/strong><\/p>\n\n\n\n<p>Wsz\u0119dzie ten be\u017c.. Tu ja\u015bniejsza, tam ciemniejsza, ale my &#8211; Polacy kochamy\nmi\u0142o\u015bci\u0105 wielk\u0105, aczkolwiek nieodwzajemnion\u0105, wszelkie ecru, ko\u015bci s\u0142oniowe,\nbe\u017ce, ci nieco awangardowi \u2014 popiele i br\u0105z. Mi\u0142o\u015bci nieodwzajemniona poniewa\u017c\nwn\u0119trza urz\u0105dzone tylko i wy\u0142\u0105cznie w tej kolorystyce nie sprawdzaj\u0105 si\u0119, s\u0105\nnudne i nijakie. Nie wierz w be\u017ce, one nie s\u0105 barw\u0105 bezpieczn\u0105 i uniwersaln\u0105.<\/p>\n\n\n\n<figure class=\"wp-block-image size-large\"><img decoding=\"async\" width=\"700\" height=\"398\" data-src=\"https:\/\/gazetaregionalna.com\/wp-content\/uploads\/2020\/12\/bezowe-sciany-w-salonie_2658931-e1540368573700.jpg\" alt=\"\" class=\"wp-image-30228 lazyload\" data-srcset=\"https:\/\/gazetaregionalna.com\/wp-content\/uploads\/2020\/12\/bezowe-sciany-w-salonie_2658931-e1540368573700.jpg 700w, https:\/\/gazetaregionalna.com\/wp-content\/uploads\/2020\/12\/bezowe-sciany-w-salonie_2658931-e1540368573700-300x171.jpg 300w, https:\/\/gazetaregionalna.com\/wp-content\/uploads\/2020\/12\/bezowe-sciany-w-salonie_2658931-e1540368573700-696x396.jpg 696w\" data-sizes=\"(max-width: 700px) 100vw, 700px\" src=\"data:image\/svg+xml;base64,PHN2ZyB3aWR0aD0iMSIgaGVpZ2h0PSIxIiB4bWxucz0iaHR0cDovL3d3dy53My5vcmcvMjAwMC9zdmciPjwvc3ZnPg==\" style=\"--smush-placeholder-width: 700px; --smush-placeholder-aspect-ratio: 700\/398;\" \/><figcaption> Jak nie urz\u0105dza\u0107 domu <\/figcaption><\/figure>\n\n\n\n<p><strong>Dominuj\u0105ce kolory<\/strong><\/p>\n\n\n\n<p>Wn\u0119trza polskich mieszka\u0144 i dom\u00f3w malowane i urz\u0105dzane s\u0105 w swoistej\nkontrze. Z jednej strony wspomniane wy\u017cej be\u017ce lub monochromatyczny styl\nskandynawski, z drugiej \u2014 mocne i dominuj\u0105ce kolory. Tak jakby nie istnia\u0142o nic\npo\u015brodku. Jak gdyby wszelkie po\u015brednie rozwi\u0105zania nie istnia\u0142y. Tymczasem tak\njak wn\u0119trza w kolorze ko\u015bci s\u0142oniowej potrafi\u0105 przyprawi\u0107 o md\u0142o\u015bci, tak\njaskrawe barwy bardzo m\u0119cz\u0105. Abstrahuj\u0105c od tego, \u017ce moda na konkretne palety\nbarw zmienia si\u0119 co sezon, rzecz w tym, \u017ce intensywne kolory dominuj\u0105,\nzniekszta\u0142caj\u0105 percepcj\u0119 przestrzenn\u0105 i bardzo szybko zaczynaj\u0105 irytowa\u0107.\nZdecydowanie lepiej jest postawi\u0107 na kolorystycznie \u201ebezpieczne\u201d wn\u0119trze.\nNeutralne barwy jako t\u0142o, a kolory w dodatkach \u2013 tak b\u0119dzie znacznie lepiej.<\/p>\n\n\n\n<figure class=\"wp-block-image size-large\"><img decoding=\"async\" width=\"900\" height=\"563\" data-src=\"https:\/\/gazetaregionalna.com\/wp-content\/uploads\/2020\/12\/wnetrza-kopiowane-z-katalogu-1.jpg\" alt=\"\" class=\"wp-image-30229 lazyload\" data-srcset=\"https:\/\/gazetaregionalna.com\/wp-content\/uploads\/2020\/12\/wnetrza-kopiowane-z-katalogu-1.jpg 900w, https:\/\/gazetaregionalna.com\/wp-content\/uploads\/2020\/12\/wnetrza-kopiowane-z-katalogu-1-300x188.jpg 300w, https:\/\/gazetaregionalna.com\/wp-content\/uploads\/2020\/12\/wnetrza-kopiowane-z-katalogu-1-768x480.jpg 768w, https:\/\/gazetaregionalna.com\/wp-content\/uploads\/2020\/12\/wnetrza-kopiowane-z-katalogu-1-696x435.jpg 696w, https:\/\/gazetaregionalna.com\/wp-content\/uploads\/2020\/12\/wnetrza-kopiowane-z-katalogu-1-671x420.jpg 671w\" data-sizes=\"(max-width: 900px) 100vw, 900px\" src=\"data:image\/svg+xml;base64,PHN2ZyB3aWR0aD0iMSIgaGVpZ2h0PSIxIiB4bWxucz0iaHR0cDovL3d3dy53My5vcmcvMjAwMC9zdmciPjwvc3ZnPg==\" style=\"--smush-placeholder-width: 900px; --smush-placeholder-aspect-ratio: 900\/563;\" \/><figcaption> Jak nie urz\u0105dza\u0107 domu <\/figcaption><\/figure>\n\n\n\n<p><strong>Wn\u0119trze jak w katalogu<\/strong><\/p>\n\n\n\n<p>To, co wygl\u0105da dobrze i fajnie na obrazku, nie zawsze sprawdza si\u0119 w\nrzeczywisto\u015bci. Powod\u00f3w jest wiele. Fotografie w katalogach wykonywane s\u0105 we\nwn\u0119trzach ekspozycyjnych, cz\u0119sto stworzonych w studiach fotograficznych jedynie\nna czas sesji. To sztuczne, nieistniej\u0105ce przestrzenie. Coraz cz\u0119\u015bciej\nnatkniesz si\u0119 te\u017c na wizualizacje, a nie klasyczne fotografie. Tam wszystko\njest wirtualne, ma si\u0119 nijak do rzeczywisto\u015bci i prawdopodobnie tak\u017ce do tego,\njak wygl\u0105da i czego potrzebuje twoje wn\u0119trze. My\u015bl przede wszystkim o swoich gustach\ni funkcji, kt\u00f3r\u0105 pe\u0142ni\u0107 b\u0119dzie przestrze\u0144 wok\u00f3\u0142 ciebie. Inspiracja owszem, ale\nnie kopiowanie.<\/p>\n\n\n\n<p><strong>Tymczasowa moda<\/strong><\/p>\n\n\n\n<p>Jedni lubi\u0105 rustykaln\u0105 klasyk\u0119, inni uniwersalne, zawsze aktualne style, a\njeszcze inni pragn\u0105 pod\u0105\u017ca\u0107 za trendami. \u015awiadomo\u015b\u0107 tego, co modne i w jakim\nkierunku zmierza wn\u0119trzarski \u015bwiat, z pewno\u015bci\u0105 pomaga w stworzeniu \u015bwietnej\nprzestrzeni. Jednak dla niekt\u00f3rych z nas charakterystyczne jest masowe uleganie\ntymczasowym modom. Doskona\u0142ym przyk\u0142adem z przesz\u0142o\u015bci s\u0105 dziesi\u0105tki tysi\u0119cy\nmieszka\u0144 i dom\u00f3w wyko\u0144czonych od pod\u0142\u00f3g po sufity sosnowymi boazeriami.\nWsz\u0119dzie tak samo, identycznie u\u0142o\u017conymi. Przez ostatnie lata nie by\u0142o innego\ntylu ni\u017c skandynawski. By\u0142a to jedyna, s\u0142uszna stylistyka. Pami\u0119tajmy- moda\nszybko przemija.<\/p>\n\n\n\n<p><strong>Pa\u0142acowe wn\u0119trza<\/strong><\/p>\n\n\n\n<p>Mamy sentyment do dwork\u00f3w i pa\u0142ac\u00f3w. Jak kraj nasz d\u0142ugi i szeroki, cz\u0119sto i\ng\u0119sto napotkasz stylizowane na dworek domki, a w \u015brodku co\u015b na kszta\u0142t pa\u0142acu.\nCo\u015b, bo kuchnia przewa\u017cnie jest z sieci\u00f3wki, ale salon i jadalnia urz\u0105dzone\nzosta\u0142y z przytupem, mniej lub bardziej \u015bmia\u0142o zdradzaj\u0105c sarmackie t\u0119sknoty\nmieszka\u0144c\u00f3w wsp\u00f3\u0142czesnego dworku. To nie jest dobry wyb\u00f3r.<\/p>\n\n\n\n<figure class=\"wp-block-image size-large\"><img decoding=\"async\" width=\"800\" height=\"400\" data-src=\"https:\/\/gazetaregionalna.com\/wp-content\/uploads\/2020\/12\/93926_55a572_00185a-e1540369126993-1.jpg\" alt=\"\" class=\"wp-image-30231 lazyload\" data-srcset=\"https:\/\/gazetaregionalna.com\/wp-content\/uploads\/2020\/12\/93926_55a572_00185a-e1540369126993-1.jpg 800w, https:\/\/gazetaregionalna.com\/wp-content\/uploads\/2020\/12\/93926_55a572_00185a-e1540369126993-1-300x150.jpg 300w, https:\/\/gazetaregionalna.com\/wp-content\/uploads\/2020\/12\/93926_55a572_00185a-e1540369126993-1-768x384.jpg 768w, https:\/\/gazetaregionalna.com\/wp-content\/uploads\/2020\/12\/93926_55a572_00185a-e1540369126993-1-696x348.jpg 696w\" data-sizes=\"(max-width: 800px) 100vw, 800px\" src=\"data:image\/svg+xml;base64,PHN2ZyB3aWR0aD0iMSIgaGVpZ2h0PSIxIiB4bWxucz0iaHR0cDovL3d3dy53My5vcmcvMjAwMC9zdmciPjwvc3ZnPg==\" style=\"--smush-placeholder-width: 800px; --smush-placeholder-aspect-ratio: 800\/400;\" \/><figcaption> Jak nie urz\u0105dza\u0107 domu <\/figcaption><\/figure>\n\n\n\n<p><strong>Kafle i jeszcze raz kafle<\/strong><\/p>\n\n\n\n<p>Ceramiczne p\u0142ytki od g\u00f3ry do do\u0142u. Na pod\u0142odze kafle, \u015bciany szczelnie\nwy\u0142o\u017cone kaflami. Mowa o polskich \u0142azienkach. Tyle jest na \u015bwiecie materia\u0142\u00f3w,\nkt\u00f3re zda\u0142yby egzamin, nawet w pe\u0142nych wilgoci \u0142azienkach i toaletach.\nNiestety, polskie gusta s\u0105 takie, \u017ce wn\u0119trza \u0142azienek nale\u017cy wyposa\u017cy\u0107 w\nkafelki, \u015bcian odkrywa\u0107 lub dekorowa\u0107 czym\u015b innym nie mo\u017cna, bo stanie si\u0119 co\u015b\nbardzo z\u0142ego. Nikt nie wie co, ale tak na wszelki wypadek nie powinno si\u0119 tego\nrobi\u0107. \u015acianom w \u0142azienkach nic si\u0119 nie stanie, je\u017celi kafli na nich zabraknie,\ncz\u0119\u015bciowo lub w og\u00f3le. Poza ceramicznymi p\u0142ytkami istnieje jeszcze co\u015b takiego\njak kamie\u0144, drewno, czy lateksowe farby. S\u0105 bardzo estetyczne i spe\u0142niaj\u0105 swoja\nrol\u0119.<\/p>\n\n\n\n<figure class=\"wp-block-image size-large\"><img decoding=\"async\" width=\"800\" height=\"539\" data-src=\"https:\/\/gazetaregionalna.com\/wp-content\/uploads\/2020\/12\/lazienka-cala-w-kaflach-e1540368692759.jpg\" alt=\"\" class=\"wp-image-30232 lazyload\" data-srcset=\"https:\/\/gazetaregionalna.com\/wp-content\/uploads\/2020\/12\/lazienka-cala-w-kaflach-e1540368692759.jpg 800w, https:\/\/gazetaregionalna.com\/wp-content\/uploads\/2020\/12\/lazienka-cala-w-kaflach-e1540368692759-300x202.jpg 300w, https:\/\/gazetaregionalna.com\/wp-content\/uploads\/2020\/12\/lazienka-cala-w-kaflach-e1540368692759-768x517.jpg 768w, https:\/\/gazetaregionalna.com\/wp-content\/uploads\/2020\/12\/lazienka-cala-w-kaflach-e1540368692759-696x469.jpg 696w, https:\/\/gazetaregionalna.com\/wp-content\/uploads\/2020\/12\/lazienka-cala-w-kaflach-e1540368692759-623x420.jpg 623w\" data-sizes=\"(max-width: 800px) 100vw, 800px\" src=\"data:image\/svg+xml;base64,PHN2ZyB3aWR0aD0iMSIgaGVpZ2h0PSIxIiB4bWxucz0iaHR0cDovL3d3dy53My5vcmcvMjAwMC9zdmciPjwvc3ZnPg==\" style=\"--smush-placeholder-width: 800px; --smush-placeholder-aspect-ratio: 800\/539;\" \/><figcaption> Jak nie urz\u0105dza\u0107 domu <\/figcaption><\/figure>\n\n\n\n<p><strong>A co z dekoracj\u0105 okien<\/strong><\/p>\n\n\n\n<p>Zazdrostki, firanki, zas\u0142ony, a najlepiej wszystko razem, dekoracyjnie\nupi\u0119te i marszczone. Takie tekstylne, zadziwiaj\u0105ce bogactwem falban \u015bciany to\nci\u0105gle zmora polskich wn\u0119trz. Jaka\u015b alternatywa? Rolety. Proste, zwyk\u0142e,\nfunkcjonalne i nie strasz\u0105. Wszystko dobrze, ale zn\u00f3w &#8211; pomi\u0119dzy skrajnymi\nstylami jest sporo innych mo\u017cliwo\u015bci.<\/p>\n\n\n\n<p><strong>Niew\u0142a\u015bciwe o\u015bwietlenie <\/strong><\/p>\n\n\n\n<p>Temat \u015bwiat\u0142a przewija si\u0119 nie\u015bmia\u0142o w trakcie urz\u0105dzania wn\u0119trz, ale\nprzewa\u017cnie w kontek\u015bcie projektu elektryki, a nie niezale\u017cnego planowania\no\u015bwietlenia. W domach najcz\u0119\u015bciej wisi jedna lampa sufitowa lub sufit upstrzony\njest dziesi\u0105tkami reflektork\u00f3w przypadkowo rozmieszczonych w gipsowych\nnawisach. Tymczasem \u017ale roz\u0142o\u017cone punkty \u015bwietlne, czy niew\u0142a\u015bciwie dobrana\nbarwa \u015bwiat\u0142a, potrafi\u0105 zniwelowa\u0107 najlepsz\u0105 aran\u017cacj\u0119, odebra\u0107 pi\u0119kno\nwykorzystanym materia\u0142om, a nam zepsu\u0107 nastr\u00f3j.<\/p>\n\n\n\n<p>(oprac. p.s-b.)<\/p>\n\n\n\n<p>Czytaj tak\u017ce:<\/p>\n\n\n\n<p><a href=\"https:\/\/gazetaregionalna.com\/wp-admin\/post.php?post=17279&amp;action=edit\" class=\"rank-math-link\">Rynek nieruchomo\u015bci, czyli co si\u0119 buduje w Cz\u0119stochowie? <\/a><\/p>\n\n\n\n<p><a href=\"https:\/\/mieszkajwygodnie.pl\/wp-admin\/post.php?post=11428&amp;action=edit\" class=\"rank-math-link\" target=\"_blank\" rel=\"noopener\">Energooszcz\u0119dny i ekologiczny dom, czyli jak obni\u017cy\u0107 koszty sta\u0142e prowadzenia domu<\/a><\/p>\n\n\n\n<p><\/p>\n\n\n<p><\/p>\n<p><\/p>","protected":false},"excerpt":{"rendered":"<p>Powiedzenie m\u00f3wi: \u201epierwszy dom budujemy dla wroga, drugi dla przyjaciela, a dopiero trzeci dla siebie\u201d. Warto uczy\u0107 si\u0119 na b\u0142\u0119dach innych, szczeg\u00f3lnie \u017ce wn\u0119trzarskie<\/p>\n","protected":false},"author":3,"featured_media":0,"comment_status":"open","ping_status":"closed","sticky":false,"template":"","format":"standard","meta":{"_monsterinsights_skip_tracking":false,"_monsterinsights_sitenote_active":false,"_monsterinsights_sitenote_note":"","_monsterinsights_sitenote_category":0,"_uf_show_specific_survey":0,"_uf_disable_surveys":false,"footnotes":""},"categories":[20,17],"tags":[],"class_list":["post-923","post","type-post","status-publish","format-standard","hentry","category-budownictwo","category-dom"],"_links":{"self":[{"href":"https:\/\/gazetaregionalna.com\/index.php?rest_route=\/wp\/v2\/posts\/923","targetHints":{"allow":["GET"]}}],"collection":[{"href":"https:\/\/gazetaregionalna.com\/index.php?rest_route=\/wp\/v2\/posts"}],"about":[{"href":"https:\/\/gazetaregionalna.com\/index.php?rest_route=\/wp\/v2\/types\/post"}],"author":[{"embeddable":true,"href":"https:\/\/gazetaregionalna.com\/index.php?rest_route=\/wp\/v2\/users\/3"}],"replies":[{"embeddable":true,"href":"https:\/\/gazetaregionalna.com\/index.php?rest_route=%2Fwp%2Fv2%2Fcomments&post=923"}],"version-history":[{"count":20,"href":"https:\/\/gazetaregionalna.com\/index.php?rest_route=\/wp\/v2\/posts\/923\/revisions"}],"predecessor-version":[{"id":30250,"href":"https:\/\/gazetaregionalna.com\/index.php?rest_route=\/wp\/v2\/posts\/923\/revisions\/30250"}],"wp:attachment":[{"href":"https:\/\/gazetaregionalna.com\/index.php?rest_route=%2Fwp%2Fv2%2Fmedia&parent=923"}],"wp:term":[{"taxonomy":"category","embeddable":true,"href":"https:\/\/gazetaregionalna.com\/index.php?rest_route=%2Fwp%2Fv2%2Fcategories&post=923"},{"taxonomy":"post_tag","embeddable":true,"href":"https:\/\/gazetaregionalna.com\/index.php?rest_route=%2Fwp%2Fv2%2Ftags&post=923"}],"curies":[{"name":"wp","href":"https:\/\/api.w.org\/{rel}","templated":true}]}}