{"id":9227,"date":"2020-01-09T11:37:32","date_gmt":"2020-01-09T11:37:32","guid":{"rendered":"https:\/\/gazetaregionalna.com\/?p=9227"},"modified":"2020-01-09T11:37:35","modified_gmt":"2020-01-09T11:37:35","slug":"wyszla-z-domu-i-nie-wrocila-2","status":"publish","type":"post","link":"https:\/\/gazetaregionalna.com\/?p=9227","title":{"rendered":"Wysz\u0142a z domu i nie wr\u00f3ci\u0142a"},"content":{"rendered":"\n<h3 class=\"wp-block-heading\">\n<strong>Cz\u0119stochowscy\npolicjanci trzeci dzie\u0144 poszukuj\u0105 86-letniej mieszkanki\nCz\u0119stochowy. Pani Janina Barczy\u0144ska ostatni raz widziana by\u0142a 7\nstycznia. Ka\u017cdy, kto zna miejsce jej aktualnego pobytu lub w\nostatnim czasie widzia\u0142 zaginion\u0105, proszony jest o kontakt z\npolicj\u0105.<\/strong><\/h3>\n\n\n\n<p>\nJak\nwynika z dotychczasowych ustale\u0144 Janina Barczy\u0144ska 7 stycznia,\noko\u0142o godziny 11:00 wysz\u0142a z domu i do chwili obecnej nie\npowr\u00f3ci\u0142a. Nie nawi\u0105za\u0142a tak\u017ce kontaktu z rodzin\u0105 czy\nznajomymi.<\/p>\n\n\n\n<p>\nRysopis\nzaginionej: wiek 86 lat, wzrost oko\u0142o 150 cm, \u015bredniej budowy\ncia\u0142a, w\u0142osy siwe kr\u00f3tkie. Ubrana by\u0142a prawdopodobnie w be\u017cowy\np\u0142aszcz, beret w panterk\u0119, czarne zimowe buty.<\/p>\n\n\n\n<p>\nKa\u017cdy,\nkto ma jakiekolwiek informacje na temat miejsca pobytu zaginionej,\nproszony jest o kontakt z Komend\u0105 Miejsk\u0105 Policji w Cz\u0119stochowie &#8211;\ntelefon (34) 369 12 55, (34) 369 12 66 lub z najbli\u017csz\u0105 jednostk\u0105\npolicji pod numerem telefonu alarmowego 112.<\/p>\n\n\n\n<p>(\u017br\u00f3d\u0142o:\nKMP Cz\u0119stochowa)<\/p>\n","protected":false},"excerpt":{"rendered":"<p>Cz\u0119stochowscy policjanci trzeci dzie\u0144 poszukuj\u0105 86-letniej mieszkanki Cz\u0119stochowy. Pani Janina Barczy\u0144ska ostatni raz widziana by\u0142a 7 stycznia. Ka\u017cdy, kto zna miejsce jej aktualnego pobytu<\/p>\n","protected":false},"author":7,"featured_media":9228,"comment_status":"open","ping_status":"open","sticky":false,"template":"","format":"standard","meta":{"_monsterinsights_skip_tracking":false,"_monsterinsights_sitenote_active":false,"_monsterinsights_sitenote_note":"","_monsterinsights_sitenote_category":0,"_uf_show_specific_survey":0,"_uf_disable_surveys":false,"footnotes":""},"categories":[3,94,2],"tags":[],"class_list":["post-9227","post","type-post","status-publish","format-standard","has-post-thumbnail","hentry","category-czestochowa-informacje","category-polecane","category-wiadomosci"],"_links":{"self":[{"href":"https:\/\/gazetaregionalna.com\/index.php?rest_route=\/wp\/v2\/posts\/9227","targetHints":{"allow":["GET"]}}],"collection":[{"href":"https:\/\/gazetaregionalna.com\/index.php?rest_route=\/wp\/v2\/posts"}],"about":[{"href":"https:\/\/gazetaregionalna.com\/index.php?rest_route=\/wp\/v2\/types\/post"}],"author":[{"embeddable":true,"href":"https:\/\/gazetaregionalna.com\/index.php?rest_route=\/wp\/v2\/users\/7"}],"replies":[{"embeddable":true,"href":"https:\/\/gazetaregionalna.com\/index.php?rest_route=%2Fwp%2Fv2%2Fcomments&post=9227"}],"version-history":[{"count":1,"href":"https:\/\/gazetaregionalna.com\/index.php?rest_route=\/wp\/v2\/posts\/9227\/revisions"}],"predecessor-version":[{"id":9229,"href":"https:\/\/gazetaregionalna.com\/index.php?rest_route=\/wp\/v2\/posts\/9227\/revisions\/9229"}],"wp:featuredmedia":[{"embeddable":true,"href":"https:\/\/gazetaregionalna.com\/index.php?rest_route=\/wp\/v2\/media\/9228"}],"wp:attachment":[{"href":"https:\/\/gazetaregionalna.com\/index.php?rest_route=%2Fwp%2Fv2%2Fmedia&parent=9227"}],"wp:term":[{"taxonomy":"category","embeddable":true,"href":"https:\/\/gazetaregionalna.com\/index.php?rest_route=%2Fwp%2Fv2%2Fcategories&post=9227"},{"taxonomy":"post_tag","embeddable":true,"href":"https:\/\/gazetaregionalna.com\/index.php?rest_route=%2Fwp%2Fv2%2Ftags&post=9227"}],"curies":[{"name":"wp","href":"https:\/\/api.w.org\/{rel}","templated":true}]}}