{"id":9221,"date":"2020-01-09T10:01:57","date_gmt":"2020-01-09T10:01:57","guid":{"rendered":"https:\/\/gazetaregionalna.com\/?p=9221"},"modified":"2020-01-09T10:02:00","modified_gmt":"2020-01-09T10:02:00","slug":"ferie-2020-co-przygotowal-mdk","status":"publish","type":"post","link":"https:\/\/gazetaregionalna.com\/?p=9221","title":{"rendered":"Ferie 2020 \u2013 co przygotowa\u0142 MDK?"},"content":{"rendered":"\n<p>W tym roku w wojew\u00f3dztwie \u015bl\u0105skim ferie rozpoczynaj\u0105 si\u0119 rekordowo szybko. Ledwo dzieciaki wr\u00f3c\u0105 z przerwy \u015bwi\u0105teczno-norowrocznej ju\u017c zacznie si\u0119 kolejna przerwa. Nie trzeba si\u0119 jednak martwi\u0107 o propozycje zaj\u0119\u0107 w tym czasie. Do Miejskiego Domu Kultury zapraszamy na ferie \u015bl\u0105sko-japo\u0144skie!&nbsp;<br>\nKulturalne kombinacje<br>\nDlaczego \u015bl\u0105sko-japo\u0144skie? &#8211; zapytacie. \u015al\u0105sk to nasze najbli\u017csze otoczenie. W tej kulturze jeste\u015bmy zanurzeni, w niej si\u0119 poruszamy &#8211; ale ile o niej wiemy? Zaj\u0119cia w czasie ferii pozwol\u0105 dowiedzie\u0107 si\u0119 wi\u0119cej o \u015bl\u0105skiej gwarze, ta\u0144cach ludowych, tradycjach, a nawet \u2013 o architekturze. Do Japonii si\u0119gamy, bo w Lubli\u0144cu go\u015bcimy wolontariuszy z Kraju Kwitn\u0105cej Wi\u015bni. I bezpo\u015brednio od nich chcemy us\u0142ysze\u0107 o kulturze na dalekim wschodzie. Co z tego powstanie? Kulturalne kombinacje! \ud83d\ude42<br>\nBli\u017cej \u015al\u0105ska<br>\nSpotkamy si\u0119 m.in. z Markiem Szo\u0142tyskiem \u2013 znawc\u0105 i krzewicielem gwary \u015bl\u0105skiej, autorem ksi\u0105\u017cek takich jak: \u201eElementarz \u015bl\u0105ski\u201d, \u201e\u015al\u0105zoczki piykne s\u0105\u201d czy \u201eKuchnia \u015bl\u0105ska\u201d. Kultur\u0119 naszego regionu przybli\u017ca\u0107 b\u0119dziemy na zaj\u0119ciach tanecznych i wokalnych, a na warsztatach artystycznych b\u0119dziemy czerpa\u0107 mocno z krajobrazu G\u00f3rnego \u015al\u0105ska. <\/p>\n\n\n\n<p>Ciekawymi zaj\u0119ciami na pewno b\u0119d\u0105 te prowadzone przez Uniwersytet Rozwoju. Dzieci dowiedz\u0105 si\u0119, jak powstaje smog i dlaczego jest gro\u017any dla naszego zdrowia. Wykonaj\u0105 nawet eksperyment, w kt\u00f3rym sprawdz\u0105 stopie\u0144 zanieczyszczenia powietrza! <br>\nBli\u017cej Japonii<br>\nJapo\u0144skie spotkania b\u0119d\u0105 pe\u0142ne opowie\u015bci o \u017cyciu codziennym w Kraju Kwitn\u0105cej Wi\u015bni, edukacji, \u015bwi\u0119tach i tradycjach. Swoimi do\u015bwiadczeniami podziel\u0105 si\u0119 wolontariusze \u2013 Risaki i Yosuke, a t\u0142umaczy\u0107 z j\u0119zyka japo\u0144skiego b\u0119dzie niezast\u0105piony Miros\u0142aw B\u0142aszczak, by\u0142y dyrektor Instytutu Polskiego w Tokyo. <br>\nB\u0119d\u0105 zaj\u0119cia z origami, b\u0119dzie nauka kaligrafii oraz\u2026 maneki  neko. Co to takiego? To japo\u0144skie koty z podniesion\u0105 \u0142apk\u0105, \u201eprzynosz\u0105ce szcz\u0119\u015bcie\u201d \u2013 ka\u017cdy z nas na pewno kojarzy je z widzenia. Na artystycznych warsztatach uczestnicy wykonaj\u0105 takie koty samodzielnie!<br>\nOpr\u00f3cz tego tradycyjnie \u2013 gry i zabawy ruchowe oraz kinowe poranki! Jedno jest pewne &#8211; dzieciaki w ferie w MDK nie b\u0119d\u0105 si\u0119 nudzi\u0107! Na niekt\u00f3re zaj\u0119cia obowi\u0105zuj\u0105 zapisy. Zapisy uruchamiamy 7 stycznia &#8211; telefonicznie lub osobi\u015bcie w MDK.<br>\nPe\u0142na rozpiska zaj\u0119\u0107 w ferie na stronie www.mdk.lubliniec.pl oraz na plakatach. <br>\n(\u017br\u00f3d\u0142o: MDK Lubliniec)<\/p>\n","protected":false},"excerpt":{"rendered":"<p>W tym roku w wojew\u00f3dztwie \u015bl\u0105skim ferie rozpoczynaj\u0105 si\u0119 rekordowo szybko. Ledwo dzieciaki wr\u00f3c\u0105 z przerwy \u015bwi\u0105teczno-norowrocznej ju\u017c zacznie si\u0119 kolejna przerwa. Nie trzeba<\/p>\n","protected":false},"author":7,"featured_media":9222,"comment_status":"open","ping_status":"open","sticky":false,"template":"","format":"standard","meta":{"_monsterinsights_skip_tracking":false,"_monsterinsights_sitenote_active":false,"_monsterinsights_sitenote_note":"","_monsterinsights_sitenote_category":0,"_uf_show_specific_survey":0,"_uf_disable_surveys":false,"footnotes":""},"categories":[15,41,12,25,94,2],"tags":[],"class_list":["post-9221","post","type-post","status-publish","format-standard","has-post-thumbnail","hentry","category-dla-dzieci","category-edukacja","category-kultura-i-rozrywka","category-lubliniec","category-polecane","category-wiadomosci"],"_links":{"self":[{"href":"https:\/\/gazetaregionalna.com\/index.php?rest_route=\/wp\/v2\/posts\/9221","targetHints":{"allow":["GET"]}}],"collection":[{"href":"https:\/\/gazetaregionalna.com\/index.php?rest_route=\/wp\/v2\/posts"}],"about":[{"href":"https:\/\/gazetaregionalna.com\/index.php?rest_route=\/wp\/v2\/types\/post"}],"author":[{"embeddable":true,"href":"https:\/\/gazetaregionalna.com\/index.php?rest_route=\/wp\/v2\/users\/7"}],"replies":[{"embeddable":true,"href":"https:\/\/gazetaregionalna.com\/index.php?rest_route=%2Fwp%2Fv2%2Fcomments&post=9221"}],"version-history":[{"count":1,"href":"https:\/\/gazetaregionalna.com\/index.php?rest_route=\/wp\/v2\/posts\/9221\/revisions"}],"predecessor-version":[{"id":9223,"href":"https:\/\/gazetaregionalna.com\/index.php?rest_route=\/wp\/v2\/posts\/9221\/revisions\/9223"}],"wp:featuredmedia":[{"embeddable":true,"href":"https:\/\/gazetaregionalna.com\/index.php?rest_route=\/wp\/v2\/media\/9222"}],"wp:attachment":[{"href":"https:\/\/gazetaregionalna.com\/index.php?rest_route=%2Fwp%2Fv2%2Fmedia&parent=9221"}],"wp:term":[{"taxonomy":"category","embeddable":true,"href":"https:\/\/gazetaregionalna.com\/index.php?rest_route=%2Fwp%2Fv2%2Fcategories&post=9221"},{"taxonomy":"post_tag","embeddable":true,"href":"https:\/\/gazetaregionalna.com\/index.php?rest_route=%2Fwp%2Fv2%2Ftags&post=9221"}],"curies":[{"name":"wp","href":"https:\/\/api.w.org\/{rel}","templated":true}]}}