{"id":9215,"date":"2020-01-09T09:22:46","date_gmt":"2020-01-09T09:22:46","guid":{"rendered":"https:\/\/gazetaregionalna.com\/?p=9215"},"modified":"2020-01-09T09:22:48","modified_gmt":"2020-01-09T09:22:48","slug":"gra-edukacyjna-pomoze-w-nauce-historii","status":"publish","type":"post","link":"https:\/\/gazetaregionalna.com\/?p=9215","title":{"rendered":"Gra edukacyjna pomo\u017ce w nauce historii"},"content":{"rendered":"\n<h2 class=\"wp-block-heading\">\n \u201eGodno\u015b\u0107,\nwolno\u015b\u0107 i niepodleg\u0142o\u015b\u0107\u201d, to nowa gra edukacyjna promowana\nprzez Ministerstwo Edukacja Narodowej. Zosta\u0142a przygotowana w ramach\nProjektu edukacyjnego MEN \u201eNiepodleg\u0142a na lata 2017\u20132021\u201d. Jak\nzapewnia ministerstwo, gra, to narz\u0119dzie, wspieraj\u0105ce proces\nedukacji uczni\u00f3w na wszystkich trzech poziomach edukacyjnych.<\/h2>\n\n\n\n<p>\nGra\nsk\u0142ada si\u0119 z 15 misji, kt\u00f3re swoj\u0105 tematyk\u0105 nawi\u0105zuj\u0105 do\nokresu odzyskania przez Polsk\u0119 niepodleg\u0142o\u015b\u0107 i s\u0105 zgodne z\npodstaw\u0105 programow\u0105, dzi\u0119ki czemu z powodzeniem mog\u0105 by\u0107\nwykorzystywane podczas zaj\u0119\u0107 lekcyjnych.<\/p>\n\n\n\n<p>\nNad\nnarz\u0119dziem edukacyjnym przez ostatnie miesi\u0105ce intensywnie pracowa\u0142\ninterdyscyplinarny zesp\u00f3\u0142, sk\u0142adaj\u0105cy si\u0119 z pracownik\u00f3w O\u015brodka\nRozwoju Edukacji i powo\u0142anych ekspert\u00f3w historyk\u00f3w oraz firma\ntechnologiczna, specjalizuj\u0105ca si\u0119 w gamifikacji.<\/p>\n\n\n\n<p>\nPlatforma\ninternetowa, na kt\u00f3rej udost\u0119pniono misje, znajduje si\u0119 pod\nadresem&nbsp;<a href=\"https:\/\/niepodlegla.men.gov.pl\/\" target=\"_blank\" rel=\"noopener\">www.niepodlegla.men.gov.pl<\/a>.\nJest ona podzielona &nbsp;na dwie strefy: stref\u0119 gracza, gdzie mo\u017cna\npodj\u0105\u0107 si\u0119 realizacji misji oraz stref\u0119 merytoryczn\u0105 z dost\u0119pem\nwymagaj\u0105cym podania has\u0142a. W strefie merytorycznej, do kt\u00f3rej\ndost\u0119p otrzymaj\u00b1 nauczyciele, b\u0119dzie mo\u017cna znale\u017a\u0107 specjalnie\nprzygotowane scenariusze lekcyjne, u\u0142atwiaj\u0105ce prowadzenie lekcji z\nwykorzystaniem gry.<\/p>\n\n\n\n<p>\nPodczas\ntest\u00f3w przeprowadzonych w 30 losowo wybranych szko\u0142ach nauczyciele\nwskazali, \u017ce gra jest pomocna w procesie nauczania oraz w ciekawy i\nnowatorski spos\u00f3b kszta\u0142tuje u uczni\u00f3w postawy patriotyczne i\nobywatelskie.&nbsp;<\/p>\n\n\n\n<p>\nObecnie\nplatforma wchodzi w faz\u0119 pilota\u017cu, kt\u00f3ry zaplanowany jest na p\u00f3\u0142\nroku i ma na celu weryfikacj\u0119 realizacji za\u0142o\u017ce\u0144 projektu, a\ntak\u017ce jego potencjalny rozw\u00f3j. Szczeg\u00f3\u0142owy plan pilota\u017cu i\ndodatkowe informacje b\u0119d\u0105 dystrybuowane do szk\u00f3\u0142 w ca\u0142ej Polsce\nw styczniu.<\/p>\n\n\n\n<p>\n(\u0179r\u00f3d\u0142o: MEN)<\/p>\n","protected":false},"excerpt":{"rendered":"<p>\u201eGodno\u015b\u0107, wolno\u015b\u0107 i niepodleg\u0142o\u015b\u0107\u201d, to nowa gra edukacyjna promowana przez Ministerstwo Edukacja Narodowej. Zosta\u0142a przygotowana w ramach Projektu edukacyjnego MEN \u201eNiepodleg\u0142a na lata 2017\u20132021\u201d.<\/p>\n","protected":false},"author":7,"featured_media":9216,"comment_status":"open","ping_status":"open","sticky":false,"template":"","format":"standard","meta":{"_monsterinsights_skip_tracking":false,"_monsterinsights_sitenote_active":false,"_monsterinsights_sitenote_note":"","_monsterinsights_sitenote_category":0,"_uf_show_specific_survey":0,"_uf_disable_surveys":false,"footnotes":""},"categories":[3,41,94,2],"tags":[],"class_list":["post-9215","post","type-post","status-publish","format-standard","has-post-thumbnail","hentry","category-czestochowa-informacje","category-edukacja","category-polecane","category-wiadomosci"],"_links":{"self":[{"href":"https:\/\/gazetaregionalna.com\/index.php?rest_route=\/wp\/v2\/posts\/9215","targetHints":{"allow":["GET"]}}],"collection":[{"href":"https:\/\/gazetaregionalna.com\/index.php?rest_route=\/wp\/v2\/posts"}],"about":[{"href":"https:\/\/gazetaregionalna.com\/index.php?rest_route=\/wp\/v2\/types\/post"}],"author":[{"embeddable":true,"href":"https:\/\/gazetaregionalna.com\/index.php?rest_route=\/wp\/v2\/users\/7"}],"replies":[{"embeddable":true,"href":"https:\/\/gazetaregionalna.com\/index.php?rest_route=%2Fwp%2Fv2%2Fcomments&post=9215"}],"version-history":[{"count":1,"href":"https:\/\/gazetaregionalna.com\/index.php?rest_route=\/wp\/v2\/posts\/9215\/revisions"}],"predecessor-version":[{"id":9217,"href":"https:\/\/gazetaregionalna.com\/index.php?rest_route=\/wp\/v2\/posts\/9215\/revisions\/9217"}],"wp:featuredmedia":[{"embeddable":true,"href":"https:\/\/gazetaregionalna.com\/index.php?rest_route=\/wp\/v2\/media\/9216"}],"wp:attachment":[{"href":"https:\/\/gazetaregionalna.com\/index.php?rest_route=%2Fwp%2Fv2%2Fmedia&parent=9215"}],"wp:term":[{"taxonomy":"category","embeddable":true,"href":"https:\/\/gazetaregionalna.com\/index.php?rest_route=%2Fwp%2Fv2%2Fcategories&post=9215"},{"taxonomy":"post_tag","embeddable":true,"href":"https:\/\/gazetaregionalna.com\/index.php?rest_route=%2Fwp%2Fv2%2Ftags&post=9215"}],"curies":[{"name":"wp","href":"https:\/\/api.w.org\/{rel}","templated":true}]}}