{"id":92114,"date":"2022-09-11T19:03:25","date_gmt":"2022-09-11T19:03:25","guid":{"rendered":"https:\/\/gazetaregionalna.com\/?p=92114"},"modified":"2022-09-13T11:16:55","modified_gmt":"2022-09-13T11:16:55","slug":"porazka-wlokniarza-w-toruniu-w-pierwszym-meczu-o-brazowy-medal","status":"publish","type":"post","link":"https:\/\/gazetaregionalna.com\/?p=92114","title":{"rendered":"Pora\u017cka W\u0142\u00f3kniarza w Toruniu w pierwszym meczu o br\u0105zowy medal"},"content":{"rendered":"\n<p>\u017bu\u017clowcy zielona-energia.com W\u0142\u00f3kniarz Cz\u0119stochowa przegrali w niedziel\u0119 w Toruniu z For Nature Solutions Apator 44:46 w pierwszym meczu o br\u0105zowy medale w PGE Ekstralidze.<\/p>\n\n\n\n<p>Cz\u0119stochowscy \u017cu\u017clowcy po pora\u017cce w p\u00f3\u0142finale z Moje Bermudy Stal\u0105 Gorz\u00f3w rozpocz\u0119li w niedziel\u0119 walk\u0119 o br\u0105zowe medale z For Nature Solutions Apator Toru\u0144. W pierwszym meczu w Toruniu cz\u0119stochowianie przegrali 44:46. Tym razem zabrak\u0142o punkt\u00f3w Leona Madsena i Fredrika Lindgrena. We dw\u00f3ch zdobyli \u0142\u0105cznie&#8230; 10 punkt\u00f3w.<\/p>\n\n\n\n<p>Cz\u0119stochowianie mieli szans\u0119 na zwyci\u0119stwo. Przed biegami nominowanymi W\u0142\u00f3kniarz prowadzi\u0142 40:38. Niestety, ale w 14. biegu Leon Madsen i Fredrik Lindgren przegrali 1:5 z Patrykiem Dudkiem i Robertem Lambertem. Przed ostatnim wy\u015bcigiem W\u0142\u00f3kniarz przegrywa\u0142 43:41, ale nadal mia\u0142 szans\u0119 na zwyci\u0119stwo. Trzeba by\u0142o tylko wygra\u0107 ostatni bieg 5:1 lub 4:2, aby zapewni\u0107 sobie remis.<\/p>\n\n\n\n<p>Tak si\u0119 jednak nie sta\u0142o. Bardzo dobrze dysponowany w niedziel\u0119 Jack Holder wygra\u0142 wy\u015bcig, zapewni\u0142 Apatorowi remis w biegu i zwyci\u0119stwo w meczu 46:44.<\/p>\n\n\n\n<p>Rewan\u017c odb\u0119dzie si\u0119 w Cz\u0119stochowie 24 wrze\u015bnia.<\/p>\n\n\n\n<p><strong>AK<\/strong>, fot: <strong>Grzegorz Misiak<\/strong> (W\u0142\u00f3kniarz Cz\u0119stochowa)<\/p>\n\n\n\n<p><strong>For Nature Solutions Apator Toru\u0144 \u2013 46<\/strong><\/p>\n\n\n\n<p>Robert Lambert 9 (2,1,2,1,1,2)<\/p>\n\n\n\n<p>Jack Holder 16 (2,3,2,3,3,3)<\/p>\n\n\n\n<p>Pawe\u0142 Przedpe\u0142ski 11 (1,3,2,3,2,0)<\/p>\n\n\n\n<p>zast\u0119pstwo zawodnika<\/p>\n\n\n\n<p>Patryk Dudek 9 (2,1,3,0,0,3)<\/p>\n\n\n\n<p>Mateusz Affelt 0 (0,0,-)<\/p>\n\n\n\n<p>Krzysztof Lewandowski 1 (1,0,w)<\/p>\n\n\n\n<p>Denis Zieli\u0144ski 0 (0)<\/p>\n\n\n\n<p><strong>zielona-energia.com W\u0142\u00f3kniarz Cz\u0119stochowa \u2013 44<\/strong><\/p>\n\n\n\n<p>Leon Madsen 5 (0,2,3,0,0)<\/p>\n\n\n\n<p>Bartosz Smekta\u0142a 8 (0,3,0,3,2)<\/p>\n\n\n\n<p>Kacper Woryna 11 (3,3,2,2,1)<\/p>\n\n\n\n<p>Jonas Jeppesen ns<\/p>\n\n\n\n<p>Fredrik Lindgren 5 (1,1,1,1,1)<\/p>\n\n\n\n<p>Jakub Mi\u015bkowiak 10 (3,3,0,2,2)<\/p>\n\n\n\n<p>Mateusz \u015awidnicki 5 (2,1,d,1,1)<\/p>\n\n\n\n<p>Kajetan Kupiec ns<\/p>\n\n\n\n<p><strong>Bieg po biegu:<\/strong><\/p>\n\n\n\n<p>1. Woryna, Lambert, Przedpe\u0142ski, Madsen 3:3<\/p>\n\n\n\n<p>2. Mi\u015bkowiak, \u015awidnicki, Lewandowski, Affelt 1:5\/4:8<\/p>\n\n\n\n<p>3. Przedpe\u0142ski, Dudek, Lindgren, Smekta\u0142a 5:1\/9:9<\/p>\n\n\n\n<p>4. Mi\u015bkowiak, Holder, \u015awidnicki, Affelt 2:4\/11:13<\/p>\n\n\n\n<p>5. Woryna, Przedpe\u0142ski, Lambert, Mi\u015bkowiak 3:3\/14:16<\/p>\n\n\n\n<p>6. Smekta\u0142a, Madsen, Dudek, Lewandowski 1:5\/15:21<\/p>\n\n\n\n<p>7. Holder, Lambert, Lindgren, \u015awidnicki (d) 5:1\/20:22<\/p>\n\n\n\n<p>8. Dudek, Woryna, \u015awidnicki, Zieli\u0144ski 3:3\/23:25<\/p>\n\n\n\n<p>9. Madsen, Holder, Lambert, Smekta\u0142a 3:3\/26:28<\/p>\n\n\n\n<p>10. Przedpe\u0142ski, Mi\u015bkowiak, Lindgren, Dudek 3:3\/29:31<\/p>\n\n\n\n<p>11. Holder, Mi\u015bkowiak, Lambert, Madsen 4:2\/33:33<\/p>\n\n\n\n<p>12. Smekta\u0142a, Przedpe\u0142ski, \u015awidnicki, Lewandowski (w) 2:4\/35:37<\/p>\n\n\n\n<p>13. Holder, Woryna, Lindgren, Dudek 3:3\/38:40<\/p>\n\n\n\n<p>14. Dudek, Lambert, Lindgren, Madsen 5:1\/43:41<\/p>\n\n\n\n<p>15. Holder, Smekta\u0142a, Woryna, Przedpe\u0142ski 3:3\/46:44<\/p>\n\n\n\n<figure class=\"wp-block-image size-large\"><img decoding=\"async\" width=\"1024\" height=\"685\" data-src=\"https:\/\/gazetaregionalna.com\/wp-content\/uploads\/2022\/09\/Apator-Wlokniarz-fot-Grzegorz-Misiak-3-1024x685.jpg\" alt=\"\" class=\"wp-image-92117 lazyload\" data-srcset=\"https:\/\/gazetaregionalna.com\/wp-content\/uploads\/2022\/09\/Apator-Wlokniarz-fot-Grzegorz-Misiak-3-1024x685.jpg 1024w, https:\/\/gazetaregionalna.com\/wp-content\/uploads\/2022\/09\/Apator-Wlokniarz-fot-Grzegorz-Misiak-3-300x201.jpg 300w, https:\/\/gazetaregionalna.com\/wp-content\/uploads\/2022\/09\/Apator-Wlokniarz-fot-Grzegorz-Misiak-3-768x514.jpg 768w, https:\/\/gazetaregionalna.com\/wp-content\/uploads\/2022\/09\/Apator-Wlokniarz-fot-Grzegorz-Misiak-3-1536x1028.jpg 1536w, https:\/\/gazetaregionalna.com\/wp-content\/uploads\/2022\/09\/Apator-Wlokniarz-fot-Grzegorz-Misiak-3-696x466.jpg 696w, https:\/\/gazetaregionalna.com\/wp-content\/uploads\/2022\/09\/Apator-Wlokniarz-fot-Grzegorz-Misiak-3-1068x715.jpg 1068w, https:\/\/gazetaregionalna.com\/wp-content\/uploads\/2022\/09\/Apator-Wlokniarz-fot-Grzegorz-Misiak-3-628x420.jpg 628w, https:\/\/gazetaregionalna.com\/wp-content\/uploads\/2022\/09\/Apator-Wlokniarz-fot-Grzegorz-Misiak-3-scaled.jpg 1600w\" data-sizes=\"(max-width: 1024px) 100vw, 1024px\" src=\"data:image\/svg+xml;base64,PHN2ZyB3aWR0aD0iMSIgaGVpZ2h0PSIxIiB4bWxucz0iaHR0cDovL3d3dy53My5vcmcvMjAwMC9zdmciPjwvc3ZnPg==\" style=\"--smush-placeholder-width: 1024px; --smush-placeholder-aspect-ratio: 1024\/685;\" \/><\/figure>\n\n\n\n<figure class=\"wp-block-image size-large\"><img decoding=\"async\" width=\"1024\" height=\"673\" data-src=\"https:\/\/gazetaregionalna.com\/wp-content\/uploads\/2022\/09\/Apator-Wlokniarz-fot-Grzegorz-Misiak-2-1024x673.jpg\" alt=\"\" class=\"wp-image-92116 lazyload\" data-srcset=\"https:\/\/gazetaregionalna.com\/wp-content\/uploads\/2022\/09\/Apator-Wlokniarz-fot-Grzegorz-Misiak-2-1024x673.jpg 1024w, https:\/\/gazetaregionalna.com\/wp-content\/uploads\/2022\/09\/Apator-Wlokniarz-fot-Grzegorz-Misiak-2-300x197.jpg 300w, https:\/\/gazetaregionalna.com\/wp-content\/uploads\/2022\/09\/Apator-Wlokniarz-fot-Grzegorz-Misiak-2-768x505.jpg 768w, https:\/\/gazetaregionalna.com\/wp-content\/uploads\/2022\/09\/Apator-Wlokniarz-fot-Grzegorz-Misiak-2-1536x1009.jpg 1536w, https:\/\/gazetaregionalna.com\/wp-content\/uploads\/2022\/09\/Apator-Wlokniarz-fot-Grzegorz-Misiak-2-696x457.jpg 696w, https:\/\/gazetaregionalna.com\/wp-content\/uploads\/2022\/09\/Apator-Wlokniarz-fot-Grzegorz-Misiak-2-1068x702.jpg 1068w, https:\/\/gazetaregionalna.com\/wp-content\/uploads\/2022\/09\/Apator-Wlokniarz-fot-Grzegorz-Misiak-2-1920x1261.jpg 1920w, https:\/\/gazetaregionalna.com\/wp-content\/uploads\/2022\/09\/Apator-Wlokniarz-fot-Grzegorz-Misiak-2-639x420.jpg 639w, https:\/\/gazetaregionalna.com\/wp-content\/uploads\/2022\/09\/Apator-Wlokniarz-fot-Grzegorz-Misiak-2-741x486.jpg 741w, https:\/\/gazetaregionalna.com\/wp-content\/uploads\/2022\/09\/Apator-Wlokniarz-fot-Grzegorz-Misiak-2-scaled.jpg 1600w\" data-sizes=\"(max-width: 1024px) 100vw, 1024px\" src=\"data:image\/svg+xml;base64,PHN2ZyB3aWR0aD0iMSIgaGVpZ2h0PSIxIiB4bWxucz0iaHR0cDovL3d3dy53My5vcmcvMjAwMC9zdmciPjwvc3ZnPg==\" style=\"--smush-placeholder-width: 1024px; --smush-placeholder-aspect-ratio: 1024\/673;\" \/><\/figure>\n\n\n\n<figure class=\"wp-block-image size-large\"><img decoding=\"async\" width=\"1024\" height=\"712\" data-src=\"https:\/\/gazetaregionalna.com\/wp-content\/uploads\/2022\/09\/Apator-Wlokniarz-fot-grzegorz-Misiak-1-1024x712.jpg\" alt=\"\" class=\"wp-image-92115 lazyload\" data-srcset=\"https:\/\/gazetaregionalna.com\/wp-content\/uploads\/2022\/09\/Apator-Wlokniarz-fot-grzegorz-Misiak-1-1024x712.jpg 1024w, https:\/\/gazetaregionalna.com\/wp-content\/uploads\/2022\/09\/Apator-Wlokniarz-fot-grzegorz-Misiak-1-300x209.jpg 300w, https:\/\/gazetaregionalna.com\/wp-content\/uploads\/2022\/09\/Apator-Wlokniarz-fot-grzegorz-Misiak-1-768x534.jpg 768w, https:\/\/gazetaregionalna.com\/wp-content\/uploads\/2022\/09\/Apator-Wlokniarz-fot-grzegorz-Misiak-1-1536x1068.jpg 1536w, https:\/\/gazetaregionalna.com\/wp-content\/uploads\/2022\/09\/Apator-Wlokniarz-fot-grzegorz-Misiak-1-696x484.jpg 696w, https:\/\/gazetaregionalna.com\/wp-content\/uploads\/2022\/09\/Apator-Wlokniarz-fot-grzegorz-Misiak-1-1068x743.jpg 1068w, https:\/\/gazetaregionalna.com\/wp-content\/uploads\/2022\/09\/Apator-Wlokniarz-fot-grzegorz-Misiak-1-1920x1335.jpg 1920w, https:\/\/gazetaregionalna.com\/wp-content\/uploads\/2022\/09\/Apator-Wlokniarz-fot-grzegorz-Misiak-1-604x420.jpg 604w, https:\/\/gazetaregionalna.com\/wp-content\/uploads\/2022\/09\/Apator-Wlokniarz-fot-grzegorz-Misiak-1-100x70.jpg 100w, https:\/\/gazetaregionalna.com\/wp-content\/uploads\/2022\/09\/Apator-Wlokniarz-fot-grzegorz-Misiak-1-scaled.jpg 1600w\" data-sizes=\"(max-width: 1024px) 100vw, 1024px\" src=\"data:image\/svg+xml;base64,PHN2ZyB3aWR0aD0iMSIgaGVpZ2h0PSIxIiB4bWxucz0iaHR0cDovL3d3dy53My5vcmcvMjAwMC9zdmciPjwvc3ZnPg==\" style=\"--smush-placeholder-width: 1024px; --smush-placeholder-aspect-ratio: 1024\/712;\" \/><\/figure>\n","protected":false},"excerpt":{"rendered":"<p>\u017bu\u017clowcy zielona-energia.com W\u0142\u00f3kniarz Cz\u0119stochowa przegrali w niedziel\u0119 w Toruniu z For Nature Solutions Apator 44:46 w pierwszym meczu o br\u0105zowy medale w PGE Ekstralidze.<\/p>\n","protected":false},"author":15,"featured_media":92117,"comment_status":"closed","ping_status":"open","sticky":false,"template":"","format":"standard","meta":{"_monsterinsights_skip_tracking":false,"_monsterinsights_sitenote_active":false,"_monsterinsights_sitenote_note":"","_monsterinsights_sitenote_category":0,"_uf_show_specific_survey":0,"_uf_disable_surveys":false,"footnotes":""},"categories":[94,5,7],"tags":[],"class_list":["post-92114","post","type-post","status-publish","format-standard","has-post-thumbnail","hentry","category-polecane","category-sport","category-zuzel"],"_links":{"self":[{"href":"https:\/\/gazetaregionalna.com\/index.php?rest_route=\/wp\/v2\/posts\/92114","targetHints":{"allow":["GET"]}}],"collection":[{"href":"https:\/\/gazetaregionalna.com\/index.php?rest_route=\/wp\/v2\/posts"}],"about":[{"href":"https:\/\/gazetaregionalna.com\/index.php?rest_route=\/wp\/v2\/types\/post"}],"author":[{"embeddable":true,"href":"https:\/\/gazetaregionalna.com\/index.php?rest_route=\/wp\/v2\/users\/15"}],"replies":[{"embeddable":true,"href":"https:\/\/gazetaregionalna.com\/index.php?rest_route=%2Fwp%2Fv2%2Fcomments&post=92114"}],"version-history":[{"count":2,"href":"https:\/\/gazetaregionalna.com\/index.php?rest_route=\/wp\/v2\/posts\/92114\/revisions"}],"predecessor-version":[{"id":92297,"href":"https:\/\/gazetaregionalna.com\/index.php?rest_route=\/wp\/v2\/posts\/92114\/revisions\/92297"}],"wp:featuredmedia":[{"embeddable":true,"href":"https:\/\/gazetaregionalna.com\/index.php?rest_route=\/wp\/v2\/media\/92117"}],"wp:attachment":[{"href":"https:\/\/gazetaregionalna.com\/index.php?rest_route=%2Fwp%2Fv2%2Fmedia&parent=92114"}],"wp:term":[{"taxonomy":"category","embeddable":true,"href":"https:\/\/gazetaregionalna.com\/index.php?rest_route=%2Fwp%2Fv2%2Fcategories&post=92114"},{"taxonomy":"post_tag","embeddable":true,"href":"https:\/\/gazetaregionalna.com\/index.php?rest_route=%2Fwp%2Fv2%2Ftags&post=92114"}],"curies":[{"name":"wp","href":"https:\/\/api.w.org\/{rel}","templated":true}]}}