{"id":92091,"date":"2022-09-10T23:08:42","date_gmt":"2022-09-10T23:08:42","guid":{"rendered":"https:\/\/gazetaregionalna.com\/?p=92091"},"modified":"2022-09-11T18:56:36","modified_gmt":"2022-09-11T18:56:36","slug":"plasanie-na-bieganie","status":"publish","type":"post","link":"https:\/\/gazetaregionalna.com\/?p=92091","title":{"rendered":"&#8222;Pl\u0105sanie na Bieganie&#8221;. Do wsp\u00f3lnej zabawy zaprasza Stowarzyszenie Yava"},"content":{"rendered":"\n<h2 class=\"wp-block-heading\">&#8222;Pl\u0105sanie na Bieganie&#8221; to najnowsza propozycja przygotowana przez Stowarzyszenie Yava. W ramach wtorkowej akcji nie braknie pokaz\u00f3w ta\u0144ca, zaj\u0119\u0107 plastycznych oraz atrakcji dla dzieci w ka\u017cdym wieku.<\/h2>\n\n\n\n<p>We wtorek, 13 wrze\u015bnia cz\u0119stochowskie <a href=\"https:\/\/www.facebook.com\/yava.czest\/\" target=\"_blank\" rel=\"noopener\">Stowarzyszenie Yava<\/a> zaprasza na akcj\u0119 pod has\u0142em &#8222;Pl\u0105sanie na Bieganie&#8221;. Start ju\u017c o godz. 15!<\/p>\n\n\n\n<p>Wydarzenie ma na celu integracj\u0119 m\u0142odzie\u017cy&nbsp;polskiej i ukrai\u0144skiej. -Poprzez zaj\u0119cia taneczne, plastyczne i zabaw\u0119 chcemy wspiera\u0107 dzieci w obliczu&nbsp;trudnych wydarze\u0144 takich jak wojna czy przemoc domowa. Za pomoc\u0105 sztuki czy ta\u0144ca mo\u017cna opowiedzie\u0107 histori\u0119 bez u\u017cycia s\u0142\u00f3w. Tym sposobem mo\u017cliwe u\u015bwiadomienie, przetworzenie i&nbsp;przepracowanie traum wyst\u0119puj\u0105cych w dzieciach &#8211; zaznacza organizator. <\/p>\n\n\n\n<p>W ramach wtorkowej akcji przewidziano\u00a0pokazy ta\u0144ca dw\u00f3ch popularnych w Cz\u0119stochowie szk\u00f3\u0142 ta\u0144ca, liczne zaj\u0119cia plastyczne organizowane\u00a0przez do\u015bwiadczonych plastyk\u00f3w oraz atrakcje dla dzieci w ka\u017cdym wieku. Z kolei z my\u015bl\u0105 o\u00a0m\u0142odzie\u017cy zaplanowano mo\u017cliwo\u015b\u0107 spr\u00f3bowania koktajli bezalkoholowych, pokaz pierwszej\u00a0pomocy, a tak\u017ce bezp\u0142atne porady fizjoterapeuty. <\/p>\n\n\n\n<p>Szczeg\u00f3\u0142y: <a href=\"http:\/\/yava.czest.pl\/?fbclid=IwAR2PiWO7B7qrALEnMukc6z4XU66-qs7juud6_z1QOZwNAKFUWi7URZSRLeY\" rel=\"noreferrer noopener\" target=\"_blank\">yava.czest.pl<\/a>.<\/p>\n\n\n\n<p><strong>ZS<\/strong><\/p>\n\n\n\n<p><a href=\"https:\/\/gazetaregionalna.com\/czestochowska-galeria-yava\/\"><strong>Czytaj tak\u017ce: Cz\u0119stochowska Galeria Yava. Tu kupisz niezwyk\u0142e prezenty, kt\u00f3re tworz\u0105 osoby z niepe\u0142nosprawno\u015bciami<\/strong><\/a><\/p>\n","protected":false},"excerpt":{"rendered":"<p>&#8222;Pl\u0105sanie na Bieganie&#8221; to najnowsza propozycja przygotowana przez Stowarzyszenie Yava. W ramach wtorkowej akcji nie braknie pokaz\u00f3w ta\u0144ca, zaj\u0119\u0107 plastycznych oraz atrakcji dla dzieci<\/p>\n","protected":false},"author":18,"featured_media":92094,"comment_status":"closed","ping_status":"open","sticky":false,"template":"","format":"standard","meta":{"_monsterinsights_skip_tracking":false,"_monsterinsights_sitenote_active":false,"_monsterinsights_sitenote_note":"","_monsterinsights_sitenote_category":0,"_uf_show_specific_survey":0,"_uf_disable_surveys":false,"footnotes":""},"categories":[12,3,41,97,2],"tags":[555,5520,644,4576],"class_list":["post-92091","post","type-post","status-publish","format-standard","has-post-thumbnail","hentry","category-kultura-i-rozrywka","category-czestochowa-informacje","category-edukacja","category-rodzina","category-wiadomosci","tag-akcja","tag-integracja","tag-plac-bieganskiego","tag-stowarzyszenie-yava"],"_links":{"self":[{"href":"https:\/\/gazetaregionalna.com\/index.php?rest_route=\/wp\/v2\/posts\/92091","targetHints":{"allow":["GET"]}}],"collection":[{"href":"https:\/\/gazetaregionalna.com\/index.php?rest_route=\/wp\/v2\/posts"}],"about":[{"href":"https:\/\/gazetaregionalna.com\/index.php?rest_route=\/wp\/v2\/types\/post"}],"author":[{"embeddable":true,"href":"https:\/\/gazetaregionalna.com\/index.php?rest_route=\/wp\/v2\/users\/18"}],"replies":[{"embeddable":true,"href":"https:\/\/gazetaregionalna.com\/index.php?rest_route=%2Fwp%2Fv2%2Fcomments&post=92091"}],"version-history":[{"count":4,"href":"https:\/\/gazetaregionalna.com\/index.php?rest_route=\/wp\/v2\/posts\/92091\/revisions"}],"predecessor-version":[{"id":92112,"href":"https:\/\/gazetaregionalna.com\/index.php?rest_route=\/wp\/v2\/posts\/92091\/revisions\/92112"}],"wp:featuredmedia":[{"embeddable":true,"href":"https:\/\/gazetaregionalna.com\/index.php?rest_route=\/wp\/v2\/media\/92094"}],"wp:attachment":[{"href":"https:\/\/gazetaregionalna.com\/index.php?rest_route=%2Fwp%2Fv2%2Fmedia&parent=92091"}],"wp:term":[{"taxonomy":"category","embeddable":true,"href":"https:\/\/gazetaregionalna.com\/index.php?rest_route=%2Fwp%2Fv2%2Fcategories&post=92091"},{"taxonomy":"post_tag","embeddable":true,"href":"https:\/\/gazetaregionalna.com\/index.php?rest_route=%2Fwp%2Fv2%2Ftags&post=92091"}],"curies":[{"name":"wp","href":"https:\/\/api.w.org\/{rel}","templated":true}]}}