{"id":92011,"date":"2022-09-09T07:32:51","date_gmt":"2022-09-09T07:32:51","guid":{"rendered":"https:\/\/gazetaregionalna.com\/?p=92011"},"modified":"2022-09-09T07:32:52","modified_gmt":"2022-09-09T07:32:52","slug":"wozek-dla-kolejnego-dziecka-urodzonego-dzieki-in-vitro","status":"publish","type":"post","link":"https:\/\/gazetaregionalna.com\/?p=92011","title":{"rendered":"W\u00f3zek dla kolejnego dziecka, urodzonego dzi\u0119ki in vitro"},"content":{"rendered":"\n<p><strong>Ch\u0142opczyk przyszed\u0142 na \u015bwiat 13 sierpnia dzi\u0119ki cz\u0119stochowskiemu programowi dofinansowania procedury in vitro dla par staraj\u0105cych si\u0119 o dzieci.<\/strong><\/p>\n\n\n\n<p>Tym razem procedura zosta\u0142a przeprowadzona w klinice PROVITA w Katowicach.<br>Do tej pory, dzi\u0119ki cz\u0119stochowskiemu programowi od 2012 r. urodzi\u0142o si\u0119\u00a071 dzieci\u00a0(34 dziewczynek oraz 37 ch\u0142opc\u00f3w) \u2013\u00a0w tym 8 par bli\u017aniak\u00f3w.<\/p>\n\n\n\n<p>Od pierwszej edycji program wspiera cz\u0119stochowska firma Deltim, kt\u00f3ra ka\u017cdemu dziecku funduje w\u00f3zek w\u0142asnej produkcji. Kolejny z nich trafi\u0142 dzi\u015b do rodzic\u00f3w malucha.<\/p>\n\n\n\n<p>LN\/UM Cz\u0119stochowy<\/p>\n","protected":false},"excerpt":{"rendered":"<p>Ch\u0142opczyk przyszed\u0142 na \u015bwiat 13 sierpnia dzi\u0119ki cz\u0119stochowskiemu programowi dofinansowania procedury in vitro dla par staraj\u0105cych si\u0119 o dzieci. Tym razem procedura zosta\u0142a przeprowadzona<\/p>\n","protected":false},"author":26,"featured_media":0,"comment_status":"closed","ping_status":"open","sticky":false,"template":"","format":"standard","meta":{"_monsterinsights_skip_tracking":false,"_monsterinsights_sitenote_active":false,"_monsterinsights_sitenote_note":"","_monsterinsights_sitenote_category":0,"_uf_show_specific_survey":0,"_uf_disable_surveys":false,"footnotes":""},"categories":[3,2],"tags":[144,1134,393,6146,4747,6145],"class_list":["post-92011","post","type-post","status-publish","format-standard","hentry","category-czestochowa-informacje","category-wiadomosci","tag-czestochowa","tag-dzieci","tag-in-vitro","tag-provita","tag-um-czestochowy","tag-wozek"],"_links":{"self":[{"href":"https:\/\/gazetaregionalna.com\/index.php?rest_route=\/wp\/v2\/posts\/92011","targetHints":{"allow":["GET"]}}],"collection":[{"href":"https:\/\/gazetaregionalna.com\/index.php?rest_route=\/wp\/v2\/posts"}],"about":[{"href":"https:\/\/gazetaregionalna.com\/index.php?rest_route=\/wp\/v2\/types\/post"}],"author":[{"embeddable":true,"href":"https:\/\/gazetaregionalna.com\/index.php?rest_route=\/wp\/v2\/users\/26"}],"replies":[{"embeddable":true,"href":"https:\/\/gazetaregionalna.com\/index.php?rest_route=%2Fwp%2Fv2%2Fcomments&post=92011"}],"version-history":[{"count":1,"href":"https:\/\/gazetaregionalna.com\/index.php?rest_route=\/wp\/v2\/posts\/92011\/revisions"}],"predecessor-version":[{"id":92012,"href":"https:\/\/gazetaregionalna.com\/index.php?rest_route=\/wp\/v2\/posts\/92011\/revisions\/92012"}],"wp:attachment":[{"href":"https:\/\/gazetaregionalna.com\/index.php?rest_route=%2Fwp%2Fv2%2Fmedia&parent=92011"}],"wp:term":[{"taxonomy":"category","embeddable":true,"href":"https:\/\/gazetaregionalna.com\/index.php?rest_route=%2Fwp%2Fv2%2Fcategories&post=92011"},{"taxonomy":"post_tag","embeddable":true,"href":"https:\/\/gazetaregionalna.com\/index.php?rest_route=%2Fwp%2Fv2%2Ftags&post=92011"}],"curies":[{"name":"wp","href":"https:\/\/api.w.org\/{rel}","templated":true}]}}