{"id":91893,"date":"2022-09-08T06:59:57","date_gmt":"2022-09-08T06:59:57","guid":{"rendered":"https:\/\/gazetaregionalna.com\/?p=91893"},"modified":"2022-09-08T07:00:41","modified_gmt":"2022-09-08T07:00:41","slug":"szczepienie-najwazniejszy-krok-do-ochrony-przeciwko-grypie","status":"publish","type":"post","link":"https:\/\/gazetaregionalna.com\/?p=91893","title":{"rendered":"Szczepienie \u2013 najwa\u017cniejszy krok do ochrony przeciwko grypie"},"content":{"rendered":"\n<p><strong>Co roku na gryp\u0119 choruje w Polsce ponad milion os\u00f3b, dlatego <strong>ju\u017c teraz warto podj\u0105\u0107 dzia\u0142ania profilaktyczne, spo\u015br\u00f3d kt\u00f3rych najwa\u017cniejsze jest szczepienie.<\/strong> Sezon zachorowa\u0144 zaczyna si\u0119 w pa\u017adzierniku, a ko\u0144czy w kwietniu.<\/strong><\/p>\n\n\n\n<p>Wirusem grypy \u0142atwo si\u0119 zakazi\u0107. Przenosi si\u0119 drog\u0105 kropelkow\u0105 oraz przez dotyk powierzchni ska\u017conej. Noszenie maseczek, cz\u0119ste mycie r\u0105k i niedotykanie twarzy, kiedy jeste\u015bmy poza domem, ograniczaj\u0105 ryzyko zaka\u017cenia tylko do pewnego stopnia.<\/p>\n\n\n\n<p>Ca\u0142kowite unikni\u0119cie kontaktu z wirusem nie jest mo\u017cliwe, dlatego warto zawczasu uodporni\u0107 si\u0119 na niego dzi\u0119ki szczepieniu. Szczepienia zapobiegaj\u0105 zachorowaniom w 40\u201270% w zale\u017cno\u015bci od sezonu grypowego i populacji os\u00f3b szczepionych. Ta forma profilaktyki chroni r\u00f3wnie\u017c przed powik\u0142aniami pogrypowymi.<\/p>\n\n\n\n<p><strong>Szczepienie refundowane tylko dla wybranych<\/strong><\/p>\n\n\n\n<p>W nadchodz\u0105cym sezonie Narodowy Fundusz Zdrowia zdecydowa\u0142 o 100% refundacji szczepie\u0144 na gryp\u0119 jedynie dla dw\u00f3ch grup: senior\u00f3w powy\u017cej 75 roku \u017cycia oraz kobiet w ci\u0105\u017cy. Na stronie Ministerstwa Zdrowia poinformowano, \u017ce zabezpieczono oko\u0142o 2 mln szczepionek przeciw grypie.<\/p>\n\n\n\n<p>Tymczasem co roku w Polsce na gryp\u0119 choruje ponad milion os\u00f3b. W sezonie 2021\/22 zaszczepi\u0142o si\u0119 przeciw niej 7% Polak\u00f3w. To bardzo ma\u0142o w por\u00f3wnaniu na przyk\u0142ad z krajami Europy Zachodniej.<\/p>\n\n\n\n<p>&#8211; Szczepionka chroni przed zachorowaniem, co jest wa\u017cne u os\u00f3b ze zwi\u0119kszonym ryzykiem powik\u0142a\u0144 pogrypowych. W ci\u0105gu ostatnich 2 lat zachorowa\u0144 na gryp\u0119 by\u0142o mniej i tym samym spad\u0142a odporno\u015b\u0107 populacyjna. Natomiast w tym sezonie zachorowa\u0144 mo\u017ce by\u0107 wyj\u0105tkowo du\u017co, co w\u0142a\u015bnie obserwujemy na p\u00f3\u0142kuli po\u0142udniowej. Dlatego powinni\u015bmy si\u0119 szczepi\u0107, aby przygotowa\u0107 si\u0119 na sezon grypowy \u2013 t\u0142umaczy dr n. med. Bo\u017cena Jachimczak.<\/p>\n\n\n\n<p><strong>Szczepionki na gryp\u0119 \u2013 bezpieczne?<\/strong><\/p>\n\n\n\n<p>Szczepionki przeciw grypie nie wywo\u0142uj\u0105 grypy. Preparaty stosowane u os\u00f3b doros\u0142ych zawieraj\u0105 nieaktywne cz\u0105stki wirusa grypy lub tylko jego bia\u0142ka powierzchniowe, ca\u0142kowicie inaktywowane i niezdolne do namna\u017cania.<\/p>\n\n\n\n<p>Po ich zastosowaniu mo\u017cliwe jest natomiast chwilowe pogorszenie samopoczucia, niewielka gor\u0105czka czy zaczerwienienie w miejscu podania \u2013 typowe odczyny poszczepienne, nie oznaczaj\u0105ce rozwoju choroby.<\/p>\n\n\n\n<p>Szczepienia nabieraj\u0105 szczeg\u00f3lnego znaczenia w kontek\u015bcie sytuacji pandemicznej. Zima 2022\/2023 to kolejny sezon wsp\u00f3\u0142wyst\u0119powania wirusowych infekcji dr\u00f3g oddechowych, w tym grypy z SARS-COV-2. Obie choroby w pocz\u0105tkowej fazie trudno od siebie odr\u00f3\u017cni\u0107. Szczepienie przeciw grypie mo\u017ce u\u0142atwi\u0107 r\u00f3\u017cnicowanie zachorowa\u0144 na gryp\u0119 oraz Covid-19 i szybsze podj\u0119cie odpowiedniego leczenia.<\/p>\n\n\n\n<p><strong>Szczepionki coraz lepsze<\/strong><\/p>\n\n\n\n<p>Dost\u0119pne szczepionki na gryp\u0119 s\u0105 coraz lepsze:<\/p>\n\n\n\n<p>&#8211; Medycyna stale si\u0119 rozwija. Prowadzimy badania kliniczne, kt\u00f3re s\u0142u\u017c\u0105 temu, \u017ceby powsta\u0142y szczepionki, kt\u00f3re maj\u0105 np. mniejsze niepo\u017c\u0105dane odczyny poszczepienne lub przed\u0142u\u017cony efekt dzia\u0142ania \u2013 t\u0142umaczy Anita Szcz\u0119sna, dyrektor regionalna Pratia.<\/p>\n\n\n\n<p>O\u015brodki bada\u0144 klinicznych Pratia maj\u0105 bogate do\u015bwiadczenie w stosowaniu innowacyjnych szczepionek w ka\u017cdej grupie wiekowej. Aktualnie prowadz\u0105 nab\u00f3r do program\u00f3w badaj\u0105cych innowacyjne szczepionki przeciwko grypie.<\/p>\n\n\n\n<p><strong>Idealny moment na szczepienie jest teraz<\/strong><\/p>\n\n\n\n<p>Po podaniu szczepionki odporno\u015b\u0107 rozwija si\u0119 w ci\u0105gu dw\u00f3ch-trzech tygodni. Dlatego prze\u0142om lata i jesieni jest najlepszym momentem, aby si\u0119 zaszczepi\u0107. Warto to zrobi\u0107, bowiem szczepi\u0105c si\u0119, chronimy nie tylko siebie, ale i bliskich, nie rozprzestrzeniaj\u0105c wirusa.<\/p>\n\n\n\n<p>red.<\/p>\n\n\n\n<figure class=\"wp-block-image size-large\"><img decoding=\"async\" width=\"1024\" height=\"683\" data-src=\"https:\/\/gazetaregionalna.com\/wp-content\/uploads\/2022\/09\/Zdjecie-nr-2-1024x683.jpg\" alt=\"szczepienie\" class=\"wp-image-91895 lazyload\" data-srcset=\"https:\/\/gazetaregionalna.com\/wp-content\/uploads\/2022\/09\/Zdjecie-nr-2-1024x683.jpg 1024w, https:\/\/gazetaregionalna.com\/wp-content\/uploads\/2022\/09\/Zdjecie-nr-2-300x200.jpg 300w, https:\/\/gazetaregionalna.com\/wp-content\/uploads\/2022\/09\/Zdjecie-nr-2-768x512.jpg 768w, https:\/\/gazetaregionalna.com\/wp-content\/uploads\/2022\/09\/Zdjecie-nr-2-1536x1024.jpg 1536w, https:\/\/gazetaregionalna.com\/wp-content\/uploads\/2022\/09\/Zdjecie-nr-2-2048x1365.jpg 2048w, https:\/\/gazetaregionalna.com\/wp-content\/uploads\/2022\/09\/Zdjecie-nr-2-696x464.jpg 696w, https:\/\/gazetaregionalna.com\/wp-content\/uploads\/2022\/09\/Zdjecie-nr-2-1068x712.jpg 1068w, https:\/\/gazetaregionalna.com\/wp-content\/uploads\/2022\/09\/Zdjecie-nr-2-1920x1280.jpg 1920w, https:\/\/gazetaregionalna.com\/wp-content\/uploads\/2022\/09\/Zdjecie-nr-2-630x420.jpg 630w, https:\/\/gazetaregionalna.com\/wp-content\/uploads\/2022\/09\/Zdjecie-nr-2-scaled.jpg 1600w\" data-sizes=\"(max-width: 1024px) 100vw, 1024px\" src=\"data:image\/svg+xml;base64,PHN2ZyB3aWR0aD0iMSIgaGVpZ2h0PSIxIiB4bWxucz0iaHR0cDovL3d3dy53My5vcmcvMjAwMC9zdmciPjwvc3ZnPg==\" style=\"--smush-placeholder-width: 1024px; --smush-placeholder-aspect-ratio: 1024\/683;\" \/><\/figure>\n\n\n\n<p><\/p>\n","protected":false},"excerpt":{"rendered":"<p>Co roku na gryp\u0119 choruje w Polsce ponad milion os\u00f3b, dlatego ju\u017c teraz warto podj\u0105\u0107 dzia\u0142ania profilaktyczne, spo\u015br\u00f3d kt\u00f3rych najwa\u017cniejsze jest szczepienie. Sezon zachorowa\u0144<\/p>\n","protected":false},"author":26,"featured_media":91894,"comment_status":"closed","ping_status":"open","sticky":false,"template":"","format":"standard","meta":{"_monsterinsights_skip_tracking":false,"_monsterinsights_sitenote_active":false,"_monsterinsights_sitenote_note":"","_monsterinsights_sitenote_category":0,"_uf_show_specific_survey":0,"_uf_disable_surveys":false,"footnotes":""},"categories":[44,37],"tags":[3811,6117,2854,1933,5905,1159],"class_list":["post-91893","post","type-post","status-publish","format-standard","has-post-thumbnail","hentry","category-bezpieczenstwo","category-zdrowie","tag-choroba","tag-dzialania-profilaktyczne","tag-grypa","tag-profilaktyka","tag-szczepienia-przeciwko-grypie","tag-zdrowie"],"_links":{"self":[{"href":"https:\/\/gazetaregionalna.com\/index.php?rest_route=\/wp\/v2\/posts\/91893","targetHints":{"allow":["GET"]}}],"collection":[{"href":"https:\/\/gazetaregionalna.com\/index.php?rest_route=\/wp\/v2\/posts"}],"about":[{"href":"https:\/\/gazetaregionalna.com\/index.php?rest_route=\/wp\/v2\/types\/post"}],"author":[{"embeddable":true,"href":"https:\/\/gazetaregionalna.com\/index.php?rest_route=\/wp\/v2\/users\/26"}],"replies":[{"embeddable":true,"href":"https:\/\/gazetaregionalna.com\/index.php?rest_route=%2Fwp%2Fv2%2Fcomments&post=91893"}],"version-history":[{"count":1,"href":"https:\/\/gazetaregionalna.com\/index.php?rest_route=\/wp\/v2\/posts\/91893\/revisions"}],"predecessor-version":[{"id":91896,"href":"https:\/\/gazetaregionalna.com\/index.php?rest_route=\/wp\/v2\/posts\/91893\/revisions\/91896"}],"wp:featuredmedia":[{"embeddable":true,"href":"https:\/\/gazetaregionalna.com\/index.php?rest_route=\/wp\/v2\/media\/91894"}],"wp:attachment":[{"href":"https:\/\/gazetaregionalna.com\/index.php?rest_route=%2Fwp%2Fv2%2Fmedia&parent=91893"}],"wp:term":[{"taxonomy":"category","embeddable":true,"href":"https:\/\/gazetaregionalna.com\/index.php?rest_route=%2Fwp%2Fv2%2Fcategories&post=91893"},{"taxonomy":"post_tag","embeddable":true,"href":"https:\/\/gazetaregionalna.com\/index.php?rest_route=%2Fwp%2Fv2%2Ftags&post=91893"}],"curies":[{"name":"wp","href":"https:\/\/api.w.org\/{rel}","templated":true}]}}