{"id":9180,"date":"2020-01-07T11:58:30","date_gmt":"2020-01-07T11:58:30","guid":{"rendered":"https:\/\/gazetaregionalna.com\/?p=9180"},"modified":"2020-01-09T09:43:39","modified_gmt":"2020-01-09T09:43:39","slug":"lubliniec-zagra-z-orkiestra","status":"publish","type":"post","link":"https:\/\/gazetaregionalna.com\/?p=9180","title":{"rendered":"Lubliniec zagra z Orkiestr\u0105"},"content":{"rendered":"\n<h2 class=\"wp-block-heading\">12 stycznia, ju\u017c po raz 28. W Polsce i na \u015bwiecie zagra Wielka Orkiestra \u015awi\u0105tecznej Pomocy. R\u00f3wnie\u017c w Lubli\u0144cu na ulice miasta wyjd\u0105 wolontariusze z charakterystycznymi puszkami, a w Miejskim Domu Kultury odb\u0119d\u0105 si\u0119 licytacje i koncerty.<\/h2>\n\n\n\n<p>Fina\u0142 WO\u015aP odb\u0119dzie si\u0119 pod has\u0142em \u201eWiatr w \u017cagle\u201d, a celem zbi\u00f3rki jest zapewnienie najwy\u017cszych standard\u00f3w diagnostycznych i leczniczych w dzieci\u0119cej medycynie zabiegowej.  Jak deklaruj\u0105 organizatorzy akcji \u201eb\u0119dziemy zbiera\u0107 \u015brodki na zakup najnowocze\u015bniejszych  urz\u0105dze\u0144 dla ratowania \u017cycia i zdrowia dzieci potrzebuj\u0105cych r\u00f3\u017cnego rodzaju operacji. Chirurdzy wszystkich specjalno\u015bci dzie\u0144 i noc w ca\u0142ej Polsce ratuj\u0105 \u017cycie tych dzieci. B\u0119dziemy si\u0119 skupia\u0107 przede wszystkim na takich dziedzinach medycyny dzieci\u0119cej jak chirurgia og\u00f3lna, kardiochirurgia czy neurochirurgia.\u201d \u2013 czytamy na stronie g\u0142\u00f3wnej WO\u015aP. <br> W Lubli\u0144cu g\u0142\u00f3wne wydarzenia WO\u015aP skupione s\u0105 wok\u00f3\u0142 Miejskiego Domu Kultury. Tutaj b\u0119dzie dzia\u0142a\u0142 sztab, tutaj b\u0119d\u0105 odbywa\u0107 si\u0119 koncerty i licytacje. Opr\u00f3cz gad\u017cet\u00f3w Wielkiej Orkiestry \u015awi\u0105tecznej Pomocy b\u0119dzie mo\u017cna wylicytowa\u0107 inne atrakcyjne przedmioty czy us\u0142ugi! Wszystkie zebrane w czasie licytacji pieni\u0105dze zasil\u0105 konto WO\u015aP. <br> Od godziny 16.00 na scenie pojawia\u0107 si\u0119 b\u0119d\u0105 arty\u015bci. Najpierw \u2013 wsp\u00f3lny program sekcji wokalnych i tanecznych, dzia\u0142aj\u0105cych w MDK. Pojawi\u0105 si\u0119 r\u00f3wnie\u017c sekcje teatralne z kr\u00f3tkimi scenicznymi pokazami:  \u201ePonad chmurami\u201d oraz \u201eBa\u0144ka mydlana\u201d. Zwie\u0144czeniem wyst\u0119p\u00f3w dzieci i m\u0142odzie\u017cy z MDK b\u0119dzie pokaz break dance. P\u00f3\u017aniej w  muzyczny \u015bwiat zabierze nas zesp\u00f3\u0142 \u017badnych Braw Band (stworzony przez muzyk\u00f3w Miejskiej M\u0142odzie\u017cowej Orkiestry D\u0119tej) oraz zesp\u00f3\u0142 Rezerwa.<br> Artystyczne wyst\u0119py b\u0119d\u0105 przeplatane licytacjami.<\/p>\n\n\n\n<p>(MDK Lubliniec)<\/p>\n","protected":false},"excerpt":{"rendered":"<p>12 stycznia, ju\u017c po raz 28. W Polsce i na \u015bwiecie zagra Wielka Orkiestra \u015awi\u0105tecznej Pomocy. R\u00f3wnie\u017c w Lubli\u0144cu na ulice miasta wyjd\u0105 wolontariusze<\/p>\n","protected":false},"author":7,"featured_media":9181,"comment_status":"open","ping_status":"open","sticky":false,"template":"","format":"standard","meta":{"_monsterinsights_skip_tracking":false,"_monsterinsights_sitenote_active":false,"_monsterinsights_sitenote_note":"","_monsterinsights_sitenote_category":0,"_uf_show_specific_survey":0,"_uf_disable_surveys":false,"footnotes":""},"categories":[25,94,2],"tags":[104,279],"class_list":["post-9180","post","type-post","status-publish","format-standard","has-post-thumbnail","hentry","category-lubliniec","category-polecane","category-wiadomosci","tag-lubliniec","tag-wosp"],"_links":{"self":[{"href":"https:\/\/gazetaregionalna.com\/index.php?rest_route=\/wp\/v2\/posts\/9180","targetHints":{"allow":["GET"]}}],"collection":[{"href":"https:\/\/gazetaregionalna.com\/index.php?rest_route=\/wp\/v2\/posts"}],"about":[{"href":"https:\/\/gazetaregionalna.com\/index.php?rest_route=\/wp\/v2\/types\/post"}],"author":[{"embeddable":true,"href":"https:\/\/gazetaregionalna.com\/index.php?rest_route=\/wp\/v2\/users\/7"}],"replies":[{"embeddable":true,"href":"https:\/\/gazetaregionalna.com\/index.php?rest_route=%2Fwp%2Fv2%2Fcomments&post=9180"}],"version-history":[{"count":1,"href":"https:\/\/gazetaregionalna.com\/index.php?rest_route=\/wp\/v2\/posts\/9180\/revisions"}],"predecessor-version":[{"id":9182,"href":"https:\/\/gazetaregionalna.com\/index.php?rest_route=\/wp\/v2\/posts\/9180\/revisions\/9182"}],"wp:featuredmedia":[{"embeddable":true,"href":"https:\/\/gazetaregionalna.com\/index.php?rest_route=\/wp\/v2\/media\/9181"}],"wp:attachment":[{"href":"https:\/\/gazetaregionalna.com\/index.php?rest_route=%2Fwp%2Fv2%2Fmedia&parent=9180"}],"wp:term":[{"taxonomy":"category","embeddable":true,"href":"https:\/\/gazetaregionalna.com\/index.php?rest_route=%2Fwp%2Fv2%2Fcategories&post=9180"},{"taxonomy":"post_tag","embeddable":true,"href":"https:\/\/gazetaregionalna.com\/index.php?rest_route=%2Fwp%2Fv2%2Ftags&post=9180"}],"curies":[{"name":"wp","href":"https:\/\/api.w.org\/{rel}","templated":true}]}}