{"id":91759,"date":"2022-09-06T13:49:57","date_gmt":"2022-09-06T13:49:57","guid":{"rendered":"https:\/\/gazetaregionalna.com\/?p=91759"},"modified":"2022-09-06T13:49:58","modified_gmt":"2022-09-06T13:49:58","slug":"w-srode-powtorka-odwolanego-finalu-impj","status":"publish","type":"post","link":"https:\/\/gazetaregionalna.com\/?p=91759","title":{"rendered":"W \u015brod\u0119 powt\u00f3rka odwo\u0142anego fina\u0142u IMPJ"},"content":{"rendered":"\n<p>W najbli\u017csz\u0105 \u015brod\u0119 w Cz\u0119stochowie odb\u0119dzie si\u0119 powt\u00f3rka fina\u0142u Indywidualnych Mistrzostw Polski Junior\u00f3w. Z\u0142otego medalu b\u0119dzie broni\u0107 \u017cu\u017clowiec zielona-energia.com W\u0142\u00f3kniarz Jakub Mi\u015bkowiak, a br\u0105zowego Mateusz \u015awidnicki.<\/p>\n\n\n\n<p>Juniorzy W\u0142\u00f3kniarza w poprzednim sezonie 2021 zdobyli dwa medale Indywidualnych Mistrzostw Polski Junior\u00f3w. Z\u0142oto wywalczy\u0142 Jakub Mi\u015bkowiak, a br\u0105z Mateusz \u015awidnicki. W 2022 roku cz\u0119stochowianie b\u0119d\u0105 mie\u0107 du\u017c\u0105 szans\u0119 na kolejne medale. Fina\u0142 IMPJ odb\u0119dzie si\u0119 w najbli\u017csz\u0105 \u015brod\u0119 w Cz\u0119stochowie o godz. 19. W pierwszym terminie na przeszkodzie stan\u0119\u0142a pogoda. Juniorzy pokazali si\u0119 na torze tylko w pierwszej serii wy\u015bcig\u00f3w.<\/p>\n\n\n\n<p>AK, fot: AK<\/p>\n\n\n\n<p>1. Wiktor Rafalski<\/p>\n\n\n\n<p>2. Denis Zieli\u0144ski<\/p>\n\n\n\n<p>3. Mateusz \u015awidnicki<\/p>\n\n\n\n<p>4. Pawe\u0142 Trze\u015bniewski<\/p>\n\n\n\n<p>5. Wiktor Przyjemski<\/p>\n\n\n\n<p>6. Oskar Paluch<\/p>\n\n\n\n<p>7. Jakub Mi\u015bkowiak<\/p>\n\n\n\n<p>8. Nikodem Bartoch<\/p>\n\n\n\n<p>9. Damian Ratajczak<\/p>\n\n\n\n<p>10. Bart\u0142omiej Kowalski<\/p>\n\n\n\n<p>11. Mateusz Cierniak<\/p>\n\n\n\n<p>12. Micha\u0142 Curzytek<\/p>\n\n\n\n<p>13. Wiktor Lampart<\/p>\n\n\n\n<p>14. Kacper Pludra<\/p>\n\n\n\n<p>15. Krzysztof Lewandowski<\/p>\n\n\n\n<p>16. Mateusz Bartkowiak<\/p>\n\n\n\n<p>R1. Piotr \u015awiercz<\/p>\n\n\n\n<p>R2. Kacper \u0141obodzi\u0144ski<\/p>\n\n\n\n<figure class=\"wp-block-image size-large\"><img decoding=\"async\" width=\"1024\" height=\"683\" data-src=\"https:\/\/gazetaregionalna.com\/wp-content\/uploads\/2022\/08\/IMPJ-7-1024x683.jpg\" alt=\"\" class=\"wp-image-89900 lazyload\" data-srcset=\"https:\/\/gazetaregionalna.com\/wp-content\/uploads\/2022\/08\/IMPJ-7-1024x683.jpg 1024w, https:\/\/gazetaregionalna.com\/wp-content\/uploads\/2022\/08\/IMPJ-7-300x200.jpg 300w, https:\/\/gazetaregionalna.com\/wp-content\/uploads\/2022\/08\/IMPJ-7-768x512.jpg 768w, https:\/\/gazetaregionalna.com\/wp-content\/uploads\/2022\/08\/IMPJ-7-1536x1024.jpg 1536w, https:\/\/gazetaregionalna.com\/wp-content\/uploads\/2022\/08\/IMPJ-7-2048x1366.jpg 2048w, https:\/\/gazetaregionalna.com\/wp-content\/uploads\/2022\/08\/IMPJ-7-696x464.jpg 696w, https:\/\/gazetaregionalna.com\/wp-content\/uploads\/2022\/08\/IMPJ-7-1068x712.jpg 1068w, https:\/\/gazetaregionalna.com\/wp-content\/uploads\/2022\/08\/IMPJ-7-1920x1281.jpg 1920w, https:\/\/gazetaregionalna.com\/wp-content\/uploads\/2022\/08\/IMPJ-7-630x420.jpg 630w, https:\/\/gazetaregionalna.com\/wp-content\/uploads\/2022\/08\/IMPJ-7-scaled.jpg 1600w\" data-sizes=\"(max-width: 1024px) 100vw, 1024px\" src=\"data:image\/svg+xml;base64,PHN2ZyB3aWR0aD0iMSIgaGVpZ2h0PSIxIiB4bWxucz0iaHR0cDovL3d3dy53My5vcmcvMjAwMC9zdmciPjwvc3ZnPg==\" style=\"--smush-placeholder-width: 1024px; --smush-placeholder-aspect-ratio: 1024\/683;\" \/><\/figure>\n\n\n\n<figure class=\"wp-block-image size-large\"><img decoding=\"async\" width=\"1024\" height=\"683\" data-src=\"https:\/\/gazetaregionalna.com\/wp-content\/uploads\/2022\/08\/IMPJ-6-1024x683.jpg\" alt=\"\" class=\"wp-image-89899 lazyload\" data-srcset=\"https:\/\/gazetaregionalna.com\/wp-content\/uploads\/2022\/08\/IMPJ-6-1024x683.jpg 1024w, https:\/\/gazetaregionalna.com\/wp-content\/uploads\/2022\/08\/IMPJ-6-300x200.jpg 300w, https:\/\/gazetaregionalna.com\/wp-content\/uploads\/2022\/08\/IMPJ-6-768x512.jpg 768w, https:\/\/gazetaregionalna.com\/wp-content\/uploads\/2022\/08\/IMPJ-6-1536x1024.jpg 1536w, https:\/\/gazetaregionalna.com\/wp-content\/uploads\/2022\/08\/IMPJ-6-2048x1365.jpg 2048w, https:\/\/gazetaregionalna.com\/wp-content\/uploads\/2022\/08\/IMPJ-6-696x464.jpg 696w, https:\/\/gazetaregionalna.com\/wp-content\/uploads\/2022\/08\/IMPJ-6-1068x712.jpg 1068w, https:\/\/gazetaregionalna.com\/wp-content\/uploads\/2022\/08\/IMPJ-6-1920x1280.jpg 1920w, https:\/\/gazetaregionalna.com\/wp-content\/uploads\/2022\/08\/IMPJ-6-630x420.jpg 630w, https:\/\/gazetaregionalna.com\/wp-content\/uploads\/2022\/08\/IMPJ-6-scaled.jpg 1600w\" data-sizes=\"(max-width: 1024px) 100vw, 1024px\" src=\"data:image\/svg+xml;base64,PHN2ZyB3aWR0aD0iMSIgaGVpZ2h0PSIxIiB4bWxucz0iaHR0cDovL3d3dy53My5vcmcvMjAwMC9zdmciPjwvc3ZnPg==\" style=\"--smush-placeholder-width: 1024px; --smush-placeholder-aspect-ratio: 1024\/683;\" \/><\/figure>\n\n\n\n<figure class=\"wp-block-image size-large\"><img decoding=\"async\" width=\"1024\" height=\"683\" data-src=\"https:\/\/gazetaregionalna.com\/wp-content\/uploads\/2022\/08\/IMPJ-1-1024x683.jpg\" alt=\"\" class=\"wp-image-89894 lazyload\" data-srcset=\"https:\/\/gazetaregionalna.com\/wp-content\/uploads\/2022\/08\/IMPJ-1-1024x683.jpg 1024w, https:\/\/gazetaregionalna.com\/wp-content\/uploads\/2022\/08\/IMPJ-1-300x200.jpg 300w, https:\/\/gazetaregionalna.com\/wp-content\/uploads\/2022\/08\/IMPJ-1-768x512.jpg 768w, https:\/\/gazetaregionalna.com\/wp-content\/uploads\/2022\/08\/IMPJ-1-1536x1024.jpg 1536w, https:\/\/gazetaregionalna.com\/wp-content\/uploads\/2022\/08\/IMPJ-1-2048x1365.jpg 2048w, https:\/\/gazetaregionalna.com\/wp-content\/uploads\/2022\/08\/IMPJ-1-696x464.jpg 696w, https:\/\/gazetaregionalna.com\/wp-content\/uploads\/2022\/08\/IMPJ-1-1068x712.jpg 1068w, https:\/\/gazetaregionalna.com\/wp-content\/uploads\/2022\/08\/IMPJ-1-1920x1280.jpg 1920w, https:\/\/gazetaregionalna.com\/wp-content\/uploads\/2022\/08\/IMPJ-1-630x420.jpg 630w, https:\/\/gazetaregionalna.com\/wp-content\/uploads\/2022\/08\/IMPJ-1-scaled.jpg 1600w\" data-sizes=\"(max-width: 1024px) 100vw, 1024px\" src=\"data:image\/svg+xml;base64,PHN2ZyB3aWR0aD0iMSIgaGVpZ2h0PSIxIiB4bWxucz0iaHR0cDovL3d3dy53My5vcmcvMjAwMC9zdmciPjwvc3ZnPg==\" style=\"--smush-placeholder-width: 1024px; --smush-placeholder-aspect-ratio: 1024\/683;\" \/><\/figure>\n\n\n\n<figure class=\"wp-block-image size-large\"><img decoding=\"async\" width=\"300\" height=\"250\" data-src=\"https:\/\/gazetaregionalna.com\/wp-content\/uploads\/2022\/04\/DMK-8.jpg\" alt=\"\" class=\"wp-image-77215 lazyload\" src=\"data:image\/svg+xml;base64,PHN2ZyB3aWR0aD0iMSIgaGVpZ2h0PSIxIiB4bWxucz0iaHR0cDovL3d3dy53My5vcmcvMjAwMC9zdmciPjwvc3ZnPg==\" style=\"--smush-placeholder-width: 300px; --smush-placeholder-aspect-ratio: 300\/250;\"><\/figure>\n","protected":false},"excerpt":{"rendered":"<p>W najbli\u017csz\u0105 \u015brod\u0119 w Cz\u0119stochowie odb\u0119dzie si\u0119 powt\u00f3rka fina\u0142u Indywidualnych Mistrzostw Polski Junior\u00f3w. Z\u0142otego medalu b\u0119dzie broni\u0107 \u017cu\u017clowiec zielona-energia.com W\u0142\u00f3kniarz Jakub Mi\u015bkowiak, a br\u0105zowego<\/p>\n","protected":false},"author":15,"featured_media":89900,"comment_status":"closed","ping_status":"open","sticky":false,"template":"","format":"standard","meta":{"_monsterinsights_skip_tracking":false,"_monsterinsights_sitenote_active":false,"_monsterinsights_sitenote_note":"","_monsterinsights_sitenote_category":0,"_uf_show_specific_survey":0,"_uf_disable_surveys":false,"footnotes":""},"categories":[5,7],"tags":[],"class_list":["post-91759","post","type-post","status-publish","format-standard","has-post-thumbnail","hentry","category-sport","category-zuzel"],"_links":{"self":[{"href":"https:\/\/gazetaregionalna.com\/index.php?rest_route=\/wp\/v2\/posts\/91759","targetHints":{"allow":["GET"]}}],"collection":[{"href":"https:\/\/gazetaregionalna.com\/index.php?rest_route=\/wp\/v2\/posts"}],"about":[{"href":"https:\/\/gazetaregionalna.com\/index.php?rest_route=\/wp\/v2\/types\/post"}],"author":[{"embeddable":true,"href":"https:\/\/gazetaregionalna.com\/index.php?rest_route=\/wp\/v2\/users\/15"}],"replies":[{"embeddable":true,"href":"https:\/\/gazetaregionalna.com\/index.php?rest_route=%2Fwp%2Fv2%2Fcomments&post=91759"}],"version-history":[{"count":1,"href":"https:\/\/gazetaregionalna.com\/index.php?rest_route=\/wp\/v2\/posts\/91759\/revisions"}],"predecessor-version":[{"id":91760,"href":"https:\/\/gazetaregionalna.com\/index.php?rest_route=\/wp\/v2\/posts\/91759\/revisions\/91760"}],"wp:featuredmedia":[{"embeddable":true,"href":"https:\/\/gazetaregionalna.com\/index.php?rest_route=\/wp\/v2\/media\/89900"}],"wp:attachment":[{"href":"https:\/\/gazetaregionalna.com\/index.php?rest_route=%2Fwp%2Fv2%2Fmedia&parent=91759"}],"wp:term":[{"taxonomy":"category","embeddable":true,"href":"https:\/\/gazetaregionalna.com\/index.php?rest_route=%2Fwp%2Fv2%2Fcategories&post=91759"},{"taxonomy":"post_tag","embeddable":true,"href":"https:\/\/gazetaregionalna.com\/index.php?rest_route=%2Fwp%2Fv2%2Ftags&post=91759"}],"curies":[{"name":"wp","href":"https:\/\/api.w.org\/{rel}","templated":true}]}}