{"id":9174,"date":"2020-01-07T11:26:35","date_gmt":"2020-01-07T11:26:35","guid":{"rendered":"https:\/\/gazetaregionalna.com\/?p=9174"},"modified":"2020-01-07T11:26:38","modified_gmt":"2020-01-07T11:26:38","slug":"drozsze-odpady","status":"publish","type":"post","link":"https:\/\/gazetaregionalna.com\/?p=9174","title":{"rendered":"Dro\u017csze odpady"},"content":{"rendered":"\n<h2 class=\"wp-block-heading\">W rok 2020 radomszczanie, podobnie jak mieszka\u0144cy innych miast, weszli z dro\u017cszymi p\u0142atami za wyw\u00f3z odpad\u00f3w komunalnych. <\/h2>\n\n\n\n<p><br> Jak informuje samorz\u0105d Radomska, nowa stawki op\u0142at, to 16,00 z\u0142 miesi\u0119cznie od ka\u017cdego mieszka\u0144ca zamieszkuj\u0105cego nieruchomo\u015b\u0107. Zgodnie z przepisami miejskimi, z op\u0142aty za gospodarowanie odpadami komunalnymi zwolnieni s\u0105 w\u0142a\u015bcicieli nieruchomo\u015bci, w cz\u0119\u015bci, na kt\u00f3rej zamieszkuj\u0105 osoby, kt\u00f3re s\u0105 obj\u0119te i posiadaj\u0105 Kart\u0119 Du\u017cej Rodziny tj. w cz\u0119\u015bci dotyczacej rodziny wielodzietnej, o kt\u00f3rej mowa w ustawie z dnia 5 grudnia 2014 r. o Karcie Du\u017cej Rodziny w kwocie 1,00 z\u0142 od osoby. Ta zmiana  stawki op\u0142aty za gospodarowanie odpadami komunalnymi nie wi\u0105\u017ce si\u0119 z konieczno\u015bci\u0105 sk\u0142adania nowych deklaracji.<br> W\u0142adze miejskie Radomska zapewniaj\u0105, \u017ce w\u0142a\u015bcicieli nieruchomo\u015bci zostan\u0105 wkr\u00f3tce dostarczone zawiadomienia o wysoko\u015bci op\u0142aty za gospodarowanie odpadami komunalnymi, wyliczonej na podstawie danych podanych w dotychczasowej deklaracji. W\u0142a\u015bciciele nieruchomo\u015bci zobowi\u0105zani s\u0105 do uiszczenia przedmiotowej op\u0142aty w wysoko\u015bci podanej w zawiadomieniu.<br> Mieszka\u0144cy, kt\u00f3rzy nie zmienili deklaracji na selektywna zbi\u00f3rk\u0119 odpad\u00f3w powinni niezw\u0142ocznie zg\u0142osi\u0107 si\u0119 do Urz\u0119du Miasta i zmieni\u0107 deklaracj\u0119.<br> Samorz\u0105d przypomina, \u017ce wp\u0142aty za odpady komunalne nale\u017cy dokonywa\u0107 do 15 dnia miesi\u0105ca nast\u0119puj\u0105cego po miesi\u0105cu, kt\u00f3rego obowi\u0105zek ponoszenia op\u0142at dotyczy.<br> (\u0179r\u00f3d\u0142o: UM Radomsko)<\/p>\n","protected":false},"excerpt":{"rendered":"<p>W rok 2020 radomszczanie, podobnie jak mieszka\u0144cy innych miast, weszli z dro\u017cszymi p\u0142atami za wyw\u00f3z odpad\u00f3w komunalnych. Jak informuje samorz\u0105d Radomska, nowa stawki op\u0142at,<\/p>\n","protected":false},"author":7,"featured_media":9175,"comment_status":"open","ping_status":"open","sticky":false,"template":"","format":"standard","meta":{"_monsterinsights_skip_tracking":false,"_monsterinsights_sitenote_active":false,"_monsterinsights_sitenote_note":"","_monsterinsights_sitenote_category":0,"_uf_show_specific_survey":0,"_uf_disable_surveys":false,"footnotes":""},"categories":[29,94,28,2],"tags":[],"class_list":["post-9174","post","type-post","status-publish","format-standard","has-post-thumbnail","hentry","category-ekologia","category-polecane","category-radomsko","category-wiadomosci"],"_links":{"self":[{"href":"https:\/\/gazetaregionalna.com\/index.php?rest_route=\/wp\/v2\/posts\/9174","targetHints":{"allow":["GET"]}}],"collection":[{"href":"https:\/\/gazetaregionalna.com\/index.php?rest_route=\/wp\/v2\/posts"}],"about":[{"href":"https:\/\/gazetaregionalna.com\/index.php?rest_route=\/wp\/v2\/types\/post"}],"author":[{"embeddable":true,"href":"https:\/\/gazetaregionalna.com\/index.php?rest_route=\/wp\/v2\/users\/7"}],"replies":[{"embeddable":true,"href":"https:\/\/gazetaregionalna.com\/index.php?rest_route=%2Fwp%2Fv2%2Fcomments&post=9174"}],"version-history":[{"count":1,"href":"https:\/\/gazetaregionalna.com\/index.php?rest_route=\/wp\/v2\/posts\/9174\/revisions"}],"predecessor-version":[{"id":9176,"href":"https:\/\/gazetaregionalna.com\/index.php?rest_route=\/wp\/v2\/posts\/9174\/revisions\/9176"}],"wp:featuredmedia":[{"embeddable":true,"href":"https:\/\/gazetaregionalna.com\/index.php?rest_route=\/wp\/v2\/media\/9175"}],"wp:attachment":[{"href":"https:\/\/gazetaregionalna.com\/index.php?rest_route=%2Fwp%2Fv2%2Fmedia&parent=9174"}],"wp:term":[{"taxonomy":"category","embeddable":true,"href":"https:\/\/gazetaregionalna.com\/index.php?rest_route=%2Fwp%2Fv2%2Fcategories&post=9174"},{"taxonomy":"post_tag","embeddable":true,"href":"https:\/\/gazetaregionalna.com\/index.php?rest_route=%2Fwp%2Fv2%2Ftags&post=9174"}],"curies":[{"name":"wp","href":"https:\/\/api.w.org\/{rel}","templated":true}]}}