{"id":91515,"date":"2022-09-06T09:43:56","date_gmt":"2022-09-06T09:43:56","guid":{"rendered":"https:\/\/gazetaregionalna.com\/?p=91515"},"modified":"2022-09-06T09:51:04","modified_gmt":"2022-09-06T09:51:04","slug":"wnioski-o-rente-rodzinna","status":"publish","type":"post","link":"https:\/\/gazetaregionalna.com\/?p=91515","title":{"rendered":"Do ko\u0144ca wrze\u015bnia mo\u017cna sk\u0142ada\u0107 wnioski o rent\u0119 rodzinn\u0105"},"content":{"rendered":"\n<p><strong><a href=\"https:\/\/www.zus.pl\/\" target=\"_blank\" rel=\"noopener\">ZUS<\/a> przypomina, \u017ce<\/strong> <strong>do ko\u0144ca wrze\u015bnia uczniowie szk\u00f3\u0142 ponadpodstawowych, kt\u00f3rzy pobieraj\u0105 rent\u0119 rodzinn\u0105, maj\u0105 czas by z\u0142o\u017cy\u0107 wnioski o dalsz\u0105 wyp\u0142at\u0119 \u015bwiadczenia.<\/strong><br><br>Renta rodzinna po zmar\u0142ym rodzicu przys\u0142uguje dzieciom do uko\u0144czenia 16. roku \u017cycia. Jednak gdy kontynuuj\u0105 nauk\u0119 mog\u0105 j\u0105 otrzymywa\u0107 do 25 urodzin. W przypadku uko\u0144czenia 25 lat w trakcie ostatniego roku nauki, \u015bwiadczenie przys\u0142uguje do ko\u0144ca roku szkolnego lub akademickiego.<br><br>Uprawionym renta wyp\u0142acana jest przez miesi\u0105ce nauki oraz wakacje, zgodna z okresem nauki wskazanym w za\u015bwiadczeniu przez plac\u00f3wk\u0119. Maturzy\u015bci przyj\u0119ci na pierwszy rok studi\u00f3w, formalno\u015bci w ZUS musz\u0105 dope\u0142ni\u0107 do ko\u0144ca wrze\u015bnia.<\/p>\n\n\n\n<p>Gdy szko\u0142a nie b\u0119dzie mog\u0142a wystawi\u0107 za\u015bwiadczenia w terminie, nale\u017cy dostarczy\u0107 zawiadomienie o przyj\u0119ciu na studia i informacj\u0119 z dat\u0105 rozpocz\u0119cia nauki. Trzeba si\u0119 tak\u017ce zobowi\u0105za\u0107 do dostarczenia dokument\u00f3w najp\u00f3\u017aniej w miesi\u0105cu, w kt\u00f3rym rozpocznie si\u0119 rok akademicki.<br><br>Pozostali studenci na z\u0142o\u017cenie dokument\u00f3w maj\u0105 czas do ko\u0144ca pa\u017adziernika. Je\u015bli rozpocz\u0119cie nauki nast\u0105pi\u0142o w innym miesi\u0105cu ni\u017c wrzesie\u0144 czy pa\u017adziernik, za\u015bwiadczenie o dalszej edukacji nale\u017cy z\u0142o\u017cy\u0107 do ko\u0144ca miesi\u0105ca, w kt\u00f3rym j\u0105 rozpocz\u0119to nauk\u0119.<br><br>W przypadku zaprzestania nauki, uczniowie powinni jak najszybciej zawiadomi\u0107 o tym ZUS. Je\u015bli tego nie zrobi\u0105, to \u015bwiadczenie trzeba b\u0119dzie zwr\u00f3ci\u0107 z odsetkami. Rent\u0119 bez ogranicze\u0144 wiekowych mog\u0105 pobiera\u0107 osoby, kt\u00f3re do uko\u0144czenia 16 roku \u017cycia lub jeszcze w trakcie nauki (przed 25 rokiem \u017cycia), sta\u0142y si\u0119 ca\u0142kowicie niezdolne do pracy. W ich przypadku nie ma znaczenia to, czy si\u0119 ucz\u0105.<\/p>\n","protected":false},"excerpt":{"rendered":"<p>ZUS przypomina, \u017ce do ko\u0144ca wrze\u015bnia uczniowie szk\u00f3\u0142 ponadpodstawowych, kt\u00f3rzy pobieraj\u0105 rent\u0119 rodzinn\u0105, maj\u0105 czas by z\u0142o\u017cy\u0107 wnioski o dalsz\u0105 wyp\u0142at\u0119 \u015bwiadczenia. Renta rodzinna<\/p>\n","protected":false},"author":26,"featured_media":0,"comment_status":"closed","ping_status":"open","sticky":false,"template":"","format":"standard","meta":{"_monsterinsights_skip_tracking":false,"_monsterinsights_sitenote_active":false,"_monsterinsights_sitenote_note":"","_monsterinsights_sitenote_category":0,"_uf_show_specific_survey":0,"_uf_disable_surveys":false,"footnotes":""},"categories":[97,2],"tags":[6080,6077,6078,1806,6079,1944],"class_list":["post-91515","post","type-post","status-publish","format-standard","hentry","category-rodzina","category-wiadomosci","tag-dokumenty","tag-renta-rodzinna","tag-swiadczenia","tag-uczniowie","tag-wyplaty","tag-zus"],"_links":{"self":[{"href":"https:\/\/gazetaregionalna.com\/index.php?rest_route=\/wp\/v2\/posts\/91515","targetHints":{"allow":["GET"]}}],"collection":[{"href":"https:\/\/gazetaregionalna.com\/index.php?rest_route=\/wp\/v2\/posts"}],"about":[{"href":"https:\/\/gazetaregionalna.com\/index.php?rest_route=\/wp\/v2\/types\/post"}],"author":[{"embeddable":true,"href":"https:\/\/gazetaregionalna.com\/index.php?rest_route=\/wp\/v2\/users\/26"}],"replies":[{"embeddable":true,"href":"https:\/\/gazetaregionalna.com\/index.php?rest_route=%2Fwp%2Fv2%2Fcomments&post=91515"}],"version-history":[{"count":1,"href":"https:\/\/gazetaregionalna.com\/index.php?rest_route=\/wp\/v2\/posts\/91515\/revisions"}],"predecessor-version":[{"id":91528,"href":"https:\/\/gazetaregionalna.com\/index.php?rest_route=\/wp\/v2\/posts\/91515\/revisions\/91528"}],"wp:attachment":[{"href":"https:\/\/gazetaregionalna.com\/index.php?rest_route=%2Fwp%2Fv2%2Fmedia&parent=91515"}],"wp:term":[{"taxonomy":"category","embeddable":true,"href":"https:\/\/gazetaregionalna.com\/index.php?rest_route=%2Fwp%2Fv2%2Fcategories&post=91515"},{"taxonomy":"post_tag","embeddable":true,"href":"https:\/\/gazetaregionalna.com\/index.php?rest_route=%2Fwp%2Fv2%2Ftags&post=91515"}],"curies":[{"name":"wp","href":"https:\/\/api.w.org\/{rel}","templated":true}]}}