{"id":9144,"date":"2020-01-03T09:45:39","date_gmt":"2020-01-03T09:45:39","guid":{"rendered":"https:\/\/gazetaregionalna.com\/?p=9144"},"modified":"2020-01-03T09:45:42","modified_gmt":"2020-01-03T09:45:42","slug":"witkacy-w-radomszczanskim-mdk-u","status":"publish","type":"post","link":"https:\/\/gazetaregionalna.com\/?p=9144","title":{"rendered":"Witkacy w radomszcza\u0144skim MDK-u"},"content":{"rendered":"\n<p>\nMiejski\nDom Kultury w Radomsku zaprasza na spektakl \u201eW ma\u0142ym dworku\u201d na\npodstawie dramatu Stanis\u0142awa Ignacego Witkiewicza. Przedstawienie\nb\u0119dzie mo\u017cna obejrze\u0107 9 stycznia w sali widowiskowej MDK-u.<\/p>\n\n\n\n<p>\nRe\u017cyseria:\nAnita Pawlak \u2013 Zygma<\/p>\n\n\n\n<p>\nScenografia:\nJoanna Sroczy\u0144ska<br>\nChoreografia: Zuzanna Gonera<br>\nMuzyka:\nTomasz Sroczy\u0144ski<br>\ngitara: Piotr Bary\u0142a<br>\nwokal: Jakub\nRusajczyk<\/p>\n\n\n\n<p>\nObsada:<br>\nojciec:\n(Dyapanazy Nibek) Mateusz W\u0142udara<br>\nkuzyn: (J\u0119zory Pasiukiewicz)\nDawid St\u0119pie\u0144<br>\nc\u00f3rki: (Zosia) Kinga Mruklik, (Amelka) Natalia\nW\u0119\u017cyk, (Ania) Anna Szwed,<\/p>\n\n\n\n<p>\nkuzynka:\n(Aneta Wasiewicz\u00f3wna) Zuzanna Gonera<br>\nwidmo matki: (Anastazja\nNibek)&nbsp; Anna Stolarczyk,<br>\nIgnacy Kozdro\u0144: Stanis\u0142aw\nCzy\u017c<br>\nJ\u00f3zef Maszejko: Adrian Warda, kucharka: Wiktoria\nKwarta<br>\nch\u0142opiec kuchenny: (Marceli St\u0119porek) Marcin Ku\u0142ak.<\/p>\n\n\n\n<p>\nPocz\u0105tek\nprzedstawienia  godz. 17. Wst\u0119p wolny.<\/p>\n","protected":false},"excerpt":{"rendered":"<p>Miejski Dom Kultury w Radomsku zaprasza na spektakl \u201eW ma\u0142ym dworku\u201d na podstawie dramatu Stanis\u0142awa Ignacego Witkiewicza. Przedstawienie b\u0119dzie mo\u017cna obejrze\u0107 9 stycznia w<\/p>\n","protected":false},"author":7,"featured_media":9145,"comment_status":"open","ping_status":"open","sticky":false,"template":"","format":"standard","meta":{"_monsterinsights_skip_tracking":false,"_monsterinsights_sitenote_active":false,"_monsterinsights_sitenote_note":"","_monsterinsights_sitenote_category":0,"_uf_show_specific_survey":0,"_uf_disable_surveys":false,"footnotes":""},"categories":[12,94,28,2,13],"tags":[],"class_list":["post-9144","post","type-post","status-publish","format-standard","has-post-thumbnail","hentry","category-kultura-i-rozrywka","category-polecane","category-radomsko","category-wiadomosci","category-wydarzenia"],"_links":{"self":[{"href":"https:\/\/gazetaregionalna.com\/index.php?rest_route=\/wp\/v2\/posts\/9144","targetHints":{"allow":["GET"]}}],"collection":[{"href":"https:\/\/gazetaregionalna.com\/index.php?rest_route=\/wp\/v2\/posts"}],"about":[{"href":"https:\/\/gazetaregionalna.com\/index.php?rest_route=\/wp\/v2\/types\/post"}],"author":[{"embeddable":true,"href":"https:\/\/gazetaregionalna.com\/index.php?rest_route=\/wp\/v2\/users\/7"}],"replies":[{"embeddable":true,"href":"https:\/\/gazetaregionalna.com\/index.php?rest_route=%2Fwp%2Fv2%2Fcomments&post=9144"}],"version-history":[{"count":1,"href":"https:\/\/gazetaregionalna.com\/index.php?rest_route=\/wp\/v2\/posts\/9144\/revisions"}],"predecessor-version":[{"id":9146,"href":"https:\/\/gazetaregionalna.com\/index.php?rest_route=\/wp\/v2\/posts\/9144\/revisions\/9146"}],"wp:featuredmedia":[{"embeddable":true,"href":"https:\/\/gazetaregionalna.com\/index.php?rest_route=\/wp\/v2\/media\/9145"}],"wp:attachment":[{"href":"https:\/\/gazetaregionalna.com\/index.php?rest_route=%2Fwp%2Fv2%2Fmedia&parent=9144"}],"wp:term":[{"taxonomy":"category","embeddable":true,"href":"https:\/\/gazetaregionalna.com\/index.php?rest_route=%2Fwp%2Fv2%2Fcategories&post=9144"},{"taxonomy":"post_tag","embeddable":true,"href":"https:\/\/gazetaregionalna.com\/index.php?rest_route=%2Fwp%2Fv2%2Ftags&post=9144"}],"curies":[{"name":"wp","href":"https:\/\/api.w.org\/{rel}","templated":true}]}}